{"id":1003,"date":"2016-03-05T16:00:10","date_gmt":"2016-03-05T15:00:10","guid":{"rendered":"http:\/\/szigma.szigbp.hu\/?p=1003"},"modified":"2016-03-31T21:46:41","modified_gmt":"2016-03-31T19:46:41","slug":"evfordulok-03-05","status":"publish","type":"post","link":"http:\/\/szigma.szigbp.hu\/?p=1003","title":{"rendered":"\u00c9vfordul\u00f3k 03.05."},"content":{"rendered":"<p><em>Sziasztok!<\/em><br \/>\n<em>Sokszor elgondolkodunk, hogy vajon r\u00e9ges-r\u00e9gen, vagy ak\u00e1r csak a k\u00f6zelm\u00faltban mi t\u00f6rt\u00e9nhetett \u00e9ppen aznap, amit meg\u00e9l\u00fcnk. Ezek a bejegyz\u00e9sek, amelyek minden nap m\u00e1s tartalommal megjelennek majd, \u00a0igyekeznek v\u00e1laszt adni a k\u00e9rd\u00e9sekre.<\/em><\/p>\n<p><strong>M\u00e1rcius \u00f6t\u00f6dike<\/strong><br \/>\nMai n\u00e9vnapok: Adorj\u00e1n \u00e9s Adri\u00e1n<\/p>\n<ul>\n<li>1326<br \/>\nMegsz\u00fcletett I. (Nagy) Lajos magyar kir\u00e1ly, az els\u0151 eur\u00f3pai uralkod\u00f3, akinek serege nagy gy\u0151zelmet aratott a t\u00f6r\u00f6k\u00f6k felett.<\/li>\n<\/ul>\n<ul>\n<li>1907<br \/>\nEl\u0151sz\u00f6r k\u00f6zvet\u00edtettek zenem\u0171vet r\u00e1di\u00f3n.<\/li>\n<\/ul>\n<ul>\n<li>1918<img decoding=\"async\" loading=\"lazy\" class=\"alignnone size-medium wp-image-1005 alignright\" src=\"http:\/\/szigma.szigbp.hu\/wp-content\/uploads\/2016\/03\/moszkva-300x187.jpg\" alt=\"moszkva\" width=\"300\" height=\"187\" srcset=\"http:\/\/szigma.szigbp.hu\/wp-content\/uploads\/2016\/03\/moszkva-300x187.jpg 300w, http:\/\/szigma.szigbp.hu\/wp-content\/uploads\/2016\/03\/moszkva.jpg 530w\" sizes=\"(max-width: 300px) 100vw, 300px\" \/><br \/>\nSzovjetuni\u00f3 f\u0151v\u00e1rosa Petrogr\u00e1d helyett Moszkva lett.<\/li>\n<\/ul>\n<ul>\n<li>1953<br \/>\nMeghalt Szt\u00e1lin, aki 1927-t\u0151l korl\u00e1tlan hatalm\u00fa dikt\u00e1tork\u00e9nt uralkodott a Szovjet\u00fani\u00f3ban.<\/li>\n<\/ul>\n<ul>\n<li>1996<br \/>\nAz 1972-es hatputtonyos tokaji asz\u00fa elnyerte a vil\u00e1g legjobb feh\u00e9rbora c\u00edmet.<\/li>\n<\/ul>\n<p>&nbsp;<\/p>\n<p>Gy\u00f6ngy\u00f6si S\u00e1ra<\/p>\n","protected":false},"excerpt":{"rendered":"<div class=\"mh-excerpt\"><p>Sziasztok! Sokszor elgondolkodunk, hogy vajon r\u00e9ges-r\u00e9gen, vagy ak\u00e1r csak a k\u00f6zelm\u00faltban mi t\u00f6rt\u00e9nhetett \u00e9ppen aznap, amit meg\u00e9l\u00fcnk. Ezek a bejegyz\u00e9sek, amelyek minden nap m\u00e1s tartalommal <a class=\"mh-excerpt-more\" href=\"http:\/\/szigma.szigbp.hu\/?p=1003\" title=\"\u00c9vfordul\u00f3k 03.05.\">[&#8230;]<\/a><\/p>\n<\/div>","protected":false},"author":25,"featured_media":776,"comment_status":"closed","ping_status":"closed","sticky":false,"template":"","format":"standard","meta":[],"categories":[1],"tags":[16],"_links":{"self":[{"href":"http:\/\/szigma.szigbp.hu\/index.php?rest_route=\/wp\/v2\/posts\/1003"}],"collection":[{"href":"http:\/\/szigma.szigbp.hu\/index.php?rest_route=\/wp\/v2\/posts"}],"about":[{"href":"http:\/\/szigma.szigbp.hu\/index.php?rest_route=\/wp\/v2\/types\/post"}],"author":[{"embeddable":true,"href":"http:\/\/szigma.szigbp.hu\/index.php?rest_route=\/wp\/v2\/users\/25"}],"replies":[{"embeddable":true,"href":"http:\/\/szigma.szigbp.hu\/index.php?rest_route=%2Fwp%2Fv2%2Fcomments&post=1003"}],"version-history":[{"count":3,"href":"http:\/\/szigma.szigbp.hu\/index.php?rest_route=\/wp\/v2\/posts\/1003\/revisions"}],"predecessor-version":[{"id":1009,"href":"http:\/\/szigma.szigbp.hu\/index.php?rest_route=\/wp\/v2\/posts\/1003\/revisions\/1009"}],"wp:featuredmedia":[{"embeddable":true,"href":"http:\/\/szigma.szigbp.hu\/index.php?rest_route=\/wp\/v2\/media\/776"}],"wp:attachment":[{"href":"http:\/\/szigma.szigbp.hu\/index.php?rest_route=%2Fwp%2Fv2%2Fmedia&parent=1003"}],"wp:term":[{"taxonomy":"category","embeddable":true,"href":"http:\/\/szigma.szigbp.hu\/index.php?rest_route=%2Fwp%2Fv2%2Fcategories&post=1003"},{"taxonomy":"post_tag","embeddable":true,"href":"http:\/\/szigma.szigbp.hu\/index.php?rest_route=%2Fwp%2Fv2%2Ftags&post=1003"}],"curies":[{"name":"wp","href":"https:\/\/api.w.org\/{rel}","templated":true}]}}