{"id":1241,"date":"2016-03-29T05:00:49","date_gmt":"2016-03-29T03:00:49","guid":{"rendered":"http:\/\/szigma.szigbp.hu\/?p=1241"},"modified":"2016-03-31T21:46:17","modified_gmt":"2016-03-31T19:46:17","slug":"evfordulok-03-29","status":"publish","type":"post","link":"http:\/\/szigma.szigbp.hu\/?p=1241","title":{"rendered":"\u00c9vfordul\u00f3k 03.29."},"content":{"rendered":"<p><em>Sziasztok!<\/em><br \/>\n<em>Sokszor elgondolkodunk, hogy vajon r\u00e9ges-r\u00e9gen, vagy ak\u00e1r csak a k\u00f6zelm\u00faltban mi t\u00f6rt\u00e9nhetett \u00e9ppen aznap, amit meg\u00e9l\u00fcnk. Ezek a bejegyz\u00e9sek, amelyek minden nap m\u00e1s tartalommal megjelennek majd, \u00a0igyekeznek v\u00e1laszt adni a k\u00e9rd\u00e9sekre.<\/em><\/p>\n<p><strong>M\u00e1rcius huszonkilencedike<\/strong><br \/>\nMai n\u00e9vnapos: Auguszta<\/p>\n<ul>\n<li>1464<img decoding=\"async\" loading=\"lazy\" class=\"size-full wp-image-1239 alignright\" src=\"http:\/\/szigma.szigbp.hu\/wp-content\/uploads\/2016\/03\/hunyadi-m\u00e1ty\u00e1s.jpg\" alt=\"hunyadi m\u00e1ty\u00e1s\" width=\"217\" height=\"232\" \/><br \/>\nKir\u00e1lly\u00e1 koron\u00e1zt\u00e1k Sz\u00e9kesfeh\u00e9rv\u00e1rott az 1458. \u00f3ta uralkod\u00f3 Hunyadi M\u00e1ty\u00e1st.<\/li>\n<\/ul>\n<ul>\n<li>1885<br \/>\nMegsz\u00fcletett Kosztol\u00e1nyi Dezs\u0151 k\u00f6lt\u0151, \u00edr\u00f3.<\/li>\n<\/ul>\n<ul>\n<li>1903<br \/>\nMeghalt Dank\u00f3 Pista, cig\u00e1ny sz\u00e1rmaz\u00e1s\u00fa n\u00f3taszerz\u0151.<\/li>\n<\/ul>\n<ul>\n<li>1905<br \/>\nMegsz\u00fcletett Rejt\u0151 Jen\u0151, a &#8222;F\u00fclig Jimmy&#8221;\u00a0\u00e9s a &#8222;Vanek \u00far&#8221; megalkot\u00f3ja.<\/li>\n<\/ul>\n<ul>\n<li>1982<img decoding=\"async\" loading=\"lazy\" class=\"size-full wp-image-1240 alignright\" src=\"http:\/\/szigma.szigbp.hu\/wp-content\/uploads\/2016\/03\/kosztol\u00e1nyi.jpg\" alt=\"kosztol\u00e1nyi\" width=\"183\" height=\"250\" \/><br \/>\nM\u00fcnchenben meghalt Carl Orff zeneszerz\u0151.<br \/>\nIsmert m\u0171ve:<br \/>\n<a href=\"https:\/\/www.youtube.com\/watch?v=GD3VsesSBsw\">Carmina Burana<\/a><\/li>\n<\/ul>\n<p>Gy\u00f6ngy\u00f6si S\u00e1ra<\/p>\n","protected":false},"excerpt":{"rendered":"<div class=\"mh-excerpt\"><p>Sziasztok! Sokszor elgondolkodunk, hogy vajon r\u00e9ges-r\u00e9gen, vagy ak\u00e1r csak a k\u00f6zelm\u00faltban mi t\u00f6rt\u00e9nhetett \u00e9ppen aznap, amit meg\u00e9l\u00fcnk. Ezek a bejegyz\u00e9sek, amelyek minden nap m\u00e1s tartalommal <a class=\"mh-excerpt-more\" href=\"http:\/\/szigma.szigbp.hu\/?p=1241\" title=\"\u00c9vfordul\u00f3k 03.29.\">[&#8230;]<\/a><\/p>\n<\/div>","protected":false},"author":25,"featured_media":750,"comment_status":"closed","ping_status":"closed","sticky":false,"template":"","format":"standard","meta":[],"categories":[1],"tags":[16],"_links":{"self":[{"href":"http:\/\/szigma.szigbp.hu\/index.php?rest_route=\/wp\/v2\/posts\/1241"}],"collection":[{"href":"http:\/\/szigma.szigbp.hu\/index.php?rest_route=\/wp\/v2\/posts"}],"about":[{"href":"http:\/\/szigma.szigbp.hu\/index.php?rest_route=\/wp\/v2\/types\/post"}],"author":[{"embeddable":true,"href":"http:\/\/szigma.szigbp.hu\/index.php?rest_route=\/wp\/v2\/users\/25"}],"replies":[{"embeddable":true,"href":"http:\/\/szigma.szigbp.hu\/index.php?rest_route=%2Fwp%2Fv2%2Fcomments&post=1241"}],"version-history":[{"count":3,"href":"http:\/\/szigma.szigbp.hu\/index.php?rest_route=\/wp\/v2\/posts\/1241\/revisions"}],"predecessor-version":[{"id":1244,"href":"http:\/\/szigma.szigbp.hu\/index.php?rest_route=\/wp\/v2\/posts\/1241\/revisions\/1244"}],"wp:featuredmedia":[{"embeddable":true,"href":"http:\/\/szigma.szigbp.hu\/index.php?rest_route=\/wp\/v2\/media\/750"}],"wp:attachment":[{"href":"http:\/\/szigma.szigbp.hu\/index.php?rest_route=%2Fwp%2Fv2%2Fmedia&parent=1241"}],"wp:term":[{"taxonomy":"category","embeddable":true,"href":"http:\/\/szigma.szigbp.hu\/index.php?rest_route=%2Fwp%2Fv2%2Fcategories&post=1241"},{"taxonomy":"post_tag","embeddable":true,"href":"http:\/\/szigma.szigbp.hu\/index.php?rest_route=%2Fwp%2Fv2%2Ftags&post=1241"}],"curies":[{"name":"wp","href":"https:\/\/api.w.org\/{rel}","templated":true}]}}