{"id":1323,"date":"2016-04-04T05:00:08","date_gmt":"2016-04-04T03:00:08","guid":{"rendered":"http:\/\/szigma.szigbp.hu\/?p=1323"},"modified":"2016-04-03T20:47:26","modified_gmt":"2016-04-03T18:47:26","slug":"evfordulok-04-04","status":"publish","type":"post","link":"http:\/\/szigma.szigbp.hu\/?p=1323","title":{"rendered":"\u00c9vfordul\u00f3k 04.04."},"content":{"rendered":"<p><em>Sziasztok!<\/em><br \/>\n<em>Sokszor elgondolkodunk, hogy vajon r\u00e9ges-r\u00e9gen, vagy ak\u00e1r csak a k\u00f6zelm\u00faltban mi t\u00f6rt\u00e9nhetett \u00e9ppen aznap, amit meg\u00e9l\u00fcnk. Ezek a bejegyz\u00e9sek, amelyek minden nap m\u00e1s tartalommal megjelennek majd, \u00a0igyekeznek v\u00e1laszt adni a k\u00e9rd\u00e9sekre.<\/em><\/p>\n<p><strong>\u00c1prilis negyedike<img decoding=\"async\" loading=\"lazy\" class=\"size-medium wp-image-1324 alignright\" src=\"http:\/\/szigma.szigbp.hu\/wp-content\/uploads\/2016\/04\/juh\u00e1sz-gyula-209x300.jpg\" alt=\"juh\u00e1sz gyula\" width=\"209\" height=\"300\" srcset=\"http:\/\/szigma.szigbp.hu\/wp-content\/uploads\/2016\/04\/juh\u00e1sz-gyula-209x300.jpg 209w, http:\/\/szigma.szigbp.hu\/wp-content\/uploads\/2016\/04\/juh\u00e1sz-gyula.jpg 305w\" sizes=\"(max-width: 209px) 100vw, 209px\" \/><\/strong><br \/>\nMai n\u00e9vnap: Izidor<\/p>\n<ul>\n<li>1581<br \/>\nFrances Drake teljesen k\u00f6rbehaj\u00f3zta a F\u00f6ldet.<\/li>\n<\/ul>\n<ul>\n<li>1883<br \/>\nMegsz\u00fcletett Juh\u00e1sz Gyula k\u00f6lt\u0151.<\/li>\n<\/ul>\n<ul>\n<li>1929<br \/>\nMeghalt Karl Friedrich Benz n\u00e9met m\u00e9rn\u00f6k, a vil\u00e1g els\u0151 aut\u00f3j\u00e1nak megalkot\u00f3ja.<\/li>\n<\/ul>\n<ul>\n<li>1945<br \/>\nFelszabadult Magyarorsz\u00e1g a n\u00e1ci uralom al\u00f3l.<\/li>\n<\/ul>\n<ul>\n<li>1949<img decoding=\"async\" loading=\"lazy\" class=\"size-medium wp-image-1325 alignright\" src=\"http:\/\/szigma.szigbp.hu\/wp-content\/uploads\/2016\/04\/martin-luther-king-jr-300x300.jpg\" alt=\"martin luther king jr\" width=\"300\" height=\"300\" srcset=\"http:\/\/szigma.szigbp.hu\/wp-content\/uploads\/2016\/04\/martin-luther-king-jr-300x300.jpg 300w, http:\/\/szigma.szigbp.hu\/wp-content\/uploads\/2016\/04\/martin-luther-king-jr-150x150.jpg 150w, http:\/\/szigma.szigbp.hu\/wp-content\/uploads\/2016\/04\/martin-luther-king-jr-1024x1024.jpg 1024w, http:\/\/szigma.szigbp.hu\/wp-content\/uploads\/2016\/04\/martin-luther-king-jr.jpg 1200w\" sizes=\"(max-width: 300px) 100vw, 300px\" \/><br \/>\nAl\u00e1\u00edrt\u00e1k 1949-ben Washingtonban a NATO alapdokumentum\u00e1t.<\/li>\n<\/ul>\n<ul>\n<li>1968<br \/>\nMemphisben mer\u00e9nylet \u00e1ldozata lett Martin Luther King amerikai polg\u00e1rjogi harcos.<\/li>\n<\/ul>\n<p>Gy\u00f6ngy\u00f6si S\u00e1ra<\/p>\n<p>&nbsp;<\/p>\n","protected":false},"excerpt":{"rendered":"<div class=\"mh-excerpt\"><p>Sziasztok! Sokszor elgondolkodunk, hogy vajon r\u00e9ges-r\u00e9gen, vagy ak\u00e1r csak a k\u00f6zelm\u00faltban mi t\u00f6rt\u00e9nhetett \u00e9ppen aznap, amit meg\u00e9l\u00fcnk. Ezek a bejegyz\u00e9sek, amelyek minden nap m\u00e1s tartalommal <a class=\"mh-excerpt-more\" href=\"http:\/\/szigma.szigbp.hu\/?p=1323\" title=\"\u00c9vfordul\u00f3k 04.04.\">[&#8230;]<\/a><\/p>\n<\/div>","protected":false},"author":25,"featured_media":745,"comment_status":"closed","ping_status":"closed","sticky":false,"template":"","format":"standard","meta":[],"categories":[1],"tags":[],"_links":{"self":[{"href":"http:\/\/szigma.szigbp.hu\/index.php?rest_route=\/wp\/v2\/posts\/1323"}],"collection":[{"href":"http:\/\/szigma.szigbp.hu\/index.php?rest_route=\/wp\/v2\/posts"}],"about":[{"href":"http:\/\/szigma.szigbp.hu\/index.php?rest_route=\/wp\/v2\/types\/post"}],"author":[{"embeddable":true,"href":"http:\/\/szigma.szigbp.hu\/index.php?rest_route=\/wp\/v2\/users\/25"}],"replies":[{"embeddable":true,"href":"http:\/\/szigma.szigbp.hu\/index.php?rest_route=%2Fwp%2Fv2%2Fcomments&post=1323"}],"version-history":[{"count":6,"href":"http:\/\/szigma.szigbp.hu\/index.php?rest_route=\/wp\/v2\/posts\/1323\/revisions"}],"predecessor-version":[{"id":1331,"href":"http:\/\/szigma.szigbp.hu\/index.php?rest_route=\/wp\/v2\/posts\/1323\/revisions\/1331"}],"wp:featuredmedia":[{"embeddable":true,"href":"http:\/\/szigma.szigbp.hu\/index.php?rest_route=\/wp\/v2\/media\/745"}],"wp:attachment":[{"href":"http:\/\/szigma.szigbp.hu\/index.php?rest_route=%2Fwp%2Fv2%2Fmedia&parent=1323"}],"wp:term":[{"taxonomy":"category","embeddable":true,"href":"http:\/\/szigma.szigbp.hu\/index.php?rest_route=%2Fwp%2Fv2%2Fcategories&post=1323"},{"taxonomy":"post_tag","embeddable":true,"href":"http:\/\/szigma.szigbp.hu\/index.php?rest_route=%2Fwp%2Fv2%2Ftags&post=1323"}],"curies":[{"name":"wp","href":"https:\/\/api.w.org\/{rel}","templated":true}]}}