{"id":1350,"date":"2016-04-13T18:51:21","date_gmt":"2016-04-13T16:51:21","guid":{"rendered":"http:\/\/szigma.szigbp.hu\/?p=1350"},"modified":"2016-04-13T18:50:11","modified_gmt":"2016-04-13T16:50:11","slug":"interju-magyar-zsolt-tanar-urral-a-zrinyi-verseny-rendezeserol","status":"publish","type":"post","link":"http:\/\/szigma.szigbp.hu\/?p=1350","title":{"rendered":"Interj\u00fa Magyar Zsolt tan\u00e1r \u00farral a Zr\u00ednyi verseny rendez\u00e9s\u00e9r\u0151l"},"content":{"rendered":"<p><strong>Mi\u00f3ta tetszik szervezni a Zr\u00ednyi versenyt?<img decoding=\"async\" loading=\"lazy\" class=\"size-medium wp-image-1368 alignright\" src=\"http:\/\/szigma.szigbp.hu\/wp-content\/uploads\/2016\/04\/MaZso-218x300.png\" alt=\"MaZso\" width=\"218\" height=\"300\" srcset=\"http:\/\/szigma.szigbp.hu\/wp-content\/uploads\/2016\/04\/MaZso-218x300.png 218w, http:\/\/szigma.szigbp.hu\/wp-content\/uploads\/2016\/04\/MaZso.png 668w\" sizes=\"(max-width: 218px) 100vw, 218px\" \/><\/strong><\/p>\n<p>Ezt nem tudom pontosan, igaz\u00e1b\u00f3l nem is \u00e9n vagyok az egyed\u00fcli szervez\u0151 itt az iskol\u00e1ban, Juh\u00e1sz Istv\u00e1n tan\u00e1r \u00far a nagyf\u0151n\u00f6k ebben a k\u00e9rd\u00e9sben \u00e9s \u00e9n ink\u00e1bb csak beseg\u00edtek neki. Szerintem most m\u00e1r j\u00f3 p\u00e1r \u00e9ve, 3-4-5 \u00e9ve biztos helysz\u00edne vagyunk ennek a versenynek.<strong>\u00a0<\/strong><\/p>\n<p><strong>Milyen neh\u00e9zs\u00e9gekkel j\u00e1r egy ilyen verseny lebonyol\u00edt\u00e1sa?<\/strong><\/p>\n<p>H\u00e1t a legf\u0151bb neh\u00e9zs\u00e9g az, hogy nem csak a mi di\u00e1kjaink vannak itt, hanem m\u00e1s iskol\u00e1kb\u00f3l is j\u00f6nnek di\u00e1kok, \u00e9s a terembeoszt\u00e1st nem a mi termeinkhez k\u00e9sz\u00edtik el a verseny f\u0151szervez\u0151i. Teh\u00e1t van, amikor nek\u00fcnk \u00e1t kell osztanunk, egy \u00faj beoszt\u00e1st kell k\u00e9sz\u00edten\u00fcnk, \u00e9s itt figyelembe kell venn\u00fcnk azt, hogy ki milyen oszt\u00e1lyba, melyik \u00e9vfolyamba j\u00e1r, az azonos iskol\u00e1b\u00f3l l\u00e9v\u0151 gyerekek se \u00fcljenek egym\u00e1s mellett lehet\u0151s\u00e9g szerint \u2011 \u00fagyhogy ez egy kicsit megnehez\u00edti a dolgunkat. Illetve a tantermeknek a felszabad\u00edt\u00e1sa, mert a verseny ugyan 3-kor kezd\u0151dik, de azokat a termeket, amiket haszn\u00e1lnak d\u00e9lut\u00e1n vagy olyan id\u0151ben, ami \u00fctk\u00f6z\u00e9st okozna, azokat mind egyeztetn\u00fcnk kell a koll\u00e9g\u00e1kkal.<\/p>\n<p><strong>Ki \u00e1ll\u00edtja \u00f6ssze a feladatsorokat?<\/strong><\/p>\n<p>A feladatsort Kecskem\u00e9ten \u00e1ll\u00edtj\u00e1k \u00f6ssze a MATEGYE Alap\u00edtv\u00e1ny munkat\u00e1rsai. Van egy p\u00e1ly\u00e1zat, aminek keret\u00e9ben be lehet k\u00fcldeni feladatokat, feladatjavaslatokat, feladat\u00f6tleteket, \u00e9s akkor ezekb\u0151l illetve a saj\u00e1t maguk \u00f6tleteib\u0151l k\u00e9sz\u00edtenek feladatokat \u00e9s ebb\u0151l \u00e1ll\u00edtanak \u00f6ssze feladatsorokat.<strong>\u00a0<\/strong><\/p>\n<p><strong>Kik a felk\u00e9sz\u00edt\u0151tan\u00e1rok a mi iskol\u00e1nkban?<\/strong><\/p>\n<p>Gyakorlatilag ugye \u00fagy t\u00f6rt\u00e9nik a felk\u00e9sz\u00edt\u00e9s, hogy minden tan\u00e1r, aki tan\u00edtja az adott oszt\u00e1lyba j\u00e1r\u00f3 di\u00e1kokat, a verseny el\u0151tt szokott feladatokat bevinni gyakorl\u00e1sk\u00e9ppen, illetve szoktunk kiadni otthoni munk\u00e1ra is ilyen feladatokat, hogy a di\u00e1kok oldj\u00e1k meg \u00e9s tudjanak mib\u0151l felk\u00e9sz\u00fclni.<\/p>\n<p><strong>Ez a verseny lefedi a 2.-12. \u00e9vfolyamos koroszt\u00e1lyt. Ez k\u00f6r\u00fclbel\u00fcl h\u00e1ny versenyz\u0151t jelent orsz\u00e1gosan?<\/strong><\/p>\n<p>H\u00e1t a pontos sz\u00e1mot nem tudom, de biztos, hogy t\u00f6bb t\u00edzezer, teh\u00e1t szerintem olyan 60-70 ezer versenyz\u0151 k\u00f6r\u00fcl lehet. Nyilv\u00e1n az als\u00f3bb \u00e9vfolyamokon nagyobb a r\u00e9szv\u00e9tel, fels\u0151bb \u00e9vfolyamokon (11.-12. \u00e9vfolyamon) viszonylag kevesen versenyeznek m\u00e1r a t\u00f6bbiekhez k\u00e9pest, de term\u00e9szetesen az\u00e9rt ott is el\u00e9g sz\u00e9p a versenyz\u0151k sz\u00e1ma.<\/p>\n<p><strong>Az iskol\u00e1nkb\u00f3l h\u00e1nyan indultak id\u00e9n?<\/strong><\/p>\n<p>H\u00e1t, ha j\u00f3l tudom, akkor 200-250 di\u00e1k volt \u00f6sszesen, akit benevezt\u00fcnk 7-t\u0151l 12. \u00e9vfolyamig bez\u00e1r\u00f3lag.<\/p>\n<p><strong>Az elm\u00falt \u00e9vekben hogyan szerepeltek a di\u00e1kjaink?<\/strong><\/p>\n<p>\u00c1ltal\u00e1ban el\u00e9g j\u00f3l szerepel\u00fcnk, az orsz\u00e1gos d\u00f6nt\u0151be is el\u00e9g sokan be szoktak jutni, ha j\u00f3l tudom, akkor most a 7. \u00e9vfolyamr\u00f3l, 9. \u00e9vfolyamr\u00f3l, 10. \u00e9vfolyamr\u00f3l jutott az orsz\u00e1gos d\u00f6nt\u0151be di\u00e1kunk. Az orsz\u00e1gos d\u00f6nt\u0151be jut\u00e1s \u00fagy n\u00e9z ki, hogy a k\u00f6rzeteknek az els\u0151 helyezettje mindenk\u00e9ppen bejut &#8211; hogyha van egy megfelel\u0151 l\u00e9tsz\u00e1m term\u00e9szetesen -, \u00e9s ut\u00e1na pedig az orsz\u00e1gosan legjobb pontsz\u00e1mot el\u00e9rt versenyz\u0151k jutnak be rajtuk k\u00edv\u00fcl. Volt m\u00e1r olyan, hogy egy adott \u00e9vfolyamon a 4. \u00e9s 5. helyezett is bejutott, de id\u00e9n csak az els\u0151 helyezettek jutottak be az iskol\u00e1nkb\u00f3l.<\/p>\n<p>A r\u00e9sztvev\u0151k kapnak csokit!<\/p>\n<p>Az iskol\u00e1nk versenyz\u0151inek eredm\u00e9nyei:\u00a0<a title=\"https:\/\/www.facebook.com\/szigbp\/posts\/869152856527286\" href=\"https:\/\/www.facebook.com\/szigbp\/posts\/869152856527286\">https:\/\/www.facebook.com\/szigbp\/posts\/869152856527286<\/a><\/p>\n<p style=\"text-align: right;\">K\u00e9sz\u00edtette: Varga Lili<\/p>\n<p>&nbsp;<\/p>\n","protected":false},"excerpt":{"rendered":"<div class=\"mh-excerpt\"><p>Mi\u00f3ta tetszik szervezni a Zr\u00ednyi versenyt? Ezt nem tudom pontosan, igaz\u00e1b\u00f3l nem is \u00e9n vagyok az egyed\u00fcli szervez\u0151 itt az iskol\u00e1ban, Juh\u00e1sz Istv\u00e1n tan\u00e1r \u00far <a class=\"mh-excerpt-more\" href=\"http:\/\/szigma.szigbp.hu\/?p=1350\" title=\"Interj\u00fa Magyar Zsolt tan\u00e1r \u00farral a Zr\u00ednyi verseny rendez\u00e9s\u00e9r\u0151l\">[&#8230;]<\/a><\/p>\n<\/div>","protected":false},"author":31,"featured_media":1368,"comment_status":"closed","ping_status":"closed","sticky":false,"template":"","format":"standard","meta":[],"categories":[6],"tags":[16,48,49,42],"_links":{"self":[{"href":"http:\/\/szigma.szigbp.hu\/index.php?rest_route=\/wp\/v2\/posts\/1350"}],"collection":[{"href":"http:\/\/szigma.szigbp.hu\/index.php?rest_route=\/wp\/v2\/posts"}],"about":[{"href":"http:\/\/szigma.szigbp.hu\/index.php?rest_route=\/wp\/v2\/types\/post"}],"author":[{"embeddable":true,"href":"http:\/\/szigma.szigbp.hu\/index.php?rest_route=\/wp\/v2\/users\/31"}],"replies":[{"embeddable":true,"href":"http:\/\/szigma.szigbp.hu\/index.php?rest_route=%2Fwp%2Fv2%2Fcomments&post=1350"}],"version-history":[{"count":3,"href":"http:\/\/szigma.szigbp.hu\/index.php?rest_route=\/wp\/v2\/posts\/1350\/revisions"}],"predecessor-version":[{"id":1375,"href":"http:\/\/szigma.szigbp.hu\/index.php?rest_route=\/wp\/v2\/posts\/1350\/revisions\/1375"}],"wp:featuredmedia":[{"embeddable":true,"href":"http:\/\/szigma.szigbp.hu\/index.php?rest_route=\/wp\/v2\/media\/1368"}],"wp:attachment":[{"href":"http:\/\/szigma.szigbp.hu\/index.php?rest_route=%2Fwp%2Fv2%2Fmedia&parent=1350"}],"wp:term":[{"taxonomy":"category","embeddable":true,"href":"http:\/\/szigma.szigbp.hu\/index.php?rest_route=%2Fwp%2Fv2%2Fcategories&post=1350"},{"taxonomy":"post_tag","embeddable":true,"href":"http:\/\/szigma.szigbp.hu\/index.php?rest_route=%2Fwp%2Fv2%2Ftags&post=1350"}],"curies":[{"name":"wp","href":"https:\/\/api.w.org\/{rel}","templated":true}]}}