{"id":1777,"date":"2016-05-26T21:50:04","date_gmt":"2016-05-26T19:50:04","guid":{"rendered":"http:\/\/szigma.szigbp.hu\/?p=1777"},"modified":"2016-05-26T21:50:29","modified_gmt":"2016-05-26T19:50:29","slug":"lanyok-napja-2016","status":"publish","type":"post","link":"http:\/\/szigma.szigbp.hu\/?p=1777","title":{"rendered":"L\u00e1nyok Napja 2016."},"content":{"rendered":"<p>&nbsp;<\/p>\n<p><img decoding=\"async\" loading=\"lazy\" class=\" wp-image-1786 aligncenter\" src=\"http:\/\/szigma.szigbp.hu\/wp-content\/uploads\/2016\/05\/l\u00e1nyok-napja-5-300x70.gif\" alt=\"l\u00e1nyok napja 5\" width=\"484\" height=\"113\" \/><\/p>\n<p>A L\u00e1nyok Napja egy olyan kezdem\u00e9nyez\u00e9s melynek c\u00e9lja, hogy n\u00e9pszer\u0171s\u00edtse a nem felt\u00e9tlen\u00fcl \u201el\u00e1nyos\u201d szakm\u00e1knak tartott m\u0171szaki \u00e9s tudom\u00e1nyos p\u00e1ly\u00e1kat k\u00f6z\u00e9piskol\u00e1s l\u00e1nyok sz\u00e1m\u00e1ra. A program seg\u00edts\u00e9g\u00e9vel k\u00e9s\u0151bb tal\u00e1n k\u00f6nnyebben eld\u00f6ntheted, hogy \u00e9rdekelnek-e \u00a0bizonyos ter\u00fcletek &#8211; \u00a0pontosabban a m\u0171szaki, informatikai foglalkoz\u00e1sok.<\/p>\n<p>El\u0151sz\u00f6r az USA-ban volt ilyen program, majd tov\u00e1bb\u00a0i orsz\u00e1gok, k\u00f6zt\u00fck Magyarorsz\u00e1g k\u00f6vette a p\u00e9ld\u00e1t, id\u00e9n m\u00e1r t\u00f6bbedik alkalommal. A L\u00e1nyok Napj\u00e1t vil\u00e1gszerte ugyanazon a napon rendezik meg, n\u00e1lunk a N\u0151k a Tudom\u00e1ny\u00e9rt Egyes\u00fclet a f\u0151szervez\u0151je az esem\u00e9nynek.<img decoding=\"async\" loading=\"lazy\" class=\"size-full wp-image-1781 alignright\" src=\"http:\/\/szigma.szigbp.hu\/wp-content\/uploads\/2016\/05\/l\u00e1nyok-napja.png\" alt=\"l\u00e1nyok napja\" width=\"276\" height=\"183\" \/><\/p>\n<p>Mi is t\u00f6rt\u00e9nik ezen a napon? Sz\u00e1mos c\u00e9g k\u00f6z\u00fcl v\u00e1lasztva lehet el\u0151zetesen jelentkezni, hogy azt\u00e1n az adott napon \u2013 id\u00e9n \u00e1prilis 28-\u00e1n \u2013 megismerkedhess\u00fcnk \u00e9s betekinthess\u00fcnk a v\u00e1lasztott c\u00e9gben zajl\u00f3 mindennapi \u00a0munk\u00e1kba.<\/p>\n<p>Mi\u00e9rt is fontos ez? Mi\u00e9rt j\u00f3 ha egyre t\u00f6bb l\u00e1ny v\u00e1laszt ilyen p\u00e1ly\u00e1t? Szerintem az\u00e9rt, mert p\u00e9ld\u00e1ul a fi\u00fak\/f\u00e9rfiak \u00e9s a l\u00e1nyok\/n\u0151k is m\u00e1shogyan l\u00e1tj\u00e1k a dolgokat, \u00edgy egy probl\u00e9ma megold\u00e1s\u00e1ra t\u00f6bbf\u00e9le \u00f6tlet\u00a0\u00e9rkezik \u00e9s sz\u00e9lesebb lehet a c\u00e9g l\u00e1t\u00f3k\u00f6re, megegyez\u00e9sek ut\u00e1n hat\u00e9konyabb a munka.<\/p>\n<p>\u00dagy gondolom \u00e9s az hallom mindenfel\u0151l, hogy a vil\u00e1g is egyre ink\u00e1bb az informatikai, m\u0171szaki-technol\u00f3giai v\u00e1ltoz\u00e1sok fel\u00e9 halad, \u00e9s egyre t\u00f6bb ember kell majd az ilyen helyekre munkav\u00e1llal\u00f3nak \u2013 ha j\u00f3l \u00e9rtenek hozz\u00e1.<\/p>\n<p>Ugyan m\u00e9g csak hetedikes vagyok, m\u00e9gis jelentkeztem, mert nem lehet ezt el\u00e9g kor\u00e1n elkezdeni, m\u00e1rmint, az a v\u00e9lem\u00e9nyem, hogy min\u00e9l hamarabb \u00e9s min\u00e9l t\u00f6bbsz\u00f6r r\u00e9szt vehet\u00fcnk ilyen \u00e9s hasonl\u00f3 programokon, ann\u00e1l t\u00f6bbf\u00e9le \u201emunk\u00e1val\u201d ismerkedhet\u00fcnk meg, \u00e9s v\u00e1laszthatjuk majd a sz\u00e1munkra min\u00e9l megfelel\u0151bbet \u2013 vagy ejthetj\u00fck teljesen ezt az ir\u00e1nyt.<\/p>\n<p>\u00c9n a GE Digital-n\u00e9l voltam, mert szimpatikus volt a programjuk, valamint r\u00e9gen apuk\u00e1m is enn\u00e9l a nagy c\u00e9gn\u00e9l kezdett dolgozni. Ez az <img decoding=\"async\" loading=\"lazy\" class=\"size-full wp-image-1778 alignright\" src=\"http:\/\/szigma.szigbp.hu\/wp-content\/uploads\/2016\/05\/l\u00e1nyok-napja-2.jpg\" alt=\"l\u00e1nyok napja 2\" width=\"264\" height=\"191\" \/>amerikai c\u00e9g sokf\u00e9le dologgal foglalkozik, t\u00f6bbek k\u00f6z\u00f6tt: turbin\u00e1k, vil\u00e1g\u00edt\u00e1s, er\u0151m\u0171vek, vonatok, orvostudom\u00e1ny \u00e9s ezekhez kapcsol\u00f3d\u00f3 eszk\u00f6z\u00f6k min\u00e9l egyszer\u0171bb\u00e9, kezelhet\u0151bb\u00e9, hat\u00e9konyabb\u00e1 t\u00e9tel\u00e9vel. \u00a0Ezeknek a dolgoknak a fejleszt\u00e9s\u00e9t, az ezekhez sz\u00fcks\u00e9ges szoftverek is k\u00e9sz\u00edtenek. Konkr\u00e9tabban, most p\u00e9ld\u00e1ul orvosi r\u00f6ntgeng\u00e9peket fejlesztenek, hogy min\u00e9l r\u00e9szletesebben 3D-ben is meg tudj\u00e1k mutatni a k\u00e9pet. Arr\u00f3l a munk\u00e1jukr\u00f3l is mes\u00e9ltek nek\u00fcnk, hogy vonatokn\u00e1l, rep\u00fcl\u0151kn\u00e9l kb. napra pontosabban meg tudj\u00e1k majd mondani, hogy mikor fog elromlani (m\u00e9g Mo.-n nem).<\/p>\n<p>Az iroda l\u00e1togat\u00e1sok sor\u00e1n kider\u00fclt, hogy enn\u00e9l a v\u00e1llalatn\u00e1l nagyon is sokf\u00e9le \u201e\u00e1gon\u201d lehet dolgozni. Az egyes ter\u00fcletek vezet\u0151i \u00e9s n\u00e9h\u00e1ny munkav\u00e1llal\u00f3 elmes\u00e9lt\u00e9k nek\u00fcnk, pontosan mi is tartozik a feladatk\u00f6r\u00fckbe, mivel foglalkoznak. A sz\u00e9p, \u00faj, \u00a0modern \u00e9s k\u00f6rnyezettudatos \u00e9p\u00fclet \u00e9s irod\u00e1i nagyon tetszettek, ilyen k\u00f6rnyezetben j\u00f3 lehet reggelente bej\u00e1rni dolgozni, de azt is el\u00e1rult\u00e1k, hogy ha sz\u00fcks\u00e9ges, akkor p\u00e9ld\u00e1ul otthonr\u00f3l is lehet dolgozni. A k\u00f6z\u00f6ss\u00e9gi terekben az emberek, ha nagyon elf\u00e1radtak, csocs\u00f3val \u00e9s ping-pongoz\u00e1ssal friss\u00edthetik fel az agyukat.<img decoding=\"async\" loading=\"lazy\" class=\"size-full wp-image-1779 alignright\" src=\"http:\/\/szigma.szigbp.hu\/wp-content\/uploads\/2016\/05\/l\u00e1nyok-napja-3.jpg\" alt=\"l\u00e1nyok napja 3\" width=\"290\" height=\"174\" \/><\/p>\n<p>Az emelet k\u00f6rbes\u00e9t\u00e1l\u00e1sa ut\u00e1n h\u00e1rom \u201efrissen\u201d felvett l\u00e1nnyal \u2013 akik nemr\u00e9g v\u00e9gezt\u00e9k el az egyetemet \u2013 lehetett besz\u00e9lgetni, k\u00e9rdezni \u0151ket, majd p\u00e1r HR-es h\u00f6lggyel (akik felel\u0151sek t\u00f6bbek k\u00f6z\u00f6tt az\u00e9rt, hogy mindenki j\u00f3l \u00e9rezze mag\u00e1t a c\u00e9gn\u00e9l, valamint az\u00e9rt, hogy milyen t\u00edpus\u00fa embereket vegyenek fel a c\u00e9ghez) besz\u00e9lgett\u00fcnk csoportban a j\u00f3 \u00e9s rossz tulajdons\u00e1gainkr\u00f3l, \u00e9s hogy miben tartjuk j\u00f3nak magunkat.<\/p>\n<p>Z\u00e1r\u00f3 programk\u00e9nt video-konferenci\u00e1ztunk a t\u00f6bbi GE-s helysz\u00ednen l\u00e9v\u0151, programon r\u00e9szt vev\u0151 l\u00e1nnyal \u00e9s megbesz\u00e9lt\u00fck hol mit csin\u00e1ltak, mindek\u00f6zben ennek a kommunik\u00e1ci\u00f3s csatorn\u00e1nak haszn\u00e1lat\u00e1t is megismerhett\u00fck (legink\u00e1bb a Skype-hoz hasonl\u00f3)<\/p>\n<p>V\u00e9gezet\u00fcl kis aj\u00e1nd\u00e9kot kaptunk.<\/p>\n<p>Nagyszer\u0171, \u00e9rdekes munkahelyen t\u00f6lt\u00f6tt \u00a0nap volt.<\/p>\n<p style=\"text-align: right;\"><strong>G\u00e1bor Luca<\/strong><\/p>\n","protected":false},"excerpt":{"rendered":"<div class=\"mh-excerpt\"><p>&nbsp; A L\u00e1nyok Napja egy olyan kezdem\u00e9nyez\u00e9s melynek c\u00e9lja, hogy n\u00e9pszer\u0171s\u00edtse a nem felt\u00e9tlen\u00fcl \u201el\u00e1nyos\u201d szakm\u00e1knak tartott m\u0171szaki \u00e9s tudom\u00e1nyos p\u00e1ly\u00e1kat k\u00f6z\u00e9piskol\u00e1s l\u00e1nyok sz\u00e1m\u00e1ra. A <a class=\"mh-excerpt-more\" href=\"http:\/\/szigma.szigbp.hu\/?p=1777\" title=\"L\u00e1nyok Napja 2016.\">[&#8230;]<\/a><\/p>\n<\/div>","protected":false},"author":25,"featured_media":1786,"comment_status":"closed","ping_status":"closed","sticky":false,"template":"","format":"standard","meta":[],"categories":[8],"tags":[16],"_links":{"self":[{"href":"http:\/\/szigma.szigbp.hu\/index.php?rest_route=\/wp\/v2\/posts\/1777"}],"collection":[{"href":"http:\/\/szigma.szigbp.hu\/index.php?rest_route=\/wp\/v2\/posts"}],"about":[{"href":"http:\/\/szigma.szigbp.hu\/index.php?rest_route=\/wp\/v2\/types\/post"}],"author":[{"embeddable":true,"href":"http:\/\/szigma.szigbp.hu\/index.php?rest_route=\/wp\/v2\/users\/25"}],"replies":[{"embeddable":true,"href":"http:\/\/szigma.szigbp.hu\/index.php?rest_route=%2Fwp%2Fv2%2Fcomments&post=1777"}],"version-history":[{"count":8,"href":"http:\/\/szigma.szigbp.hu\/index.php?rest_route=\/wp\/v2\/posts\/1777\/revisions"}],"predecessor-version":[{"id":1790,"href":"http:\/\/szigma.szigbp.hu\/index.php?rest_route=\/wp\/v2\/posts\/1777\/revisions\/1790"}],"wp:featuredmedia":[{"embeddable":true,"href":"http:\/\/szigma.szigbp.hu\/index.php?rest_route=\/wp\/v2\/media\/1786"}],"wp:attachment":[{"href":"http:\/\/szigma.szigbp.hu\/index.php?rest_route=%2Fwp%2Fv2%2Fmedia&parent=1777"}],"wp:term":[{"taxonomy":"category","embeddable":true,"href":"http:\/\/szigma.szigbp.hu\/index.php?rest_route=%2Fwp%2Fv2%2Fcategories&post=1777"},{"taxonomy":"post_tag","embeddable":true,"href":"http:\/\/szigma.szigbp.hu\/index.php?rest_route=%2Fwp%2Fv2%2Ftags&post=1777"}],"curies":[{"name":"wp","href":"https:\/\/api.w.org\/{rel}","templated":true}]}}