{"id":1834,"date":"2016-05-31T20:25:40","date_gmt":"2016-05-31T18:25:40","guid":{"rendered":"http:\/\/szigma.szigbp.hu\/?p=1834"},"modified":"2016-05-31T20:25:40","modified_gmt":"2016-05-31T18:25:40","slug":"jegkorong-vilagbajnoksag-2016","status":"publish","type":"post","link":"http:\/\/szigma.szigbp.hu\/?p=1834","title":{"rendered":"J\u00e9gkorong Vil\u00e1gbajnoks\u00e1g 2016."},"content":{"rendered":"<h3 style=\"text-align: center;\"><strong>\u201eFeljutott a hoki csapat\u201d<\/strong><\/h3>\n<p><img decoding=\"async\" loading=\"lazy\" class=\"size-full wp-image-1840 alignright\" src=\"http:\/\/szigma.szigbp.hu\/wp-content\/uploads\/2016\/05\/vb.jpg\" alt=\"vb\" width=\"200\" height=\"200\" srcset=\"http:\/\/szigma.szigbp.hu\/wp-content\/uploads\/2016\/05\/vb.jpg 200w, http:\/\/szigma.szigbp.hu\/wp-content\/uploads\/2016\/05\/vb-150x150.jpg 150w\" sizes=\"(max-width: 200px) 100vw, 200px\" \/>Id\u00e9n is elkezd\u0151d\u00f6tt a J\u00e9gkorong-vb, mint minden m\u00e1sodik \u00e9vben, \u00e1m a mostani alkalom kimondottan k\u00fcl\u00f6nleges:\u00a0a 16 legjobb csapat neve k\u00f6z\u00f6tt ott \u00e1ll Magyarorsz\u00e1g\u00e9 is!<\/p>\n<p>Egy \u00e9ve, amikor Krakk\u00f3ban a bejut\u00e1s\u00e9rt j\u00e1tszottunk, szinte elk\u00e9pzelhetetlennek t\u0171nt, hogy id\u00e1ig eljuthatunk. Hiszen m\u00e9giscsak egy Vil\u00e1gbajnoks\u00e1g, \u00e9s a magyar csapatnak eddig m\u00e9g csak egyszer siker\u00fclt bejutnia, akkor a szappor\u00f3i csoda alkalm\u00e1val.<\/p>\n<h3 style=\"text-align: center;\"><strong>\u201eA szappor\u00f3i csoda\u201d<\/strong><\/h3>\n<p>Ez egy gy\u00f6ny\u00f6r\u0171 meccs volt, gy\u00f6ny\u00f6r\u0171 gy\u0151zelemmel, na de ne szaladjunk ennyire el\u0151re\u2026<br \/>\n2008-ban ker\u00fclt megrendez\u00e9sre, \u00e1prilis 13-\u00e1t\u00f3l 19-\u00e9ig. Nek\u00fcnk a legv\u00e9gs\u0151kig kellett, szurkolnunk, ugyanis az utols\u00f3 nap utols\u00f3 j\u00e1t\u00e9ka r\u00e1nk \u00e9s az ukr\u00e1nokra v\u00e1rt.<br \/>\nSzappor\u00f3val egy baj volt: a vil\u00e1g m\u00e1sik v\u00e9g\u00e9n helyezkedik el, Jap\u00e1nban. Oda pedig nagyon nehezen lehet k\u00f6vetni a csapatot \u2013 ak\u00e1rmennyire is szeretn\u00e9nk.<br \/>\nA meccseken alig volt magyar n\u00e9z\u0151, de szerencs\u00e9re n\u00e9h\u00e1ny lelkes szurkol\u00f3 az\u00e9rt kikeveredett valahogyan. Az itthon maradtak pedig l\u00e9lekben legal\u00e1bb annyira lelkesek voltak, mint az utaz\u00f3k.<br \/>\nA \u201eB\u201d csapatban voltunk, Ukrajna, Jap\u00e1n, Litv\u00e1nia, Horv\u00e1torsz\u00e1g \u00e9s \u00c9sztorsz\u00e1g t\u00e1rsas\u00e1g\u00e1ban.<br \/>\nAki \u2013ha nem is a helysz\u00ednr\u0151l- k\u00f6vette az esem\u00e9nyeket, a napok eltelt\u00e9vel egyre nagyobb l\u00e1zban \u00e9gett, hiszen l\u00e1thatta, hogy a csapatunk sorra hozza el a gy\u0151zelmeket, n\u00f6velve ezzel a tov\u00e1bbjut\u00e1s es\u00e9ly\u00e9t.<img decoding=\"async\" loading=\"lazy\" class=\"size-medium wp-image-1841 alignright\" src=\"http:\/\/szigma.szigbp.hu\/wp-content\/uploads\/2016\/05\/Bety\u00e1rok-300x200.jpg\" alt=\"Bety\u00e1rok\" width=\"300\" height=\"200\" srcset=\"http:\/\/szigma.szigbp.hu\/wp-content\/uploads\/2016\/05\/Bety\u00e1rok-300x200.jpg 300w, http:\/\/szigma.szigbp.hu\/wp-content\/uploads\/2016\/05\/Bety\u00e1rok.jpg 644w\" sizes=\"(max-width: 300px) 100vw, 300px\" \/><br \/>\nMinden orsz\u00e1gnak &#8211; akivel csak \u00e9rintkezt\u00fcnk- lyukasra szaggattuk a h\u00e1l\u00f3j\u00e1t. Litv\u00e1ni\u00e1t p\u00e9ld\u00e1ul 6-0-al sz\u00e1rnyaltuk \u00e1t.<br \/>\nDe a legizgalmasabb \u00e9s legfigyelemrem\u00e9lt\u00f3bb \u00fctk\u00f6zet az ukr\u00e1nokkal j\u00e1tszott meccs volt. Ezen m\u00falott minden, \u00e9let vagy hal\u00e1l, gy\u0151zelem vagy veres\u00e9g, kies\u00e9s vagy tov\u00e1bbjut\u00e1s. A fi\u00fakon nagy teher \u00fclt, csak\u00fagy mint a rajong\u00f3kon.<br \/>\nV\u00e9g\u00fcl elkezd\u0151d\u00f6tt az els\u0151 harmad, ami r\u00f6gt\u00f6n hozott is k\u00e9t g\u00f3lt\u2026 nek\u00fcnk! Old\u00f3dott a fesz\u00fclts\u00e9g, hatalmasra n\u0151tt a hangulat a csarnokban\u2026 na de nem az ukr\u00e1noknak.<br \/>\nA m\u00e1sodik h\u00fasz percben vesztett\u00fcnk az el\u0151ny\u00fcnkb\u0151l, de el nem hagytuk. Az ellenf\u00e9l egyenl\u00edtett, \u00e1m mi is betal\u00e1ltunk egyszer a kapuba.<br \/>\nAz utols\u00f3 harmadban pedig megpecs\u00e9telt\u00fck a gy\u0151zelm\u00fcnket m\u00e9g egy j\u00f3l ir\u00e1nyzott l\u00f6v\u00e9ssel.<br \/>\nItt egy r\u00f6vid vide\u00f3 a legutols\u00f3 g\u00f3lunkr\u00f3l, amelyet Vas M\u00e1rton l\u0151tt be: <a href=\"https:\/\/www.youtube.com\/watch?v=zGvRLbqoKA4\">https:\/\/www.youtube.com\/watch?v=zGvRLbqoKA4<\/a><br \/>\n\u00c9s ahogy a komment\u00e1r is mondja: nagyon nagy sz\u00f3 volt ez, ugyanis a magyar csapat t\u00f6rt\u00e9nelmet \u00edrt. Annak ellen\u00e9re is, hogy nem tartott sok\u00e1ig a l\u00e1togat\u00e1sunk az \u201eelit\u201d csoportban, r\u00f6gt\u00f6n kiest\u00fcnk.<\/p>\n<h3 style=\"text-align: center;\"><strong>\u201eA t\u00f6rt\u00e9nelem megism\u00e9tli \u00f6nmag\u00e1t\u201d<\/strong><\/h3>\n<p>2008 \u00f3ta \u00e9s a \u201eB\u201d csoportba val\u00f3 visszaes\u00e9s ut\u00e1n mindenki azon szurkolt, hogy a szappor\u00f3i csoda megism\u00e9tl\u0151dj\u00f6n.<img decoding=\"async\" loading=\"lazy\" class=\"size-medium wp-image-1848 alignright\" src=\"http:\/\/szigma.szigbp.hu\/wp-content\/uploads\/2016\/05\/m\u00e1jus-8.-meccs-\u00e9s-s\u00e9ta-29-300x168.jpg\" alt=\"m\u00e1jus  8. meccs \u00e9s s\u00e9ta (29)\" width=\"300\" height=\"168\" srcset=\"http:\/\/szigma.szigbp.hu\/wp-content\/uploads\/2016\/05\/m\u00e1jus-8.-meccs-\u00e9s-s\u00e9ta-29-300x168.jpg 300w, http:\/\/szigma.szigbp.hu\/wp-content\/uploads\/2016\/05\/m\u00e1jus-8.-meccs-\u00e9s-s\u00e9ta-29-1024x575.jpg 1024w\" sizes=\"(max-width: 300px) 100vw, 300px\" \/><br \/>\nEhhez h\u00e9t \u00e9vet kellett v\u00e1rni, de \u00fagy gondolom meg\u00e9rte.<\/p>\n<p>Tavaly ugyanis, a t\u00f6rt\u00e9nelem megism\u00e9telte \u00f6nmag\u00e1t: a magyar csapat f\u00f6l\u00fclkerekedett versenyt\u00e1rsain, \u00e9s feljutott a div\u00edzi\u00f3b\u00f3l.<br \/>\nA nagy esem\u00e9nyre Krakk\u00f3ban ker\u00fclt sor. A csoportt\u00e1rsaink k\u00f6z\u00f6tt voltak r\u00e9gi ismer\u0151s\u00f6k a szappor\u00f3i meccsekr\u0151l, de akadtak \u00fajak is, p\u00e9ld\u00e1ul Olaszorsz\u00e1g, Lengyelorsz\u00e1g \u00e9s Kazahszt\u00e1n.<br \/>\nA napok sor\u00e1n csup\u00e1n egyetlen veres\u00e9get kellett elszenvedn\u00fcnk: Kazahszt\u00e1nt\u00f3l \u00f6t c\u00e9lba \u00e9rkezett l\u00f6v\u00e9st kaptunk, m\u00edg mi egyet sem adtunk. \u00c1m ez sem \u00e1ll\u00edtott meg minket: m\u00e1sodikk\u00e9nt feljutottunk a Vil\u00e1gbajnoks\u00e1gra (a kazahok lettek az els\u0151k), ahol besorsoltak minket az \u201eA\u201d csoportba.<br \/>\nEzek ut\u00e1n m\u00e1r csak a 2016-os IIHF J\u00e9gkorong Vil\u00e1gbajnoks\u00e1got, \u00e9s annak eredm\u00e9nyeit kellett v\u00e1rni.<\/p>\n<p>Van itt n\u00e9h\u00e1ny ideill\u0151 vide\u00f3.<br \/>\nA \u201ekrakk\u00f3i csoda\u201d \u00f6sszefoglal\u00f3ja: <a href=\"https:\/\/www.youtube.com\/watch?v=lvuNTZ7HVWY\">https:\/\/www.youtube.com\/watch?v=lvuNTZ7HVWY<\/a><br \/>\n\u00c9rdekes megfigyelni, hogy az utols\u00f3 g\u00f3l hogyan j\u00f6tt \u00f6ssze: \u00fagy t\u0171nt, hosszabb\u00edtani kell, de az utols\u00f3 pillanatban, 5 m\u00e1sodperccel a s\u00edpsz\u00f3 el\u0151tt sz\u00e9pen-lassan becsordog\u00e1lt a korong a lengyel kapuba. Eszm\u00e9letlen!<\/p>\n<p>Ak\u00e1rcsak mi, a fi\u00fak is alig akart\u00e1k elhinni, amit v\u00e9ghezvittek. Legt\u00f6bbj\u00fck nagyon fiatal m\u00e9g, elk\u00e9peszt\u0151 dolog ez nekik- \u00e9s nek\u00fcnk is. Itt egy vide\u00f3 a reakci\u00f3kr\u00f3l: <a href=\"https:\/\/www.youtube.com\/watch?v=Awge_EAcc1I\">https:\/\/www.youtube.com\/watch?v=Awge_EAcc1I<\/a><\/p>\n<h3 style=\"text-align: center;\"><strong>\u201eSzlov\u00e1kia\u201d<\/strong><\/h3>\n<p>Ez volt az els\u0151 magyar meccs az idei J\u00e9gkorong VB-n.<br \/>\nMindenki bizakodva l\u00e9pett be a csarnokba, tal\u00e1n kicsit t\u00fal is.<img decoding=\"async\" loading=\"lazy\" class=\"size-medium wp-image-1842 alignright\" src=\"http:\/\/szigma.szigbp.hu\/wp-content\/uploads\/2016\/05\/m\u00e1jus-7.-2.-nap-meccs-3-m\u00e1solata-300x225.jpg\" alt=\"m\u00e1jus  7.  2. nap    meccs  (3) m\u00e1solata\" width=\"300\" height=\"225\" srcset=\"http:\/\/szigma.szigbp.hu\/wp-content\/uploads\/2016\/05\/m\u00e1jus-7.-2.-nap-meccs-3-m\u00e1solata-300x225.jpg 300w, http:\/\/szigma.szigbp.hu\/wp-content\/uploads\/2016\/05\/m\u00e1jus-7.-2.-nap-meccs-3-m\u00e1solata-1024x768.jpg 1024w, http:\/\/szigma.szigbp.hu\/wp-content\/uploads\/2016\/05\/m\u00e1jus-7.-2.-nap-meccs-3-m\u00e1solata-174x131.jpg 174w, http:\/\/szigma.szigbp.hu\/wp-content\/uploads\/2016\/05\/m\u00e1jus-7.-2.-nap-meccs-3-m\u00e1solata-70x53.jpg 70w, http:\/\/szigma.szigbp.hu\/wp-content\/uploads\/2016\/05\/m\u00e1jus-7.-2.-nap-meccs-3-m\u00e1solata.jpg 1280w\" sizes=\"(max-width: 300px) 100vw, 300px\" \/><br \/>\nA meccs v\u00e9g\u00fcl nem siker\u00fclt olyan j\u00f3l, s\u0151t, kimondottan lehangol\u00f3 volt hallani, hogy t\u00f6bb, mint n\u00e9gy g\u00f3llal kaptunk ki. De a t\u00e1bor nem engedte, hogy szomorkodjunk: amint v\u00e9get \u00e9rt a Szlov\u00e1k himnusz, mi is el\u00e9nekelt\u00fck a mi\u00e9nket. \u00c9rezni lehetett, hogy ez itt nem szok\u00e1s, mert mik\u00f6zben mi \u00e9nekelt\u00fcnk, a szlov\u00e1kok sz\u00far\u00f3s szemmel lestek r\u00e1nk, a munk\u00e1sok m\u00e1r nekil\u00e1ttak leh\u00fazni a jeget, a bemond\u00f3 pedig folyamatosan besz\u00e9lt. (Vicces volt a himnuszt rekedt, hoki szurkol\u00f3k sz\u00e1j\u00e1b\u00f3l hallani.)<br \/>\nMint azt k\u00e9s\u0151bb megtudtuk, a meccs ut\u00e1n szavaz\u00e1st tartottak, hogy enged\u00e9lyezik-e ezt a szok\u00e1sunkat. Egyetlen ellenszavazat \u00e9rkezett csak, nyilv\u00e1nval\u00f3an azokt\u00f3l, akikkel el\u0151sz\u00f6r j\u00e1tszottuk el.<br \/>\nEzek ut\u00e1n sem hagytuk abba veres\u00e9g\u00fcnk \u00fcnnepl\u00e9s\u00e9t, az eg\u00e9sz ar\u00e9na t\u0151l\u00fcnk zengett. Ez olyannyira felt\u0171n\u0151 volt, hogy egy orosz oda is j\u00f6tt hozz\u00e1nk. \u00cdgy sz\u00f3lt a p\u00e1rbesz\u00e9d\u00fcnk:<br \/>\n&#8211; Eln\u00e9z\u00e9st, de ki gy\u0151z\u00f6tt?<br \/>\n&#8211; A szlov\u00e1kok.<br \/>\n&#8211; De h\u00e1t\u2026 akkor mi\u00e9rt \u00fcnnepelnek a magyarok?!<\/p>\n<h3 style=\"text-align: center;\"><strong>\u201eKanada\u201d<\/strong><\/h3>\n<p>Mind a magyar j\u00e1t\u00e9kosoknak, \u00e9s mind a szurkol\u00f3knak ez a meccs volt a r\u00e9m\u00e1lma. Hiszen Kanada az egyik legjobb hoki csapat, sebesek, mint a vill\u00e1m, pontosan passzolnak, szinte k\u00f6vetni sem lehet \u0151ket.<br \/>\nAhogyan azt v\u00e1rtuk is, les\u00f6p\u00f6rtek minket a p\u00e1ly\u00e1r\u00f3l, \u00e1m egy dolgot meg kell eml\u00edtenem: hihetetlen volt, hogy l\u0151tt\u00fcnk egy g\u00f3lt.<br \/>\nA szurkol\u00e1sunk persze egy cs\u00f6ppet sem gyeng\u00fclt, a magyarok tork\u00e1t\u00f3l zengett a csarnok.<\/p>\n<h3 style=\"text-align: center;\"><strong>\u201eFinnorsz\u00e1g\u201d<\/strong><\/h3>\n<p>Ezen a meccsen hatalmas verseny volt a k\u00e9t szurkol\u00f3t\u00e1bor k\u00f6z\u00f6tt- legal\u00e1bbis els\u0151 r\u00e1n\u00e9z\u00e9sre. A finnek nagyon j\u00f3 fejeknek bizonyultak, rengeteg vicces jelmezt hoztak magukkal, \u00e9s a VB v\u00e9ge fel\u00e9 nagyon j\u00f3ba lett\u00fcnk. K\u00e9rdezgett\u00e9k is t\u0151l\u00fcnk, hogy hol voltunk eddig.\u00a0<img decoding=\"async\" loading=\"lazy\" class=\"size-medium wp-image-1846 alignright\" src=\"http:\/\/szigma.szigbp.hu\/wp-content\/uploads\/2016\/05\/m\u00e1jus-8.-meccs-\u00e9s-s\u00e9ta-24-168x300.jpg\" alt=\"m\u00e1jus  8. meccs \u00e9s s\u00e9ta (24)\" width=\"168\" height=\"300\" srcset=\"http:\/\/szigma.szigbp.hu\/wp-content\/uploads\/2016\/05\/m\u00e1jus-8.-meccs-\u00e9s-s\u00e9ta-24-168x300.jpg 168w, http:\/\/szigma.szigbp.hu\/wp-content\/uploads\/2016\/05\/m\u00e1jus-8.-meccs-\u00e9s-s\u00e9ta-24-575x1024.jpg 575w, http:\/\/szigma.szigbp.hu\/wp-content\/uploads\/2016\/05\/m\u00e1jus-8.-meccs-\u00e9s-s\u00e9ta-24.jpg 1456w\" sizes=\"(max-width: 168px) 100vw, 168px\" \/><\/p>\n<p style=\"text-align: left;\">A meccsen azonban kider\u00fclt, hogy nincs is olyan nagy hangjuk, sim\u00e1n \u00e1tvett\u00fck az ir\u00e1ny\u00edt\u00e1st.<br \/>\nEz a meccs volt majdhogynem a legizgalmasabb\/ leg\u00f6r\u00f6mtelibb. Kapusnak Vay \u00c1d\u00e1mot \u00e1ll\u00edtott\u00e1k be, most el\u0151sz\u00f6r. Nagyon j\u00f3 d\u00f6nt\u00e9s volt. Hatalmasakat v\u00e9dett, \u0151 volt a meccs h\u0151se.<br \/>\nEz persze mindenkinek felt\u0171nt, \u00e9s rengeteg cikk megjelent a fiatal kapusr\u00f3l:<br \/>\n<a href=\"http:\/\/24.hu\/sport\/2016\/05\/11\/hoki-vb-minden-tiszteletet-megerdemel-a-magyar-csapat\/\">http:\/\/24.hu\/sport\/2016\/05\/11\/hoki-vb-minden-tiszteletet-megerdemel-a-magyar-csapat\/<\/a><br \/>\nS\u0151t, a h\u00edre messzebbre elsz\u00e1llt, mint hitt\u00fck volna: a hoki VB ut\u00e1n ugyanis egy NHL-es csapat, a Minnesota Wild leszerz\u0151dtette:<br \/>\n<a href=\"http:\/\/www.nemzetisport.hu\/amerikai_sportok\/jegkorong-szenzacio-vay-adamot-nhl-csapat-szerzodtette-2502017\">http:\/\/www.nemzetisport.hu\/amerikai_sportok\/jegkorong-szenzacio-vay-adamot-nhl-csapat-szerzodtette-2502017<\/a><br \/>\nEzek ut\u00e1n senkit sem \u00e9rdekelt, hogy a meccset ism\u00e9t elvesztett\u00fck.<\/p>\n<h3 style=\"text-align: center;\"><strong>\u201eFranciaorsz\u00e1g\u201d<\/strong><\/h3>\n<p>Ezen a meccsen hatalmas volt a fesz\u00fclts\u00e9g, ugyanis a franci\u00e1k abba a kateg\u00f3ri\u00e1ba tartoztak, akiket megverhett\u00fck volna. \u00c9s sajnos, ez nem t\u00f6rt\u00e9nt meg. Nincs mit sz\u00e9p\u00edteni rajta: az eddig remek\u00fcl j\u00e1tsz\u00f3 magyar csapat leengedett, vagy \u00f6sszet\u00f6rt a nagy nyom\u00e1s alatt &#8211; nem tudni melyik-, \u00e9s sz\u00f6rnyen gyeng\u00e9n j\u00e1tszott.<img decoding=\"async\" loading=\"lazy\" class=\"size-medium wp-image-1847 alignright\" src=\"http:\/\/szigma.szigbp.hu\/wp-content\/uploads\/2016\/05\/m\u00e1jus-8.-meccs-\u00e9s-s\u00e9ta-25-300x168.jpg\" alt=\"m\u00e1jus  8. meccs \u00e9s s\u00e9ta (25)\" width=\"300\" height=\"168\" srcset=\"http:\/\/szigma.szigbp.hu\/wp-content\/uploads\/2016\/05\/m\u00e1jus-8.-meccs-\u00e9s-s\u00e9ta-25-300x168.jpg 300w, http:\/\/szigma.szigbp.hu\/wp-content\/uploads\/2016\/05\/m\u00e1jus-8.-meccs-\u00e9s-s\u00e9ta-25-1024x575.jpg 1024w\" sizes=\"(max-width: 300px) 100vw, 300px\" \/><br \/>\nAz egyik legf\u00e1jdalmasabb helyzetet emeln\u00e9m ki: egyszer k\u00e9tszeres emberel\u0151nyben voltunk, \u00e9s majdhogynem v\u00e9dekez\u00e9sre k\u00e9nyszer\u00fclt\u00fcnk.<br \/>\nA szurkol\u00f3t\u00e1bor ennek ellen\u00e9re hangosan tombolt, \u00e9s b\u00edztatta a csapatot. Olyannyira, hogy a szurkol\u00e1st a csarnokb\u00f3l is kihoztuk: a szentp\u00e9terv\u00e1ri metr\u00f3 t\u0151l\u00fcnk zengett.<\/p>\n<h3 style=\"text-align: center;\"><strong>\u00a0\u201eFeh\u00e9roroszorsz\u00e1g\u201d<\/strong><\/h3>\n<p>Ez volt a nagy gy\u0151zelem, ami rem\u00e9nyt adott a csapatnak, \u00e9s es\u00e9lyt a bennmarad\u00e1snak. 5-2-re vert\u00fck meg a Feh\u00e9roroszokat, \u00e9s meg\u00e9rdemelt\u00fck. Eddigi meccseinket f\u00f6l\u00fclsz\u00e1rnyalva j\u00e1tszottunk, egyszer \u00fagy ker\u00fclt be a korong a feh\u00e9roroszok\u00a0kapuj\u00e1ba, hogy mi voltunk emberh\u00e1tr\u00e1nyban.<\/p>\n<h3 style=\"text-align: center;\"><strong>\u00a0\u201eN\u00e9metorsz\u00e1g\u201d<\/strong><\/h3>\n<p>Ism\u00e9t egy veres\u00e9g k\u00f6vetkezett, most a n\u00e9metekt\u0151l kaptunk ki, de nagyon j\u00f3k voltunk. Kicsin m\u00falott a gy\u0151zelm\u00fck, s\u0151t, merem \u00e1ll\u00edtani, hogy egyre er\u0151sebbek\/ tapasztaltabbak lettek a fiaink.<\/p>\n<h3 style=\"text-align: center;\"><strong>\u201eUSA\u201d<\/strong><\/h3>\n<p>Mivel 5-1-re vesztett\u00fcnk, alig maradt valami rem\u00e9ny\u00fcnk a tov\u00e1bbjut\u00e1sra. Ketten versenyezt\u00fcnk a bennmarad\u00e1s\u00e9rt: mi \u00e9s a Feh\u00e9roroszok, \u00e9s mi sz\u00edvb\u0151l rem\u00e9lt\u00fck, hogy ut\u00f3bbiak esnek ki.<\/p>\n<h3 style=\"text-align: center;\"><strong>\u00c9szrev\u00e9telek a VB- vel kapcsolatosan:<\/strong><\/h3>\n<p>A b\u00edr\u00e1k nagyon szigor\u00faak voltak. Ez mondjuk el is v\u00e1rt, hiszen akkor j\u00f3 a j\u00e1t\u00e9k, ha szab\u00e1lyos, de a meccsek eltelt\u00e9vel nagyon \u00fagy t\u0171nt, hogy a b\u00edr\u00f3k ellen\u00fcnk f\u00fajnak. Sok ki\u00e1ll\u00edt\u00e1sunk volt, legt\u00f6bbj\u00fck jogos is, de az, ami maradt, nevets\u00e9gesen sok \u00e9s indokolatlan volt.<br \/>\nA g\u00f3ljaink fel\u00e9t emberh\u00e1tr\u00e1nyban kaptuk, ami az\u00e9rt nem sz\u00e1m\u00edt teljesnek, \u00e9s \u00edgy tal\u00e1n m\u00e9g szebb a kies\u00e9s\u00fcnk. J A baj csak az, hogy a t\u00e1bl\u00e1zatok csup\u00e1n a v\u00e9geredm\u00e9nyt mutatj\u00e1k.<\/p>\n<h3 style=\"text-align: center;\"><strong>&#8222;Hungarians, you are crazy people&#8221;<\/strong><\/h3>\n<p>Nem csak a csapat (Vay \u00c1d\u00e1mmal az \u00e9len) szerzett h\u00edrnevet. A meccsek ut\u00e1n ugyanis az eg\u00e9sz Internet a magyar szurkol\u00f3kt\u00f3l zengett.<br \/>\n\u201eHossz\u00fa utat tettek meg id\u00e1ig. Budapestr\u0151l rep\u00fcltek ide \u2013 a legt\u00f6bben Pr\u00e1g\u00e1n vagy Vars\u00f3n kereszt\u00fcl \u2013 t\u00f6bb sz\u00e1z doll\u00e1ros rep\u00fcl\u0151jegyek\u00e9rt.\u201d<br \/>\nMondja Kevin Pratt, a TSN kanadai sportport\u00e1l munkat\u00e1rsa.<img decoding=\"async\" loading=\"lazy\" class=\"size-medium wp-image-1844 alignright\" src=\"http:\/\/szigma.szigbp.hu\/wp-content\/uploads\/2016\/05\/m\u00e1jus-8.-3.-nap-meccs-\u00e9s-s\u00e9ta-64-300x225.jpg\" alt=\"m\u00e1jus  8. 3. nap meccs \u00e9s s\u00e9ta (64)\" width=\"300\" height=\"225\" srcset=\"http:\/\/szigma.szigbp.hu\/wp-content\/uploads\/2016\/05\/m\u00e1jus-8.-3.-nap-meccs-\u00e9s-s\u00e9ta-64-300x225.jpg 300w, http:\/\/szigma.szigbp.hu\/wp-content\/uploads\/2016\/05\/m\u00e1jus-8.-3.-nap-meccs-\u00e9s-s\u00e9ta-64-1024x768.jpg 1024w, http:\/\/szigma.szigbp.hu\/wp-content\/uploads\/2016\/05\/m\u00e1jus-8.-3.-nap-meccs-\u00e9s-s\u00e9ta-64-174x131.jpg 174w, http:\/\/szigma.szigbp.hu\/wp-content\/uploads\/2016\/05\/m\u00e1jus-8.-3.-nap-meccs-\u00e9s-s\u00e9ta-64-70x53.jpg 70w\" sizes=\"(max-width: 300px) 100vw, 300px\" \/><br \/>\n\u201eK\u00f6r\u00fclbel\u00fcl ezer csod\u00e1latos magyar szurkol\u00f3 van itt, akik az\u00e9rt j\u00f6ttek, hogy szenved\u00e9llyel biztass\u00e1k a fiaikat \u2013 egy olyan csapatot, amely el\u0151re j\u00f3solhat\u00f3an t\u00f6k utols\u00f3k\u00e9nt v\u00e9gez itt, Oroszorsz\u00e1gban. K\u00e9t szektorban foglalnak helyet a p\u00e1lya bal sz\u00e9l\u00e9n \u2013 b\u00e1r a \u00bb helyet foglalnak \u00ab nem \u00e9pp a legmegfelel\u0151bb kifejez\u00e9s. Nem \u00fclnek. Soha. M\u00e9g a bemeleg\u00edt\u00e9s alatt sem. A meccs alatt sem. A kereskedelmi sz\u00fcnetek alatt sem. Ehelyett \u00e1llnak \u00e9s dobolnak. Ugr\u00e1lnak, ugr\u00e1lnak \u00e9s m\u00e9g t\u00f6bbet ugr\u00e1lnak. K\u00e1nt\u00e1lnak \u00e9s \u00e9nekelnek.<br \/>\nNem sz\u00e1m\u00edt, hogy nyer vagy vesz\u00edt a csapat. Ha \u00fagy \u00e9rzik, hogy a magyarok m\u00e1r annak is \u00f6r\u00fclnek, hogy itt lehetnek, igazuk van. V\u00e9g\u00fcl is, a lehet\u0151s\u00e9g nem minden \u00e9vben adatik meg.\u201d<\/p>\n<p>De nem csak a kanadaiak v\u00e9lekednek \u00edgy. Itt egy m\u00e1sik cikk, amit az Orig\u00f3 tett k\u00f6zz\u00e9:<\/p>\n<p>\u201eA magyarok szeretik tudni, m\u00e1sok mit gondolnak r\u00f3luk. \u00dagy t\u0171nik, a magyar j\u00e9gkorong-v\u00e1logatott \u00e9s az \u0151ket mindenhova elk\u00eds\u00e9r\u0151 szurkol\u00f3t\u00e1bor j\u00f3 h\u00edr\u00fcnket vitte szerte a vil\u00e1gban.<br \/>\n&#8222;Hungarians, you are crazy people&#8221; \u2013 harsogta a mikrofonba a hokiv\u00e9b\u00e9 szentp\u00e9terv\u00e1ri szurkol\u00f3i z\u00f3n\u00e1j\u00e1nak hangulatfelel\u0151se a magyar csapat franci\u00e1k elleni meccse el\u0151tt.<\/p>\n<h4>Van v\u00f6r\u00f6shagyma<\/h4>\n<p>Miel\u0151tt a szp\u00edker \u0151r\u00fcltnek nevezte honfit\u00e1rsainkat, a k\u00f6vetkez\u0151 jelenet j\u00e1tsz\u00f3dott le a csarnokban: egy mezbe \u00f6lt\u00f6z\u00f6tt 50 k\u00f6r\u00fcli\u00a0magyar drukker Kopp\u00e1ny modor\u00e1ban a t\u00f6bbiekhez fordult (Magyarok! F\u00e9rfiak \u00e9s asszonyok!), leguggoltatta \u0151ket, \u00e9s elkezdte \u00e9nekelni az \u00c9rik a sz\u0151l\u0151 kezdet\u0171 n\u00e9pdalt. Amikor ahhoz sorhoz \u00e9rt, hogy &#8222;van v\u00f6r\u00f6shagyma a tariszny\u00e1ban&#8221;, mindenki talpra sz\u00f6kkent, \u00e9s ugr\u00e1lva folytatta tov\u00e1bb az \u00e9nekl\u00e9st.<\/p>\n<p>Mindez csak azoknak volt \u00faj, akik nem j\u00e1rnak a magyar v\u00e1logatott meccseire, hiszen az \u00c9rik a sz\u0151l\u0151t j\u00f3 ideje hallani. A krakk\u00f3i feljut\u00e1s ut\u00e1n h\u00e1rom napig zakatolt a fejemben, annyiszor hallottam.<\/p>\n<h4>R\u00e1nk csod\u00e1lkoztak<img decoding=\"async\" loading=\"lazy\" class=\"size-medium wp-image-1850 alignright\" src=\"http:\/\/szigma.szigbp.hu\/wp-content\/uploads\/2016\/05\/Szuper-szurkol\u00f3k-300x200.jpg\" alt=\"Szuper szurkol\u00f3k\" width=\"300\" height=\"200\" srcset=\"http:\/\/szigma.szigbp.hu\/wp-content\/uploads\/2016\/05\/Szuper-szurkol\u00f3k-300x200.jpg 300w, http:\/\/szigma.szigbp.hu\/wp-content\/uploads\/2016\/05\/Szuper-szurkol\u00f3k.jpg 644w\" sizes=\"(max-width: 300px) 100vw, 300px\" \/><\/h4>\n<p>Lehet, hogy a magyar csapat v\u00e9g\u00fcl kiesik az A csoportb\u00f3l, de van egy j\u00f3 kis csapatunk, amely \u00e9lvezetes meccseket tud v\u00edvni olyan hatalmakkal, mint Kanada \u00e9s Finnorsz\u00e1g, \u00e9s mell\u00e9 egy olyan t\u00e1borunk, hogy t\u00e9nyleg csod\u00e1j\u00e1ra j\u00e1r a vil\u00e1g. Kanad\u00e1t\u00f3l kezdve a sv\u00e9deken \u00e1t sokan r\u00e1csod\u00e1lkoztak arra, hogy ennek a kis orsz\u00e1gnak a szurkol\u00f3i akkor is ugyanolyan intenzit\u00e1ssal biztatj\u00e1k a fi\u00fakat, ha veszt\u00e9sre \u00e1llnak, a v\u00e9g\u00e9n pedig k\u00f6z\u00f6sen el\u00e9neklik a himnuszt.<br \/>\nDe mi\u00e9rt olyan felt\u0171n\u0151 ez?<br \/>\nM\u00edg a k\u00fclf\u00f6ldi bajnoks\u00e1gokban er\u0151s a szurkol\u00e1s kult\u00far\u00e1ja \u2013\u00a0elk\u00e9peszt\u0151 hangulatot tudnak teremteni, mondjuk, a n\u00e9met vagy a sv\u00e1jci klubok drukkerei \u2013, addig v\u00e1logatott szinten t\u00f6bbnyire sz\u00ednh\u00e1z van a lel\u00e1t\u00f3n. Van persze Rosszija, Rosszija kiab\u00e1l\u00e1s, meg Suomi, Suomi, \u00e9s n\u00e9mi ugr\u00e1l\u00e1s a g\u00f3lokn\u00e1l, de az elej\u00e9t\u0151l a v\u00e9g\u00e9ig csak a magyar drukkerek \u00e9nekelnek.<br \/>\nVan itt minden, Dolly Rollt\u00f3l a magyar klubcsapatok saj\u00e1t dalaiig, \u00edgy ker\u00fclt be a reperto\u00e1rba az \u00c9rik a sz\u0151l\u0151, amit eredetileg a di\u00f3sgy\u0151ri focicsapat szurkol\u00f3i \u00e9nekeltek a csapatuknak. A feh\u00e9rv\u00e1riak is hozt\u00e1k magukkal a Mindenki balra, mindenki jobbra, mindenki el\u0151re c\u00edm\u0171 dalukat. Az \u00fajs\u00e1g\u00edr\u00f3k legsz\u00edvesebben letenn\u00e9k a laptopot\u00a0az \u00f6l\u00fckb\u0151l, \u00e9s besz\u00e1lln\u00e1nak az &#8222;Aki ugr\u00e1l, b\u00fcszke magyar&#8221; rigmusba.\u201d<\/p>\n<h3 style=\"text-align: center;\"><strong>\u00a0\u201eEgy igazi rajong\u00f3\u201d<\/strong><\/h3>\n<p>\u00c9s van itt m\u00e9g valami, ami igazolja a magyar szurkol\u00f3k fergeteges hangulatteremt\u00e9s\u00e9t:<img decoding=\"async\" loading=\"lazy\" class=\"size-medium wp-image-1849 alignright\" src=\"http:\/\/szigma.szigbp.hu\/wp-content\/uploads\/2016\/05\/m\u00e1jus-11.-meccs-6-300x225.jpg\" alt=\"m\u00e1jus  11. meccs  (6)\" width=\"300\" height=\"225\" srcset=\"http:\/\/szigma.szigbp.hu\/wp-content\/uploads\/2016\/05\/m\u00e1jus-11.-meccs-6-300x225.jpg 300w, http:\/\/szigma.szigbp.hu\/wp-content\/uploads\/2016\/05\/m\u00e1jus-11.-meccs-6-1024x768.jpg 1024w, http:\/\/szigma.szigbp.hu\/wp-content\/uploads\/2016\/05\/m\u00e1jus-11.-meccs-6-174x131.jpg 174w, http:\/\/szigma.szigbp.hu\/wp-content\/uploads\/2016\/05\/m\u00e1jus-11.-meccs-6-70x53.jpg 70w\" sizes=\"(max-width: 300px) 100vw, 300px\" \/><\/p>\n<p>\u201eEgy orosz f\u00e9rfi nem kevesebb, mint 6000 kilom\u00e9tert utazott a Jap\u00e1nhoz k\u00f6zeli Szahalin sziget\u00e9r\u0151l, hogy tal\u00e1lkozzon kedvenc magyarjaival. M\u00e1r azzal felt\u0171n\u00e9st keltett, hogy az els\u0151 meccs el\u0151tt megjelent egy Szeretem Magyarorsz\u00e1g felirat\u00fa z\u00e1szl\u00f3val, majd egy m\u00e1sik nap egy Edda-bakelittel, \u00e9s minden magyarral al\u00e1\u00edratta. Kider\u00fclt, hogy az LGT-\u00e9rt is rajong, az egyik magyar szurkol\u00f3t\u00f3l kapott is egy LGT-s p\u00f3l\u00f3t. A g\u00f3l sz\u00f3t \u00e9s a Ria-Ria-Hung\u00e1ri\u00e1t m\u00e1r tudta, de annyira \u00e9hezik a tud\u00e1sra, hogy a finnek ellen fonetikusan le\u00edratta a magyar dalok sz\u00f6vegeit, hogy \u0151 is tudja \u00e9nekelni a t\u00e1borral. &#8222;Ami\u00f3ta a magyarokkal szurkolok, t\u00edz \u00e9vet fiatalodtam&#8221; \u2013 mondta mosolyogva.\u201d<\/p>\n<p>Ha valaki igazi hoki rajong\u00f3, k\u00e9t dolgot tudok neki aj\u00e1nlani:<\/p>\n<ol>\n<li>a Nemzeti Sport internetes oldala. Nagyon j\u00f3 cikkek jelennek meg (eszm\u00e9letlen mennyis\u00e9gben), \u00e9s mind az aktu\u00e1lis esem\u00e9nyekr\u0151l sz\u00f3lnak.<\/li>\n<li>a magyar hoki csapat indul\u00f3j\u00e1t, a \u201eGyer\u00fcnk gyerekek\u201d n\u00e9vre hallgat\u00f3 zenesz\u00e1mot<\/li>\n<\/ol>\n<p>Nagy \u00e9lm\u00e9ny elmenni egy ilyen meccsre, mindenkinek tudom aj\u00e1nlani, m\u00e1r csak a hangulat \u00e9s a k\u00f6z\u00f6ss\u00e9g miatt is, ugyanis mindenki \u00fagy viselkedik, mintha ezer \u00e9ve ismerne t\u00e9ged. (nem csak egy nemzeten bel\u00fcl)<\/p>\n<p>\u00c9s a v\u00e9gsz\u00f3: Hajr\u00e1 magyarok!<\/p>\n<p style=\"text-align: right;\"><strong>Gy\u00f6ngy\u00f6si S\u00e1ra<\/strong><\/p>\n","protected":false},"excerpt":{"rendered":"<div class=\"mh-excerpt\"><p>\u201eFeljutott a hoki csapat\u201d Id\u00e9n is elkezd\u0151d\u00f6tt a J\u00e9gkorong-vb, mint minden m\u00e1sodik \u00e9vben, \u00e1m a mostani alkalom kimondottan k\u00fcl\u00f6nleges:\u00a0a 16 legjobb csapat neve k\u00f6z\u00f6tt ott <a class=\"mh-excerpt-more\" href=\"http:\/\/szigma.szigbp.hu\/?p=1834\" title=\"J\u00e9gkorong Vil\u00e1gbajnoks\u00e1g 2016.\">[&#8230;]<\/a><\/p>\n<\/div>","protected":false},"author":25,"featured_media":1870,"comment_status":"closed","ping_status":"closed","sticky":false,"template":"","format":"standard","meta":[],"categories":[8,34],"tags":[16],"_links":{"self":[{"href":"http:\/\/szigma.szigbp.hu\/index.php?rest_route=\/wp\/v2\/posts\/1834"}],"collection":[{"href":"http:\/\/szigma.szigbp.hu\/index.php?rest_route=\/wp\/v2\/posts"}],"about":[{"href":"http:\/\/szigma.szigbp.hu\/index.php?rest_route=\/wp\/v2\/types\/post"}],"author":[{"embeddable":true,"href":"http:\/\/szigma.szigbp.hu\/index.php?rest_route=\/wp\/v2\/users\/25"}],"replies":[{"embeddable":true,"href":"http:\/\/szigma.szigbp.hu\/index.php?rest_route=%2Fwp%2Fv2%2Fcomments&post=1834"}],"version-history":[{"count":15,"href":"http:\/\/szigma.szigbp.hu\/index.php?rest_route=\/wp\/v2\/posts\/1834\/revisions"}],"predecessor-version":[{"id":1869,"href":"http:\/\/szigma.szigbp.hu\/index.php?rest_route=\/wp\/v2\/posts\/1834\/revisions\/1869"}],"wp:featuredmedia":[{"embeddable":true,"href":"http:\/\/szigma.szigbp.hu\/index.php?rest_route=\/wp\/v2\/media\/1870"}],"wp:attachment":[{"href":"http:\/\/szigma.szigbp.hu\/index.php?rest_route=%2Fwp%2Fv2%2Fmedia&parent=1834"}],"wp:term":[{"taxonomy":"category","embeddable":true,"href":"http:\/\/szigma.szigbp.hu\/index.php?rest_route=%2Fwp%2Fv2%2Fcategories&post=1834"},{"taxonomy":"post_tag","embeddable":true,"href":"http:\/\/szigma.szigbp.hu\/index.php?rest_route=%2Fwp%2Fv2%2Ftags&post=1834"}],"curies":[{"name":"wp","href":"https:\/\/api.w.org\/{rel}","templated":true}]}}