{"id":1884,"date":"2016-06-03T14:29:21","date_gmt":"2016-06-03T12:29:21","guid":{"rendered":"http:\/\/szigma.szigbp.hu\/?p=1884"},"modified":"2016-06-03T14:46:35","modified_gmt":"2016-06-03T12:46:35","slug":"2017-evi-nyari-europai-ifjusagi-olimpiai-fesztival","status":"publish","type":"post","link":"http:\/\/szigma.szigbp.hu\/?p=1884","title":{"rendered":"2017. \u00e9vi ny\u00e1ri eur\u00f3pai ifj\u00fas\u00e1gi olimpiai fesztiv\u00e1l"},"content":{"rendered":"<h3><strong>2017. \u00e9vi ny\u00e1ri eur\u00f3pai ifj\u00fas\u00e1gi olimpiai fesztiv\u00e1l \u00a0<\/strong><\/h3>\n<p>Az eur\u00f3pai ifj\u00fas\u00e1gi fesztiv\u00e1l a 3. legjelent\u0151sebb olimpia, melyet\u00a02017.\u00a0j\u00falius 22.\u00a0\u00e9s\u00a0j\u00falius 29. k\u00f6z\u00f6tt fognak megrendezni\u00a0Gy\u0151rben. 2015-ben a gr\u00faz Tbiliszben, melyen a magyar csapat az \u00e9remt\u00e1bl\u00e1zat negyedik hely\u00e9n v\u00e9gzett, illetve a versenyen k\u00e9t Istv\u00e1nos\u00a0<em>kosaras<\/em>\u00a0di\u00e1kunk is r\u00e9szt vett. <strong>Lelik R\u00e9ka<\/strong>\u00a011.b \u00e9s\u00a0<strong>Boros Dorka <\/strong>10.b, Magyarorsz\u00e1got k\u00e9pviselve az U16-os v\u00e1logatott tagjaik\u00e9nt, kiv\u00e1l\u00f3an teljes\u00edtve BRONZ\u00c9RMET szereztek.<\/p>\n<p>Az olimpi\u00e1n 10 k\u00fcl\u00f6nb\u00f6z\u0151 sport\u00e1gban fognak megk\u00fczdeni 50 orsz\u00e1g sportol\u00f3i.<\/p>\n<p>A sport\u00e1gak az al\u00e1bbiak lesznek: atl\u00e9tika, cselg\u00e1ncs, kajak-kenu, tenisz, \u00fasz\u00e1s, torna, r\u00f6plabda, k\u00e9zilabda, kos\u00e1rlabda, \u00e9s ker\u00e9kp\u00e1roz\u00e1s.<img decoding=\"async\" loading=\"lazy\" class=\"size-medium wp-image-1888 aligncenter\" src=\"http:\/\/szigma.szigbp.hu\/wp-content\/uploads\/2016\/06\/lel\u0151hely1-300x134.png\" alt=\"lel\u0151hely1\" width=\"300\" height=\"134\" srcset=\"http:\/\/szigma.szigbp.hu\/wp-content\/uploads\/2016\/06\/lel\u0151hely1-300x134.png 300w, http:\/\/szigma.szigbp.hu\/wp-content\/uploads\/2016\/06\/lel\u0151hely1-1024x458.png 1024w, http:\/\/szigma.szigbp.hu\/wp-content\/uploads\/2016\/06\/lel\u0151hely1.png 1232w\" sizes=\"(max-width: 300px) 100vw, 300px\" \/><\/p>\n<p>A Gy\u0151ri ETO stadionj\u00e1t, az ETO parkot az ETO NB III-ba jut\u00e1sa \u00f3ta nem volt mire haszn\u00e1lni. Ennek az olimpi\u00e1nak viszont ez lesz a k\u00f6zponti stadionja. a 2010-ben \u00e1tadott sportkomplexum fel\u00faj\u00edt\u00e1sra nem szorul. A nyit\u00f3 \u00e9s z\u00e1r\u00f3\u00fcnneps\u00e9gek sz\u00ednhelye lesz. Maga a stadion jelenleg 16.000 n\u00e9z\u0151 befogad\u00e1s\u00e1ra alkalmas, mely fejleszt\u00e9sekkel 30.000 f\u00e9r\u0151helyesre b\u0151v\u00edthet\u0151.<\/p>\n<p>A Radn\u00f3ti utcai sporttelep tervezett \u00e9p\u00edt\u00e9se 2016 v\u00e9g\u00e9ig v\u00e9gbemegy. A sporttelep r\u00e9sz\u00e9t k\u00e9pez\u0151 uszoda m\u00e1r k\u00e9sz van, de a stadion az \u00fasz\u00f3, atl\u00e9tikai, torna, tenisz \u00e9s cselg\u00e1ncs versenysz\u00e1mainak helysz\u00edne is lesz.<\/p>\n<p><img decoding=\"async\" loading=\"lazy\" class=\"alignnone size-full wp-image-1885\" src=\"http:\/\/szigma.szigbp.hu\/wp-content\/uploads\/2016\/06\/2.jpg\" alt=\"2\" width=\"259\" height=\"194\" srcset=\"http:\/\/szigma.szigbp.hu\/wp-content\/uploads\/2016\/06\/2.jpg 259w, http:\/\/szigma.szigbp.hu\/wp-content\/uploads\/2016\/06\/2-174x131.jpg 174w, http:\/\/szigma.szigbp.hu\/wp-content\/uploads\/2016\/06\/2-70x53.jpg 70w\" sizes=\"(max-width: 259px) 100vw, 259px\" \/><img decoding=\"async\" loading=\"lazy\" class=\"alignnone size-medium wp-image-1886\" src=\"http:\/\/szigma.szigbp.hu\/wp-content\/uploads\/2016\/06\/3-300x139.jpg\" alt=\"3\" width=\"300\" height=\"139\" srcset=\"http:\/\/szigma.szigbp.hu\/wp-content\/uploads\/2016\/06\/3-300x139.jpg 300w, http:\/\/szigma.szigbp.hu\/wp-content\/uploads\/2016\/06\/3.jpg 329w\" sizes=\"(max-width: 300px) 100vw, 300px\" \/><\/p>\n<p>(2015. okt\u00f3beri k\u00e9p) D\u00f3zsa p\u00e1lya, k\u00e9s\u0151bbi Radn\u00f3ti utcai Sporttelep. A munk\u00e1latok \u00e9ppen folynak, \u00e9s m\u00e1r elkezdett \u00e9p\u00fclni a lel\u00e1t\u00f3.<\/p>\n<p><a href=\"http:\/\/szigma.szigbp.hu\/wp-content\/uploads\/2016\/06\/4.jpg\"><img decoding=\"async\" loading=\"lazy\" class=\"alignnone size-medium wp-image-1887\" src=\"http:\/\/szigma.szigbp.hu\/wp-content\/uploads\/2016\/06\/4.jpg\" alt=\"4\" width=\"294\" height=\"171\" \/><\/a><\/p>\n<p style=\"text-align: right;\"><strong>Tardi Marcell<\/strong><\/p>\n","protected":false},"excerpt":{"rendered":"<div class=\"mh-excerpt\"><p>2017. \u00e9vi ny\u00e1ri eur\u00f3pai ifj\u00fas\u00e1gi olimpiai fesztiv\u00e1l \u00a0 Az eur\u00f3pai ifj\u00fas\u00e1gi fesztiv\u00e1l a 3. legjelent\u0151sebb olimpia, melyet\u00a02017.\u00a0j\u00falius 22.\u00a0\u00e9s\u00a0j\u00falius 29. k\u00f6z\u00f6tt fognak megrendezni\u00a0Gy\u0151rben. 2015-ben a gr\u00faz <a class=\"mh-excerpt-more\" href=\"http:\/\/szigma.szigbp.hu\/?p=1884\" title=\"2017. \u00e9vi ny\u00e1ri eur\u00f3pai ifj\u00fas\u00e1gi olimpiai fesztiv\u00e1l\">[&#8230;]<\/a><\/p>\n<\/div>","protected":false},"author":25,"featured_media":1885,"comment_status":"closed","ping_status":"closed","sticky":false,"template":"","format":"standard","meta":[],"categories":[3,34],"tags":[16],"_links":{"self":[{"href":"http:\/\/szigma.szigbp.hu\/index.php?rest_route=\/wp\/v2\/posts\/1884"}],"collection":[{"href":"http:\/\/szigma.szigbp.hu\/index.php?rest_route=\/wp\/v2\/posts"}],"about":[{"href":"http:\/\/szigma.szigbp.hu\/index.php?rest_route=\/wp\/v2\/types\/post"}],"author":[{"embeddable":true,"href":"http:\/\/szigma.szigbp.hu\/index.php?rest_route=\/wp\/v2\/users\/25"}],"replies":[{"embeddable":true,"href":"http:\/\/szigma.szigbp.hu\/index.php?rest_route=%2Fwp%2Fv2%2Fcomments&post=1884"}],"version-history":[{"count":1,"href":"http:\/\/szigma.szigbp.hu\/index.php?rest_route=\/wp\/v2\/posts\/1884\/revisions"}],"predecessor-version":[{"id":1889,"href":"http:\/\/szigma.szigbp.hu\/index.php?rest_route=\/wp\/v2\/posts\/1884\/revisions\/1889"}],"wp:featuredmedia":[{"embeddable":true,"href":"http:\/\/szigma.szigbp.hu\/index.php?rest_route=\/wp\/v2\/media\/1885"}],"wp:attachment":[{"href":"http:\/\/szigma.szigbp.hu\/index.php?rest_route=%2Fwp%2Fv2%2Fmedia&parent=1884"}],"wp:term":[{"taxonomy":"category","embeddable":true,"href":"http:\/\/szigma.szigbp.hu\/index.php?rest_route=%2Fwp%2Fv2%2Fcategories&post=1884"},{"taxonomy":"post_tag","embeddable":true,"href":"http:\/\/szigma.szigbp.hu\/index.php?rest_route=%2Fwp%2Fv2%2Ftags&post=1884"}],"curies":[{"name":"wp","href":"https:\/\/api.w.org\/{rel}","templated":true}]}}