{"id":193,"date":"2014-04-05T06:31:48","date_gmt":"2014-04-05T05:31:48","guid":{"rendered":"http:\/\/szig.gimilap.hu\/?p=175"},"modified":"2016-03-31T21:48:20","modified_gmt":"2016-03-31T19:48:20","slug":"ujra-the-teach-boys-2","status":"publish","type":"post","link":"http:\/\/szigma.szigbp.hu\/?p=193","title":{"rendered":"\u00dajra The Teach Boys"},"content":{"rendered":"<p><a href=\"http:\/\/szig.gimilap.hu\/wp-content\/uploads\/sites\/2\/2014\/04\/Budapesti_Szent_Istv\u00e1n_Gimnazium_The_Teach_Boys_Tanari_zenekar.jpg\"><img decoding=\"async\" loading=\"lazy\" src=\"http:\/\/szig.gimilap.hu\/wp-content\/uploads\/sites\/2\/2014\/04\/Budapesti_Szent_Istv\u00e1n_Gimnazium_The_Teach_Boys_Tanari_zenekar-300x225.jpg\" alt=\"Budapesti_Szent_Istv\u00e1n_Gimnazium_The_Teach_Boys_Tanari_zenekar\" width=\"300\" height=\"225\" class=\"alignnone size-medium wp-image-173\" srcset=\"http:\/\/szigma.szigbp.hu\/wp-content\/uploads\/2014\/04\/Budapesti_Szent_Istv\u00e1n_Gimnazium_The_Teach_Boys_Tanari_zenekar-300x225.jpg 300w, http:\/\/szigma.szigbp.hu\/wp-content\/uploads\/2014\/04\/Budapesti_Szent_Istv\u00e1n_Gimnazium_The_Teach_Boys_Tanari_zenekar-174x131.jpg 174w, http:\/\/szigma.szigbp.hu\/wp-content\/uploads\/2014\/04\/Budapesti_Szent_Istv\u00e1n_Gimnazium_The_Teach_Boys_Tanari_zenekar-70x53.jpg 70w, http:\/\/szigma.szigbp.hu\/wp-content\/uploads\/2014\/04\/Budapesti_Szent_Istv\u00e1n_Gimnazium_The_Teach_Boys_Tanari_zenekar.jpg 960w\" sizes=\"(max-width: 300px) 100vw, 300px\" \/><\/a><\/p>\n<p><strong>\u00dajra The Teach Boys-koncert<\/strong><br \/>\nK\u00e9t \u00e9ve alap\u00edtotta meg az iskola n\u00e9h\u00e1ny tan\u00e1ra a Teach Boys egy\u00fcttest. Az\u00f3ta hallhattuk m\u00e1r \u0151ket nyit\u00f3 bulikon, Istv\u00e1n-napon, szalagavat\u00f3n. Rajong\u00f3ik sz\u00e1ma n\u0151tt\u00f6n n\u0151tt, \u00e9s a sok iskolai koncert ut\u00e1n lassan m\u00e1r meg\u00e9rett az id\u0151 egy \u201ek\u00fcls\u0151s\u201d fell\u00e9p\u00e9sre. Ez az alkalom j\u00f6tt el febru\u00e1r 12-\u00e9n, szerd\u00e1n, a BackStage Pub-ban.<br \/>\n\u0150szint\u00e9n sz\u00f3lva, t\u00e9nyleg lelkesen v\u00e1rtam a febru\u00e1r 12-ei koncertet, s nemcsak a k\u00e9t b\u00e1jos h\u00f6lgy miatt, akikkel a koncertre \u00e9rkeztem (nem, B\u00e1lint, most nem r\u00f3lad van sz\u00f3), hanem mert nekem a TTB zen\u00e9je komolyan tetszik. Nem estek bele sok m\u00e1s frissen indul\u00f3 egy\u00fcttes hib\u00e1j\u00e1ba, akik elvesznek a rengeteg zenei st\u00edlus adta lehet\u0151s\u00e9gek b\u0151s\u00e9g\u00e9ben, hanem m\u00e1r a kezdetekt\u0151l fogva t\u00f6rekedtek az egyedi hang kialak\u00edt\u00e1s\u00e1ra, s ezt siker\u00fclt is megtal\u00e1lniuk a nemzetk\u00f6zi \u00e9s magyar alternat\u00edv sz\u00e1mokban. Ezt a st\u00edlust k\u00f6vetik a saj\u00e1t alkot\u00e1saik is, melyeket a koncerten is hirdetett, nemr\u00e9giben megjelent Vas\u00e1rnapi iskola c\u00edm\u0171 kislemez\u00fck\u00f6n adtak ki. Ez egy nagyon sz\u00e9p csomagol\u00e1sban, az egy\u00fcttes tagjait\u00f3l megv\u00e1s\u00e1rolhat\u00f3, vagy a facebook oldalukr\u00f3l ingyenesen le is t\u00f6lthet\u0151. Intelligens, m\u0171v\u00e9szi dalsz\u00f6vegek, kit\u0171n\u0151 megzen\u00e9s\u00edt\u00e9s jellemzi a Rezerv\u00e1tum, a Sz\u00f6kev\u00e9ny, \u00e9s a Kacsints r\u00e1m c\u00edm\u0171 dalokat, s v\u00e9lem\u00e9nyem szerint az M1-en fut\u00f3 A Dal c\u00edm\u0171 m\u0171sorban elhangz\u00f3 sz\u00e1mos szerzem\u00e9nnyel k\u00f6nnyed\u00e9n f\u00f6lvenn\u00e9k a versenyt1. De t\u00e9rj\u00fck is vissza a koncerthez. A liget mellett, a fasoron tal\u00e1lhat\u00f3 pub egy hangulatos, legink\u00e1bb romkocsm\u00e1hoz hasonl\u00edt\u00f3 pinc\u00e9ben volt berendezve, de az elmaradhatatlan italk\u00edn\u00e1lat mellett egy viszonylag t\u00e1gas k\u00f6zponti helyen fel\u00e1ll\u00edtott sz\u00ednpad v\u00e1rta megfelel\u0151 hangos\u00edt\u00e1ssal, f\u00e9nyekkel a fell\u00e9p\u0151ket. M\u00e9g kivet\u00edt\u0151 is volt, hogy az asztalokn\u00e1l \u00fccs\u00f6rg\u0151 k\u00f6z\u00f6ns\u00e9g is figyelemmel k\u00eds\u00e9rhesse a sz\u00ednpadon t\u00f6rt\u00e9nteket. Egysz\u00f3val minden adva volt egy remek est\u00e9hez, m\u00e1r csak a zenekar hi\u00e1nyzott. De azt\u00e1n meg\u00e9rkeztek \u0151k is a szok\u00e1sos fel\u00e1ll\u00e1sban: B\u00f3ka G\u00e1bor, (billenty\u0171k) Hermesz Zolt\u00e1n (caj\u00f3n, sz\u00e1jharmonika, ritmushangszerek),Tuba L\u00e1szl\u00f3 (basszusgit\u00e1r), Lehr-Ball\u00f3 M\u00e1t\u00e9 (mandolin, ritmushangszerek), Szecs\u0151di Tam\u00e1s Le\u00f3 (elektromos git\u00e1r, \u00e9nek) s Kov\u00e1cs P\u00e9ter (akusztikus git\u00e1r, \u00e9nek).<br \/>\nMondanom sem kell, nem okoztak csal\u00f3d\u00e1st. Saj\u00e1t sz\u00e1maik mellett \u2013hiszen m\u00e9giscsak kislemez-bemutat\u00f3koncertr\u0151l l\u00e9v\u00e9n sz\u00f3- olyan m\u00e1r klasszikusnak mondhat\u00f3 Teach Boys-os dalok is felcsend\u00fcltek, mint a Hell\u00f3-bell\u00f3, I\u2019m yours, Most m\u00falik pontosan, vagy az Umbrella. R\u00f6videsen, ha nem is vad t\u00e1ncra, de hangos \u00e9nekl\u00e9sre, \u00e9s l\u00e1bbal val\u00f3 \u00fctemdobog\u00e1sra k\u00e9sztettek mindenkit, egy\u00e9rtelm\u0171en magukkal ragadt\u00e1k az eg\u00e9sz hallgat\u00f3s\u00e1gukat. De mi okozza n\u00e9pszer\u0171s\u00e9g\u00fcket, mi\u00e9rt k\u00edv\u00e1ncsiak annyian a Teach Boys-ra? Nos, ha csak az alapkoncepci\u00f3t n\u00e9zz\u00fck, vagyis hogy matek, magyar, biosz, s egy\u00e9b t\u00e9maz\u00e1r\u00f3k meg\u00edrat\u00e1s\u00e1nak f\u0151 felel\u0151sei t\u0171nnek fel egy szokatlan szerepben, azaz zen\u00e9lnek, az m\u00e1r \u00f6nmag\u00e1ban elegend\u0151 lenne a sikerhez. De ha ehhez m\u00e9g hozz\u00e1vessz\u00fck a kellemes, l\u00e1gyan megsz\u00f3lal\u00f3 sl\u00e1gereket, melyek n\u00e9hol m\u00e9g az eredetin\u00e9l is jobbak, vagy, ha net\u00e1n hib\u00e1znak, azt is aranyosan teszik, r\u00f6gt\u00f6n meg\u00e9rthetj\u00fck n\u00f6vekv\u0151 n\u00e9pszer\u0171s\u00e9g\u00fcket. Ennek is k\u00f6sz\u00f6nhet\u0151, hogy legal\u00e1bb sz\u00e1z ember volt jelen aznap este a Teach Boys- \u00e9s az ut\u00e1nuk fell\u00e9p\u0151, istv\u00e1nos \u00f6regdi\u00e1kokb\u00f3l \u00e1ll\u00f3 Blue Barrel Company-koncerten. S b\u00e1r a k\u00f6z\u00f6ns\u00e9g soraiban fellelhet\u0151 sz\u00e1mos tan\u00e1r miatt kiss\u00e9 fesz\u00e9lyezve \u00e9reztem magam s\u00f6rkortyolgat\u00e1s k\u00f6zben, de egy biztos: a Teach Boys egy felejthetetlen est\u00e9t var\u00e1zsolt mindannyiunk sz\u00e1m\u00e1ra, de aki esetleg kihagyta, az se b\u00e1nk\u00f3djon, hisz ha el\u0151bb nem is, de az Istv\u00e1n-napon biztosan \u00fajra felk\u00e9sz\u00fclve, \u00faj sz\u00e1mokkal kieg\u00e9sz\u00fclve visszat\u00e9rnek.<br \/>\n<strong>Mer\u00e9nyi Andr\u00e1s<\/strong><\/p>\n","protected":false},"excerpt":{"rendered":"<div class=\"mh-excerpt\"><p>\u00dajra The Teach Boys-koncert K\u00e9t \u00e9ve alap\u00edtotta meg az iskola n\u00e9h\u00e1ny tan\u00e1ra a Teach Boys egy\u00fcttest. Az\u00f3ta hallhattuk m\u00e1r \u0151ket nyit\u00f3 bulikon, Istv\u00e1n-napon, szalagavat\u00f3n. Rajong\u00f3ik <a class=\"mh-excerpt-more\" href=\"http:\/\/szigma.szigbp.hu\/?p=193\" title=\"\u00dajra The Teach Boys\">[&#8230;]<\/a><\/p>\n<\/div>","protected":false},"author":1,"featured_media":173,"comment_status":"closed","ping_status":"closed","sticky":false,"template":"","format":"standard","meta":[],"categories":[3],"tags":[],"_links":{"self":[{"href":"http:\/\/szigma.szigbp.hu\/index.php?rest_route=\/wp\/v2\/posts\/193"}],"collection":[{"href":"http:\/\/szigma.szigbp.hu\/index.php?rest_route=\/wp\/v2\/posts"}],"about":[{"href":"http:\/\/szigma.szigbp.hu\/index.php?rest_route=\/wp\/v2\/types\/post"}],"author":[{"embeddable":true,"href":"http:\/\/szigma.szigbp.hu\/index.php?rest_route=\/wp\/v2\/users\/1"}],"replies":[{"embeddable":true,"href":"http:\/\/szigma.szigbp.hu\/index.php?rest_route=%2Fwp%2Fv2%2Fcomments&post=193"}],"version-history":[{"count":1,"href":"http:\/\/szigma.szigbp.hu\/index.php?rest_route=\/wp\/v2\/posts\/193\/revisions"}],"predecessor-version":[{"id":1286,"href":"http:\/\/szigma.szigbp.hu\/index.php?rest_route=\/wp\/v2\/posts\/193\/revisions\/1286"}],"wp:featuredmedia":[{"embeddable":true,"href":"http:\/\/szigma.szigbp.hu\/index.php?rest_route=\/wp\/v2\/media\/173"}],"wp:attachment":[{"href":"http:\/\/szigma.szigbp.hu\/index.php?rest_route=%2Fwp%2Fv2%2Fmedia&parent=193"}],"wp:term":[{"taxonomy":"category","embeddable":true,"href":"http:\/\/szigma.szigbp.hu\/index.php?rest_route=%2Fwp%2Fv2%2Fcategories&post=193"},{"taxonomy":"post_tag","embeddable":true,"href":"http:\/\/szigma.szigbp.hu\/index.php?rest_route=%2Fwp%2Fv2%2Ftags&post=193"}],"curies":[{"name":"wp","href":"https:\/\/api.w.org\/{rel}","templated":true}]}}