{"id":1960,"date":"2016-09-04T15:13:19","date_gmt":"2016-09-04T13:13:19","guid":{"rendered":"http:\/\/szigma.szigbp.hu\/?p=1960"},"modified":"2016-09-04T15:13:19","modified_gmt":"2016-09-04T13:13:19","slug":"evfordulok-09-03","status":"publish","type":"post","link":"http:\/\/szigma.szigbp.hu\/?p=1960","title":{"rendered":"\u00c9vfordul\u00f3k 09.03."},"content":{"rendered":"<p><em>Sziasztok!<br \/>\n<\/em><em>Sokszor elgondolkodunk, hogy vajon r\u00e9ges-r\u00e9gen, vagy ak\u00e1r csak a k\u00f6zelm\u00faltban mi t\u00f6rt\u00e9nhetett \u00e9ppen aznap, amit meg\u00e9l\u00fcnk. Ezek a bejegyz\u00e9sek, amelyek minden nap m\u00e1s tartalommal megjelennek majd, \u00a0igyekeznek v\u00e1laszt adni a k\u00e9rd\u00e9sekre.<\/em><\/p>\n<p><strong>Szeptember harmadika<br \/>\n<\/strong>Mai n\u00e9vnap: Hilda<img decoding=\"async\" loading=\"lazy\" class=\" wp-image-1962 alignright\" src=\"http:\/\/szigma.szigbp.hu\/wp-content\/uploads\/2016\/09\/e\u00f6tv\u00f6s-j\u00f6szef-238x300.jpg\" alt=\"e\u00f6tv\u00f6s j\u00f6szef\" width=\"221\" height=\"279\" srcset=\"http:\/\/szigma.szigbp.hu\/wp-content\/uploads\/2016\/09\/e\u00f6tv\u00f6s-j\u00f6szef-238x300.jpg 238w, http:\/\/szigma.szigbp.hu\/wp-content\/uploads\/2016\/09\/e\u00f6tv\u00f6s-j\u00f6szef.jpg 704w\" sizes=\"(max-width: 221px) 100vw, 221px\" \/><\/p>\n<ul style=\"color: #5e6062;\">\n<li style=\"font-weight: inherit; font-style: inherit;\"><span style=\"font-weight: inherit; font-style: inherit; color: #000000;\">1813<br \/>\nMegsz\u00fcletett B\u00e1r\u00f3 E\u00f6tv\u00f6s J\u00f3zsef \u00edr\u00f3, k\u00f6lt\u0151, reformpolitikus.<\/span><\/li>\n<\/ul>\n<ul style=\"color: #5e6062;\">\n<li style=\"font-weight: inherit; font-style: inherit;\"><span style=\"font-weight: inherit; font-style: inherit; color: #000000;\">1875<br \/>\nMegsz\u00fcletett Ferdinand Porsche n\u00e9met aut\u00f3k\u00e9sz\u00edt\u0151.<\/span><\/li>\n<\/ul>\n<ul style=\"color: #5e6062;\">\n<li style=\"font-weight: inherit; font-style: inherit;\"><span style=\"font-weight: inherit; font-style: inherit; color: #000000;\">1939<br \/>\nChamberlain angol minisztereln\u00f6k a r\u00e1di\u00f3ban bejelentette, hogy Franciaorsz\u00e1g \u00e9s Nagy Britannia hadat \u00fczent N\u00e9metorsz\u00e1gnak.<\/span><\/li>\n<\/ul>\n<ul style=\"color: #5e6062;\">\n<li style=\"font-weight: inherit; font-style: inherit;\"><span style=\"font-weight: inherit; font-style: inherit; color: rgb(0, 0, 0);\"><span style=\"font-weight: inherit; font-style: inherit;\"><span style=\"color: #000000;\">1976<\/span><img decoding=\"async\" loading=\"lazy\" class=\"size-medium wp-image-1961 alignright\" src=\"http:\/\/szigma.szigbp.hu\/wp-content\/uploads\/2016\/09\/mars-300x130.jpg\" alt=\"mars\" width=\"300\" height=\"130\" srcset=\"http:\/\/szigma.szigbp.hu\/wp-content\/uploads\/2016\/09\/mars-300x130.jpg 300w, http:\/\/szigma.szigbp.hu\/wp-content\/uploads\/2016\/09\/mars.jpg 800w\" sizes=\"(max-width: 300px) 100vw, 300px\" \/><br \/>\nA Viking 2 \u0171rszonda lesz\u00e1llt a Marson \u00e9s elk\u00e9sz\u00edtette az els\u0151 k\u00f6zeli sz\u00ednes felv\u00e9teleket a bolyg\u00f3 felsz\u00edn\u00e9r\u0151l.<\/span><\/span><\/li>\n<\/ul>\n<p>Gy\u00f6ngy\u00f6si S\u00e1ra<\/p>\n<p><span style=\"color: rgb(0, 0, 0);\">\u00a0<\/span><\/p>\n","protected":false},"excerpt":{"rendered":"<div class=\"mh-excerpt\"><p>Sziasztok! Sokszor elgondolkodunk, hogy vajon r\u00e9ges-r\u00e9gen, vagy ak\u00e1r csak a k\u00f6zelm\u00faltban mi t\u00f6rt\u00e9nhetett \u00e9ppen aznap, amit meg\u00e9l\u00fcnk. Ezek a bejegyz\u00e9sek, amelyek minden nap m\u00e1s tartalommal <a class=\"mh-excerpt-more\" href=\"http:\/\/szigma.szigbp.hu\/?p=1960\" title=\"\u00c9vfordul\u00f3k 09.03.\">[&#8230;]<\/a><\/p>\n<\/div>","protected":false},"author":25,"featured_media":776,"comment_status":"closed","ping_status":"closed","sticky":false,"template":"","format":"standard","meta":[],"categories":[4],"tags":[],"_links":{"self":[{"href":"http:\/\/szigma.szigbp.hu\/index.php?rest_route=\/wp\/v2\/posts\/1960"}],"collection":[{"href":"http:\/\/szigma.szigbp.hu\/index.php?rest_route=\/wp\/v2\/posts"}],"about":[{"href":"http:\/\/szigma.szigbp.hu\/index.php?rest_route=\/wp\/v2\/types\/post"}],"author":[{"embeddable":true,"href":"http:\/\/szigma.szigbp.hu\/index.php?rest_route=\/wp\/v2\/users\/25"}],"replies":[{"embeddable":true,"href":"http:\/\/szigma.szigbp.hu\/index.php?rest_route=%2Fwp%2Fv2%2Fcomments&post=1960"}],"version-history":[{"count":2,"href":"http:\/\/szigma.szigbp.hu\/index.php?rest_route=\/wp\/v2\/posts\/1960\/revisions"}],"predecessor-version":[{"id":1964,"href":"http:\/\/szigma.szigbp.hu\/index.php?rest_route=\/wp\/v2\/posts\/1960\/revisions\/1964"}],"wp:featuredmedia":[{"embeddable":true,"href":"http:\/\/szigma.szigbp.hu\/index.php?rest_route=\/wp\/v2\/media\/776"}],"wp:attachment":[{"href":"http:\/\/szigma.szigbp.hu\/index.php?rest_route=%2Fwp%2Fv2%2Fmedia&parent=1960"}],"wp:term":[{"taxonomy":"category","embeddable":true,"href":"http:\/\/szigma.szigbp.hu\/index.php?rest_route=%2Fwp%2Fv2%2Fcategories&post=1960"},{"taxonomy":"post_tag","embeddable":true,"href":"http:\/\/szigma.szigbp.hu\/index.php?rest_route=%2Fwp%2Fv2%2Ftags&post=1960"}],"curies":[{"name":"wp","href":"https:\/\/api.w.org\/{rel}","templated":true}]}}