{"id":1973,"date":"2016-09-05T06:00:02","date_gmt":"2016-09-05T04:00:02","guid":{"rendered":"http:\/\/szigma.szigbp.hu\/?p=1973"},"modified":"2016-09-04T15:25:15","modified_gmt":"2016-09-04T13:25:15","slug":"evfordulok-09-05","status":"publish","type":"post","link":"http:\/\/szigma.szigbp.hu\/?p=1973","title":{"rendered":"\u00c9vfordul\u00f3k 09.05."},"content":{"rendered":"<p><em>Sziasztok!<br \/>\n<\/em><em>Sokszor elgondolkodunk, hogy vajon r\u00e9ges-r\u00e9gen, vagy ak\u00e1r csak a k\u00f6zelm\u00faltban mi t\u00f6rt\u00e9nhetett \u00e9ppen aznap, amit meg\u00e9l\u00fcnk. Ezek a bejegyz\u00e9sek, amelyek minden nap m\u00e1s tartalommal megjelennek majd, \u00a0igyekeznek v\u00e1laszt adni a k\u00e9rd\u00e9sekre.<\/em><\/p>\n<p><strong>Szeptember \u00f6t\u00f6dike<img decoding=\"async\" loading=\"lazy\" class=\" wp-image-1975 alignright\" src=\"http:\/\/szigma.szigbp.hu\/wp-content\/uploads\/2016\/09\/Moricz_Zsigmond-176x300.jpg\" alt=\"Moricz_Zsigmond\" width=\"151\" height=\"257\" srcset=\"http:\/\/szigma.szigbp.hu\/wp-content\/uploads\/2016\/09\/Moricz_Zsigmond-176x300.jpg 176w, http:\/\/szigma.szigbp.hu\/wp-content\/uploads\/2016\/09\/Moricz_Zsigmond-602x1024.jpg 602w, http:\/\/szigma.szigbp.hu\/wp-content\/uploads\/2016\/09\/Moricz_Zsigmond.jpg 813w\" sizes=\"(max-width: 151px) 100vw, 151px\" \/><br \/>\n<\/strong>Mai n\u00e9vnapok: Viktor \u00e9s L\u0151rinc<\/p>\n<ul style=\"color: #5e6062;\">\n<li style=\"font-weight: inherit; font-style: inherit;\"><span style=\"font-weight: inherit; font-style: inherit; color: rgb(0, 0, 0);\">1942<br \/>\nMeghalt M\u00f3ricz Zsigmond \u00edr\u00f3, \u00fajs\u00e1g\u00edr\u00f3, szerkeszt\u0151, a XX. sz\u00e1zadi magyar realista pr\u00f3za kiemelked\u0151 alakja.<\/span><\/li>\n<\/ul>\n<ul style=\"color: #5e6062;\">\n<li style=\"font-weight: inherit; font-style: inherit;\"><span style=\"font-weight: inherit; font-style: inherit; color: rgb(0, 0, 0);\"><span style=\"font-weight: inherit; font-style: inherit;\">1946<br \/>\nZanzib\u00e1rban megsz\u00fcletett Freddie Mercury angol rock-\u00e9nekes, a Queen egy\u00fcttes tagja.<br \/>\n<a href=\"https:\/\/www.youtube.com\/watch?v=HgzGwKwLmgM\">Don&#8217;t Stop Me Now<\/a><br \/>\n<a href=\"https:\/\/www.youtube.com\/watch?v=RNoPdAq666g\">Mama<\/a><\/span><\/span><\/li>\n<\/ul>\n<ul style=\"color: #5e6062;\">\n<li style=\"font-weight: inherit; font-style: inherit;\"><span style=\"color: rgb(0, 0, 0);\">1972<img decoding=\"async\" loading=\"lazy\" class=\" wp-image-1974 alignright\" src=\"http:\/\/szigma.szigbp.hu\/wp-content\/uploads\/2016\/09\/freddie-m-300x300.jpg\" alt=\"freddie m\" width=\"164\" height=\"164\" srcset=\"http:\/\/szigma.szigbp.hu\/wp-content\/uploads\/2016\/09\/freddie-m-300x300.jpg 300w, http:\/\/szigma.szigbp.hu\/wp-content\/uploads\/2016\/09\/freddie-m-150x150.jpg 150w, http:\/\/szigma.szigbp.hu\/wp-content\/uploads\/2016\/09\/freddie-m.jpg 1024w\" sizes=\"(max-width: 164px) 100vw, 164px\" \/><\/span><br \/>\n<span style=\"color: rgb(0, 0, 0);\">A Fekete Szeptember elnevez\u00e9s\u0171 arab terrorista csoport bejutott a M\u00fcncheni Olimpia sz\u00ednhely\u00e9re \u00e9s t\u00faszul ejtett 11 izraeli sportol\u00f3t. A helyi hat\u00f3s\u00e1goknak csak nagy vesztes\u00e9ge\u00a0k \u00e1r\u00e1n siker\u00fclt \u00farr\u00e1 lennie a helyzeten.<\/span><\/li>\n<\/ul>\n<p>Gy\u00f6ngy\u00f6si S\u00e1ra<\/p>\n","protected":false},"excerpt":{"rendered":"<div class=\"mh-excerpt\"><p>Sziasztok! Sokszor elgondolkodunk, hogy vajon r\u00e9ges-r\u00e9gen, vagy ak\u00e1r csak a k\u00f6zelm\u00faltban mi t\u00f6rt\u00e9nhetett \u00e9ppen aznap, amit meg\u00e9l\u00fcnk. Ezek a bejegyz\u00e9sek, amelyek minden nap m\u00e1s tartalommal <a class=\"mh-excerpt-more\" href=\"http:\/\/szigma.szigbp.hu\/?p=1973\" title=\"\u00c9vfordul\u00f3k 09.05.\">[&#8230;]<\/a><\/p>\n<\/div>","protected":false},"author":25,"featured_media":745,"comment_status":"closed","ping_status":"closed","sticky":false,"template":"","format":"standard","meta":[],"categories":[4],"tags":[],"_links":{"self":[{"href":"http:\/\/szigma.szigbp.hu\/index.php?rest_route=\/wp\/v2\/posts\/1973"}],"collection":[{"href":"http:\/\/szigma.szigbp.hu\/index.php?rest_route=\/wp\/v2\/posts"}],"about":[{"href":"http:\/\/szigma.szigbp.hu\/index.php?rest_route=\/wp\/v2\/types\/post"}],"author":[{"embeddable":true,"href":"http:\/\/szigma.szigbp.hu\/index.php?rest_route=\/wp\/v2\/users\/25"}],"replies":[{"embeddable":true,"href":"http:\/\/szigma.szigbp.hu\/index.php?rest_route=%2Fwp%2Fv2%2Fcomments&post=1973"}],"version-history":[{"count":5,"href":"http:\/\/szigma.szigbp.hu\/index.php?rest_route=\/wp\/v2\/posts\/1973\/revisions"}],"predecessor-version":[{"id":1980,"href":"http:\/\/szigma.szigbp.hu\/index.php?rest_route=\/wp\/v2\/posts\/1973\/revisions\/1980"}],"wp:featuredmedia":[{"embeddable":true,"href":"http:\/\/szigma.szigbp.hu\/index.php?rest_route=\/wp\/v2\/media\/745"}],"wp:attachment":[{"href":"http:\/\/szigma.szigbp.hu\/index.php?rest_route=%2Fwp%2Fv2%2Fmedia&parent=1973"}],"wp:term":[{"taxonomy":"category","embeddable":true,"href":"http:\/\/szigma.szigbp.hu\/index.php?rest_route=%2Fwp%2Fv2%2Fcategories&post=1973"},{"taxonomy":"post_tag","embeddable":true,"href":"http:\/\/szigma.szigbp.hu\/index.php?rest_route=%2Fwp%2Fv2%2Ftags&post=1973"}],"curies":[{"name":"wp","href":"https:\/\/api.w.org\/{rel}","templated":true}]}}