{"id":2006,"date":"2016-09-05T20:27:58","date_gmt":"2016-09-05T18:27:58","guid":{"rendered":"http:\/\/szigma.szigbp.hu\/?p=2006"},"modified":"2016-09-05T20:27:58","modified_gmt":"2016-09-05T18:27:58","slug":"itt-a-szeptember-2016","status":"publish","type":"post","link":"http:\/\/szigma.szigbp.hu\/?p=2006","title":{"rendered":"Itt a szeptember 2016"},"content":{"rendered":"<h3><strong>Kedves Olvas\u00f3k!<\/strong><\/h3>\n<p>N\u00e9h\u00e1ny napja m\u00e1r, hogy elkezd\u0151d\u00f6tt az idei tan\u00e9v. Megvannak a tank\u00f6nyvek, \u00e9s lassan minden visszat\u00e9r oda, ahol az el\u0151z\u0151 \u00e9vben tartottunk, azaz a rendes ker\u00e9kv\u00e1g\u00e1sba.<br \/>\nAz \u00fajs\u00e1g szerkeszt\u0151s\u00e9ge kellemes tan\u00e9vet k\u00edv\u00e1n\u00a0mind az \u00faj, mind a r\u00e9gi di\u00e1koknak, \u00e9s a tan\u00e1roknak egyar\u00e1nt.<img decoding=\"async\" loading=\"lazy\" class=\"size-medium wp-image-2007 alignright\" src=\"http:\/\/szigma.szigbp.hu\/wp-content\/uploads\/2016\/09\/back-to-school-300x224.jpg\" alt=\"back to school\" width=\"300\" height=\"224\" srcset=\"http:\/\/szigma.szigbp.hu\/wp-content\/uploads\/2016\/09\/back-to-school-300x224.jpg 300w, http:\/\/szigma.szigbp.hu\/wp-content\/uploads\/2016\/09\/back-to-school-174x131.jpg 174w, http:\/\/szigma.szigbp.hu\/wp-content\/uploads\/2016\/09\/back-to-school-70x53.jpg 70w, http:\/\/szigma.szigbp.hu\/wp-content\/uploads\/2016\/09\/back-to-school.jpg 630w\" sizes=\"(max-width: 300px) 100vw, 300px\" \/><\/p>\n<p>Aki \u00e9rez mag\u00e1ban lelkesed\u00e9st az \u00edr\u00e1s ir\u00e1ny\u00e1ba, az ne a fi\u00f3knak \u00edrja! A SzigMa \u00fajs\u00e1g\u00edr\u00f3 szakk\u00f6re mindenkit t\u00e1rt karokkal v\u00e1r p\u00e9ntekenk\u00e9nt a 7-8. \u00f3r\u00e1ban a Kossuth teremben. De nehogy elt\u00e1ntor\u00edtson az gondolat, hogy neked ehhez nincs tehets\u00e9ged! Mindent el kell kezdeni valamikor.<br \/>\nHa kezd\u0151nek tartod magad, de ett\u0151l f\u00fcggetlen\u00fcl \u00f6r\u00f6met okoz, hogy ki\u00f6ntheted gondolataidat az \u00fcres pap\u00edrra, akkor ne habozz! Mi seg\u00edt\u00fcnk neked. A t\u00e9ma miatt pedig ne agg\u00f3dj! \u00cdrhatsz novell\u00e1t, verset, tud\u00f3s\u00edthatsz egy helysz\u00ednr\u0151l, k\u00e9sz\u00edthetsz interj\u00fat, vagy ak\u00e1r a kedvenc sorozatodat is bemutathatod. Csak a fant\u00e1zi\u00e1d szabhat hat\u00e1rt.<br \/>\nAki pedig be\u00e9ri a messzir\u0151l szeml\u00e9l\u0151d\u00e9ssel, annak figyelm\u00e9be aj\u00e1nljuk az al\u00e1bbi rovatokat:<\/p>\n<ul>\n<li>\u201eIstv\u00e1nb\u00f3l jelentj\u00fck\u2026<br \/>\nH\u00e1t igen, iskol\u00e1nkban az \u00e9let sosem unalmas, mindig t\u00f6rt\u00e9nik valami. \u00c9s ebben az esem\u00e9nyekt\u0151l d\u00fas \u00e1radatban megesik, hogy sajnos valamir\u0151l lemaradsz. Ez\u00e9rt j\u00f3, hogy ut\u00e1na olvashatsz \u00fajs\u00e1gunkban, tal\u00e1n behozhatod az elmulasztott pillanatokat.\u201d<\/li>\n<li>De az iskola falain k\u00edv\u00fcl is van \u00e9let, mely csupa izgalmakat tartogat sz\u00e1munkra. B\u0171n lenne kibontatlanul hagyni a meglepet\u00e9scsomagokat.<br \/>\nBonts ki te is a szem\u00e9lyre sz\u00f3l\u00f3 aj\u00e1nd\u00e9kodat az Innen \u00e9s T\u00fal rovatban!<\/li>\n<li>\u201eEgy kis kikapcsol\u00f3d\u00e1sra v\u00e1gysz? L\u00e1togass el az \u201e\u00cdgy \u00edrunk mi\u2026\u201d rovatba, ahol biztosan megtal\u00e1lod a neked tetsz\u0151 t\u00f6rt\u00e9ntet, amely r\u00f6vid id\u0151re elfeledteti a k\u00f6r\u00fcl\u00f6tted lebeg\u0151 gondokat, \u00e9s elvar\u00e1zsol.\u201d<\/li>\n<\/ul>\n<ul>\n<li>Tavalyi, id\u00e9n is tart\u00f3 \u201eprojekt\u00fcnk\u201d:<br \/>\n\u201eSokszor elgondolkodunk, hogy vajon r\u00e9ges-r\u00e9gen, vagy ak\u00e1r csak a k\u00f6zelm\u00faltban mi t\u00f6rt\u00e9nhetett \u00e9ppen aznap, amit meg\u00e9l\u00fcnk.<br \/>\nAz \u00c9vfordul\u00f3k sorozat ezekre a k\u00e9rd\u00e9sekre igyekszik v\u00e1laszt adni.<\/li>\n<\/ul>\n<p><em>M\u00e9g egyszer sikeres tan\u00e9vet k\u00edv\u00e1nunk:<\/em><\/p>\n<p><em>A Szerkeszt\u0151s\u00e9g<\/em><\/p>\n","protected":false},"excerpt":{"rendered":"<div class=\"mh-excerpt\"><p>Kedves Olvas\u00f3k! N\u00e9h\u00e1ny napja m\u00e1r, hogy elkezd\u0151d\u00f6tt az idei tan\u00e9v. Megvannak a tank\u00f6nyvek, \u00e9s lassan minden visszat\u00e9r oda, ahol az el\u0151z\u0151 \u00e9vben tartottunk, azaz a <a class=\"mh-excerpt-more\" href=\"http:\/\/szigma.szigbp.hu\/?p=2006\" title=\"Itt a szeptember 2016\">[&#8230;]<\/a><\/p>\n<\/div>","protected":false},"author":25,"featured_media":2007,"comment_status":"closed","ping_status":"closed","sticky":false,"template":"","format":"standard","meta":[],"categories":[3],"tags":[16],"_links":{"self":[{"href":"http:\/\/szigma.szigbp.hu\/index.php?rest_route=\/wp\/v2\/posts\/2006"}],"collection":[{"href":"http:\/\/szigma.szigbp.hu\/index.php?rest_route=\/wp\/v2\/posts"}],"about":[{"href":"http:\/\/szigma.szigbp.hu\/index.php?rest_route=\/wp\/v2\/types\/post"}],"author":[{"embeddable":true,"href":"http:\/\/szigma.szigbp.hu\/index.php?rest_route=\/wp\/v2\/users\/25"}],"replies":[{"embeddable":true,"href":"http:\/\/szigma.szigbp.hu\/index.php?rest_route=%2Fwp%2Fv2%2Fcomments&post=2006"}],"version-history":[{"count":7,"href":"http:\/\/szigma.szigbp.hu\/index.php?rest_route=\/wp\/v2\/posts\/2006\/revisions"}],"predecessor-version":[{"id":2014,"href":"http:\/\/szigma.szigbp.hu\/index.php?rest_route=\/wp\/v2\/posts\/2006\/revisions\/2014"}],"wp:featuredmedia":[{"embeddable":true,"href":"http:\/\/szigma.szigbp.hu\/index.php?rest_route=\/wp\/v2\/media\/2007"}],"wp:attachment":[{"href":"http:\/\/szigma.szigbp.hu\/index.php?rest_route=%2Fwp%2Fv2%2Fmedia&parent=2006"}],"wp:term":[{"taxonomy":"category","embeddable":true,"href":"http:\/\/szigma.szigbp.hu\/index.php?rest_route=%2Fwp%2Fv2%2Fcategories&post=2006"},{"taxonomy":"post_tag","embeddable":true,"href":"http:\/\/szigma.szigbp.hu\/index.php?rest_route=%2Fwp%2Fv2%2Ftags&post=2006"}],"curies":[{"name":"wp","href":"https:\/\/api.w.org\/{rel}","templated":true}]}}