{"id":2100,"date":"2016-09-21T06:00:00","date_gmt":"2016-09-21T04:00:00","guid":{"rendered":"http:\/\/szigma.szigbp.hu\/?p=2100"},"modified":"2016-09-18T17:39:02","modified_gmt":"2016-09-18T15:39:02","slug":"evfordulok-09-21","status":"publish","type":"post","link":"http:\/\/szigma.szigbp.hu\/?p=2100","title":{"rendered":"\u00c9vfordul\u00f3k 09.21."},"content":{"rendered":"<p><span style=\"color: #000000;\"><em>Sziasztok!<br \/>\n<\/em><em>Sokszor elgondolkodunk, hogy vajon r\u00e9ges-r\u00e9gen, vagy ak\u00e1r csak a k\u00f6zelm\u00faltban mi t\u00f6rt\u00e9nhetett \u00e9ppen aznap, amit meg\u00e9l\u00fcnk. Ezek a bejegyz\u00e9sek, amelyek minden nap m\u00e1s tartalommal megjelennek majd, \u00a0igyekeznek v\u00e1laszt adni a k\u00e9rd\u00e9sekre.<\/em><\/span><\/p>\n<p><span style=\"color: #000000;\"><strong>Szeptember\u00a0huszonegyedike<br \/>\n<\/strong>Mai n\u00e9vnapok: M\u00e1t\u00e9 \u00e9s Mirella<img decoding=\"async\" loading=\"lazy\" class=\"wp-image-2101 alignright\" src=\"http:\/\/szigma.szigbp.hu\/wp-content\/uploads\/2016\/09\/220px-Barabas-szechenyi.jpg\" alt=\"220px-barabas-szechenyi\" width=\"180\" height=\"223\" \/><\/span><\/p>\n<ul style=\"color: #5e6062;\">\n<li style=\"font-weight: inherit; font-style: inherit;\"><span style=\"font-weight: inherit; font-style: inherit; color: rgb(0, 0, 0);\">1235<br \/>\nMeghalt II. Andr\u00e1s magyar kir\u00e1ly, akit 1222-ben az el\u00e9gedetlen f\u0151urak az &#8222;Aranybulla&#8221; kiad\u00e1s\u00e1ra k\u00e9nyszer\u00edtettek.<\/span><\/li>\n<\/ul>\n<ul style=\"color: #5e6062;\">\n<li style=\"font-weight: inherit; font-style: inherit;\"><span style=\"font-weight: inherit; font-style: inherit; color: rgb(0, 0, 0);\"><span style=\"font-weight: inherit; font-style: inherit;\">1791<br \/>\nMegsz\u00fcletett gr\u00f3f Sz\u00e9chenyi Istv\u00e1n politikus, a nemzeti liber\u00e1lis reformmozgalom kezdem\u00e9nyez\u0151je.<\/span><\/span><\/li>\n<\/ul>\n<ul style=\"color: #5e6062;\">\n<li style=\"font-weight: inherit; font-style: inherit;\"><span style=\"font-weight: inherit; font-style: inherit; color: rgb(0, 0, 0);\">1984<br \/>\nMa van a Magyar Dr\u00e1ma \u00fcnnepe.<a href=\"http:\/\/szigma.szigbp.hu\/wp-content\/uploads\/2016\/09\/let\u00f6lt\u00e9s.jpg\"><img decoding=\"async\" loading=\"lazy\" class=\"wp-image-2102 alignright\" src=\"http:\/\/szigma.szigbp.hu\/wp-content\/uploads\/2016\/09\/let\u00f6lt\u00e9s.jpg\" alt=\"letoltes\" width=\"240\" height=\"181\" srcset=\"http:\/\/szigma.szigbp.hu\/wp-content\/uploads\/2016\/09\/let\u00f6lt\u00e9s.jpg 259w, http:\/\/szigma.szigbp.hu\/wp-content\/uploads\/2016\/09\/let\u00f6lt\u00e9s-174x131.jpg 174w, http:\/\/szigma.szigbp.hu\/wp-content\/uploads\/2016\/09\/let\u00f6lt\u00e9s-70x53.jpg 70w\" sizes=\"(max-width: 240px) 100vw, 240px\" \/><\/a><\/span><\/li>\n<\/ul>\n<ul style=\"color: #5e6062;\">\n<li style=\"font-weight: inherit; font-style: inherit;\"><span style=\"font-weight: inherit; font-style: inherit; color: rgb(0, 0, 0);\">1991<br \/>\nA Status Quo zenekar tizenn\u00e9gy \u00f3r\u00e1n bel\u00fcl n\u00e9gy brit ar\u00e9n\u00e1ban adott koncertet, mellyel beker\u00fcltek a Guiness rekordok k\u00f6nyv\u00e9be.<\/span><\/li>\n<\/ul>\n<p><span style=\"color: rgb(0, 0, 0);\">Gy\u00f6ngy\u00f6si S\u00e1ra<\/span><\/p>\n<p>&nbsp;<\/p>\n","protected":false},"excerpt":{"rendered":"<div class=\"mh-excerpt\"><p>Sziasztok! Sokszor elgondolkodunk, hogy vajon r\u00e9ges-r\u00e9gen, vagy ak\u00e1r csak a k\u00f6zelm\u00faltban mi t\u00f6rt\u00e9nhetett \u00e9ppen aznap, amit meg\u00e9l\u00fcnk. Ezek a bejegyz\u00e9sek, amelyek minden nap m\u00e1s tartalommal <a class=\"mh-excerpt-more\" href=\"http:\/\/szigma.szigbp.hu\/?p=2100\" title=\"\u00c9vfordul\u00f3k 09.21.\">[&#8230;]<\/a><\/p>\n<\/div>","protected":false},"author":25,"featured_media":753,"comment_status":"closed","ping_status":"closed","sticky":false,"template":"","format":"standard","meta":[],"categories":[4],"tags":[16],"_links":{"self":[{"href":"http:\/\/szigma.szigbp.hu\/index.php?rest_route=\/wp\/v2\/posts\/2100"}],"collection":[{"href":"http:\/\/szigma.szigbp.hu\/index.php?rest_route=\/wp\/v2\/posts"}],"about":[{"href":"http:\/\/szigma.szigbp.hu\/index.php?rest_route=\/wp\/v2\/types\/post"}],"author":[{"embeddable":true,"href":"http:\/\/szigma.szigbp.hu\/index.php?rest_route=\/wp\/v2\/users\/25"}],"replies":[{"embeddable":true,"href":"http:\/\/szigma.szigbp.hu\/index.php?rest_route=%2Fwp%2Fv2%2Fcomments&post=2100"}],"version-history":[{"count":1,"href":"http:\/\/szigma.szigbp.hu\/index.php?rest_route=\/wp\/v2\/posts\/2100\/revisions"}],"predecessor-version":[{"id":2103,"href":"http:\/\/szigma.szigbp.hu\/index.php?rest_route=\/wp\/v2\/posts\/2100\/revisions\/2103"}],"wp:featuredmedia":[{"embeddable":true,"href":"http:\/\/szigma.szigbp.hu\/index.php?rest_route=\/wp\/v2\/media\/753"}],"wp:attachment":[{"href":"http:\/\/szigma.szigbp.hu\/index.php?rest_route=%2Fwp%2Fv2%2Fmedia&parent=2100"}],"wp:term":[{"taxonomy":"category","embeddable":true,"href":"http:\/\/szigma.szigbp.hu\/index.php?rest_route=%2Fwp%2Fv2%2Fcategories&post=2100"},{"taxonomy":"post_tag","embeddable":true,"href":"http:\/\/szigma.szigbp.hu\/index.php?rest_route=%2Fwp%2Fv2%2Ftags&post=2100"}],"curies":[{"name":"wp","href":"https:\/\/api.w.org\/{rel}","templated":true}]}}