{"id":2159,"date":"2016-09-25T20:16:07","date_gmt":"2016-09-25T18:16:07","guid":{"rendered":"http:\/\/szigma.szigbp.hu\/?p=2159"},"modified":"2016-09-25T20:16:07","modified_gmt":"2016-09-25T18:16:07","slug":"evfordulok-09-24","status":"publish","type":"post","link":"http:\/\/szigma.szigbp.hu\/?p=2159","title":{"rendered":"\u00c9vfordul\u00f3k 09.24."},"content":{"rendered":"<p><span style=\"color: #000000;\"><em>S<\/em><\/span><em>ziasztok!<\/em><em><br \/>\n<\/em><em>Sokszor elgondolkodunk, hogy vajon r\u00e9ges-r\u00e9gen, vagy ak\u00e1r csak a k\u00f6zelm\u00faltban mi t\u00f6rt\u00e9nhetett \u00e9ppen aznap, amit meg\u00e9l\u00fcnk. Ezek a bejegyz\u00e9sek, amelyek minden nap m\u00e1s tartalommal megjelennek majd, \u00a0igyekeznek v\u00e1laszt adni a k\u00e9rd\u00e9sekre.<\/em><\/p>\n<p><strong>Szeptember\u00a0huszonnegyedike<img decoding=\"async\" loading=\"lazy\" class=\"wp-image-2161 alignright\" src=\"http:\/\/szigma.szigbp.hu\/wp-content\/uploads\/2016\/09\/Paracelsus-225x300.jpg\" alt=\"paracelsus\" width=\"184\" height=\"245\" srcset=\"http:\/\/szigma.szigbp.hu\/wp-content\/uploads\/2016\/09\/Paracelsus-225x300.jpg 225w, http:\/\/szigma.szigbp.hu\/wp-content\/uploads\/2016\/09\/Paracelsus.jpg 525w\" sizes=\"(max-width: 184px) 100vw, 184px\" \/><br \/>\n<\/strong>Mai n\u00e9vnapok: Gell\u00e9rt \u00e9s Merc\u00e9desz<\/p>\n<ul style=\"color: #5e6062;\">\n<li style=\"font-weight: inherit; font-style: inherit;\"><span style=\"font-weight: inherit; font-style: inherit; color: rgb(0, 0, 0);\">1046<br \/>\nMeghalt Szent Gell\u00e9rt it\u00e1liai sz\u00e1rmaz\u00e1s\u00fa szerzetes, az els\u0151 magyar v\u00e9rtan\u00fa, aki Szent Istv\u00e1n kir\u00e1ly szolg\u00e1lat\u00e1ban Imre herceg nevel\u0151je \u00e9s a csan\u00e1di p\u00fcsp\u00f6ks\u00e9g megszervez\u0151je volt.<\/span><\/li>\n<\/ul>\n<ul style=\"color: #5e6062;\">\n<li style=\"font-weight: inherit; font-style: inherit;\"><span style=\"font-weight: inherit; font-style: inherit; color: rgb(0, 0, 0);\">1541<br \/>\nMeghalt Paracelsus n\u00e9met term\u00e9szettud\u00f3s, kor\u00e1nak legh\u00edresebb orvosa.<a href=\"http:\/\/szigma.szigbp.hu\/wp-content\/uploads\/2016\/09\/K0189.jpg\"><img decoding=\"async\" loading=\"lazy\" class=\"wp-image-2160 alignright\" src=\"http:\/\/szigma.szigbp.hu\/wp-content\/uploads\/2016\/09\/K0189-300x225.jpg\" alt=\"k0189\" width=\"256\" height=\"192\" srcset=\"http:\/\/szigma.szigbp.hu\/wp-content\/uploads\/2016\/09\/K0189-300x225.jpg 300w, http:\/\/szigma.szigbp.hu\/wp-content\/uploads\/2016\/09\/K0189-1024x768.jpg 1024w, http:\/\/szigma.szigbp.hu\/wp-content\/uploads\/2016\/09\/K0189-174x131.jpg 174w, http:\/\/szigma.szigbp.hu\/wp-content\/uploads\/2016\/09\/K0189-70x53.jpg 70w, http:\/\/szigma.szigbp.hu\/wp-content\/uploads\/2016\/09\/K0189.jpg 1600w\" sizes=\"(max-width: 256px) 100vw, 256px\" \/><\/a><\/span><\/li>\n<\/ul>\n<ul style=\"color: #5e6062;\">\n<li style=\"font-weight: inherit; font-style: inherit;\"><span style=\"font-weight: inherit; font-style: inherit; color: rgb(0, 0, 0);\">1895<br \/>\nEl\u0151sz\u00f6r biciklizte k\u00f6rbe egy n\u0151 a F\u00f6ldet, az \u00fat 15 h\u00f3napig tartott.<\/span><\/li>\n<\/ul>\n<p><span style=\"color: rgb(0, 0, 0);\">Gy\u00f6ngy\u00f6si S\u00e1ra<\/span><\/p>\n","protected":false},"excerpt":{"rendered":"<div class=\"mh-excerpt\"><p>Sziasztok! Sokszor elgondolkodunk, hogy vajon r\u00e9ges-r\u00e9gen, vagy ak\u00e1r csak a k\u00f6zelm\u00faltban mi t\u00f6rt\u00e9nhetett \u00e9ppen aznap, amit meg\u00e9l\u00fcnk. Ezek a bejegyz\u00e9sek, amelyek minden nap m\u00e1s tartalommal <a class=\"mh-excerpt-more\" href=\"http:\/\/szigma.szigbp.hu\/?p=2159\" title=\"\u00c9vfordul\u00f3k 09.24.\">[&#8230;]<\/a><\/p>\n<\/div>","protected":false},"author":25,"featured_media":776,"comment_status":"closed","ping_status":"closed","sticky":false,"template":"","format":"standard","meta":[],"categories":[4],"tags":[],"_links":{"self":[{"href":"http:\/\/szigma.szigbp.hu\/index.php?rest_route=\/wp\/v2\/posts\/2159"}],"collection":[{"href":"http:\/\/szigma.szigbp.hu\/index.php?rest_route=\/wp\/v2\/posts"}],"about":[{"href":"http:\/\/szigma.szigbp.hu\/index.php?rest_route=\/wp\/v2\/types\/post"}],"author":[{"embeddable":true,"href":"http:\/\/szigma.szigbp.hu\/index.php?rest_route=\/wp\/v2\/users\/25"}],"replies":[{"embeddable":true,"href":"http:\/\/szigma.szigbp.hu\/index.php?rest_route=%2Fwp%2Fv2%2Fcomments&post=2159"}],"version-history":[{"count":2,"href":"http:\/\/szigma.szigbp.hu\/index.php?rest_route=\/wp\/v2\/posts\/2159\/revisions"}],"predecessor-version":[{"id":2163,"href":"http:\/\/szigma.szigbp.hu\/index.php?rest_route=\/wp\/v2\/posts\/2159\/revisions\/2163"}],"wp:featuredmedia":[{"embeddable":true,"href":"http:\/\/szigma.szigbp.hu\/index.php?rest_route=\/wp\/v2\/media\/776"}],"wp:attachment":[{"href":"http:\/\/szigma.szigbp.hu\/index.php?rest_route=%2Fwp%2Fv2%2Fmedia&parent=2159"}],"wp:term":[{"taxonomy":"category","embeddable":true,"href":"http:\/\/szigma.szigbp.hu\/index.php?rest_route=%2Fwp%2Fv2%2Fcategories&post=2159"},{"taxonomy":"post_tag","embeddable":true,"href":"http:\/\/szigma.szigbp.hu\/index.php?rest_route=%2Fwp%2Fv2%2Ftags&post=2159"}],"curies":[{"name":"wp","href":"https:\/\/api.w.org\/{rel}","templated":true}]}}