{"id":2198,"date":"2016-09-27T18:03:23","date_gmt":"2016-09-27T16:03:23","guid":{"rendered":"http:\/\/szigma.szigbp.hu\/?p=2198"},"modified":"2016-09-27T18:03:45","modified_gmt":"2016-09-27T16:03:45","slug":"2198","status":"publish","type":"post","link":"http:\/\/szigma.szigbp.hu\/?p=2198","title":{"rendered":"Versenyfelh\u00edv\u00e1s"},"content":{"rendered":"<p><img decoding=\"async\" loading=\"lazy\" class=\" wp-image-2202 aligncenter\" src=\"http:\/\/szigma.szigbp.hu\/wp-content\/uploads\/2016\/09\/K\u00e9pkiv\u00e1g\u00e1s-300x63.png\" alt=\"kepkivagas\" width=\"410\" height=\"86\" srcset=\"http:\/\/szigma.szigbp.hu\/wp-content\/uploads\/2016\/09\/K\u00e9pkiv\u00e1g\u00e1s-300x63.png 300w, http:\/\/szigma.szigbp.hu\/wp-content\/uploads\/2016\/09\/K\u00e9pkiv\u00e1g\u00e1s.png 436w\" sizes=\"(max-width: 410px) 100vw, 410px\" \/><\/p>\n<p>A budapesti ELTE Ap\u00e1czai Csere J\u00e1nos Gyakorl\u00f3 Gimn\u00e1zium \u00e9s Koll\u00e9gium a 2016\/2017-es tan\u00e9vben is meghirdeti az orsz\u00e1gos \u201e2+1\u201d IRODALMI \u00c9S FlLMES VERSENYT.<\/p>\n<p><strong>A verseny anyaga<\/strong>: K\u00e9t kijel\u00f6lt olvasm\u00e1ny \u00e9s egy kijel\u00f6lt film. A versenyen a m\u0171vek ismerete, \u00e9rtelmez\u00e9se \u00e9s a k\u00f6zt\u00fck l\u00e9v\u0151 \u00f6sszef\u00fcgg\u00e9sek felt\u00e1r\u00e1sa ker\u00fcl a k\u00f6z\u00e9ppontba.<\/p>\n<p><strong>A verseny c\u00e9lja:<\/strong> Az \u00e9lm\u00e9nyszer\u0171 befogad\u00e1s \u00e9s m\u0171\u00e9rt\u00e9s fejleszt\u00e9se, az \u00edr\u00e1sbeli \u00e9s sz\u00f3beli megnyilatkoz\u00e1sok sz\u00ednvonal\u00e1nak emel\u00e9se, valamint a magyar irodalom tant\u00e1rgyban kiemelked\u0151 teljes\u00edtm\u00e9nyre k\u00e9pes tanul\u00f3k tehets\u00e9ggondoz\u00e1sa.<\/p>\n<p><strong>A versenyz\u0151k \u00e9letkora:<\/strong> R\u00e9szt vehetnek az \u00e1ltal\u00e1nos \u00e9s k\u00f6z\u00e9piskol\u00e1k 8. \u00e9vfolyamos tanul\u00f3i.<\/p>\n<p><strong>A verseny menete:<\/strong><\/p>\n<ul>\n<li>Az els\u0151 fordul\u00f3 120 perces z\u00e1rthelyi dolgozat \u00edr\u00e1sa (seg\u00e9deszk\u00f6z haszn\u00e1lata n\u00e9lk\u00fcl). A fordul\u00f3b\u00f3l a legjobb eredm\u00e9nyt el\u00e9r\u0151 tanul\u00f3k juthatnak tov\u00e1bb. A d\u00f6nt\u00e9st a bek\u00fcld\u00f6tt dolgozatok \u00f6sszehasonl\u00edt\u00e1s\u00e1val a versenybizotts\u00e1g hozza meg.<\/li>\n<li>A sz\u00f3beli feladatokb\u00f3l \u00f6ssze\u00e1ll\u00edtott d\u00f6nt\u0151 &#8211; el\u0151rel\u00e1that\u00f3lag &#8211; 15-20 di\u00e1k r\u00e9szv\u00e9tel\u00e9vel zajlik. A fordul\u00f3 legjobb 10 r\u00e9sztvev\u0151je arany, ez\u00fcst vagy bronz fokozat\u00fa oklevelet kap \u00e9s dics\u00e9retben r\u00e9szes\u00fcl.<\/li>\n<\/ul>\n<p><strong>A kijel\u00f6lt olvasm\u00e1nyok \u00e9s a kijel\u00f6lt film:<\/strong><\/p>\n<ul>\n<li>\u00a0 \u00a0 \u00a0 \u00a0<strong>J.D.Salinger: Rozsban a fog\u00f3<\/strong><\/li>\n<li>\u00a0 \u00a0 \u00a0<strong>\u00a0\u00a0Janne Teller: Semmi<\/strong><\/li>\n<li><strong>\u00a0 \u00a0 \u00a0 \u00a0Egy k\u00fcl\u00f6nc sr\u00e1c feljegyz\u00e9sei<\/strong><br \/>\n(http:\/\/indavideo.hu\/video\/Egy_kulonc_srac_feljegyzesei)<\/li>\n<\/ul>\n<p><strong>Nevez\u00e9si d\u00edj:<\/strong> nincs.<\/p>\n<p><strong>Lebonyol\u00edt\u00e1s:<\/strong><\/p>\n<ol>\n<li>A nevez\u00e9st 2016. november 25-\u00e9ig k\u00e9rj\u00fck tov\u00e1bb\u00edtani e-mailben, c\u00edm\u00fcnk: <a href=\"mailto:irodfilmverseny@gmail.com\">irodfilmverseny@gmail.com<\/a>. A tanul\u00f3 \u00e9s a felk\u00e9sz\u00edt\u0151 tan\u00e1r neve mellett k\u00e9rj\u00fck, jel\u00f6lj\u00e9k meg az \u00edr\u00e1sbeli helysz\u00edn\u00e9t is: a dolgozat meg\u00edrhat\u00f3 a tanul\u00f3 iskol\u00e1j\u00e1ban, de meg\u00edrhat\u00f3 ugyan\u00edgy az Ap\u00e1czai Gimn\u00e1zium \u00e9p\u00fclet\u00e9ben is.<\/li>\n<li>Az els\u0151 fordul\u00f3 2016. november 30-\u00e1n, szerd\u00e1n (az Ap\u00e1czai Gimn\u00e1zium ny\u00edlt napj\u00e1n), 14 \u00f3rai kezdettel ker\u00fcl megrendez\u00e9sre. A gimn\u00e1zium honlapj\u00e1r\u00f3l (<a href=\"http:\/\/www.apaczai.elte.hu\">www.apaczai.elte.hu<\/a>) aznap reggel 8 \u00f3r\u00e1t\u00f3l let\u00f6lthet\u0151 a feladatlap, m\u00e1snap, december 1-j\u00e9n pedig a jav\u00edt\u00f3kulcs. A dolgozatok jav\u00edt\u00e1s\u00e1ra \u00e9s pontoz\u00e1s\u00e1ra az iskol\u00e1k tan\u00e1rait k\u00e9rj\u00fck fel.<\/li>\n<li>A megadott ponthat\u00e1rt el\u00e9r\u0151 dolgozatokat 2016. december 7-ig k\u00e9rj\u00fck, az al\u00e1bbi c\u00edmre adj\u00e1k post\u00e1ra: 2+1 Irodalmi \u00e9s Filmes Verseny &#8211; ELTE Ap\u00e1czai Csere J\u00e1nos Gyakorl\u00f3 Gimn\u00e1zium \u00e9s Koll\u00e9gium &#8211; 1053 Budapest, Papn\u00f6velde u. 4-6.<\/li>\n<li>A tov\u00e1bbjut\u00e1sr\u00f3l 2016. december 12-ig e-mailben \u00e9rtes\u00edtj\u00fck a r\u00e9sztvev\u0151 iskol\u00e1kat.<\/li>\n<li>A d\u00f6nt\u0151 \u00e9s az eredm\u00e9nyhirdet\u00e9s sz\u00ednhelye \u00e9s ideje: az Ap\u00e1czai Gimn\u00e1zium sz\u00ednh\u00e1zterme, 2016. december 19. (h\u00e9tf\u0151).<\/li>\n<\/ol>\n<p><strong>D\u00edjaz\u00e1s:\u00a0<\/strong>\u00a0\u00a0 A k\u00e9t fordul\u00f3 alapj\u00e1n legjobb eredm\u00e9nyt el\u00e9rt tanul\u00f3k az oklev\u00e9l mellett k\u00f6nyv- \u00e9s mozijegyv\u00e1s\u00e1rl\u00e1sra ford\u00edthat\u00f3 utalv\u00e1nyokban r\u00e9szes\u00fclnek, \u00f6sszesen 60 ezer Ft \u00e9rt\u00e9kben, valamint &#8211; amennyiben tanulm\u00e1nyaikat gimn\u00e1ziumunk hum\u00e1n tagozat\u00e1n folytatn\u00e1k, mentes\u00fclnek a sz\u00f3beli felv\u00e9teli al\u00f3l.<\/p>\n<table width=\"100%\">\n<tbody>\n<tr>\n<td>A lebonyol\u00edt\u00e1s\u00e9rt felel\u0151s: az ELTE Ap\u00e1czai Csere J\u00e1nos Gyakorl\u00f3 Gimn\u00e1zium \u00e9s Koll\u00e9gium magyar munkak\u00f6z\u00f6ss\u00e9ge, a verseny f\u0151szervez\u0151je: Dr. Cz\u00e9h Zolt\u00e1n. El\u00e9rhet\u0151s\u00e9ge: <a href=\"mailto:czehzo@gmail.com\">czehzo@gmail.com<\/a>, ill. 06-30\/288-53-18.<\/td>\n<\/tr>\n<\/tbody>\n<\/table>\n<p>&nbsp;<\/p>\n<p>&nbsp;<\/p>\n","protected":false},"excerpt":{"rendered":"<div class=\"mh-excerpt\"><p>A budapesti ELTE Ap\u00e1czai Csere J\u00e1nos Gyakorl\u00f3 Gimn\u00e1zium \u00e9s Koll\u00e9gium a 2016\/2017-es tan\u00e9vben is meghirdeti az orsz\u00e1gos \u201e2+1\u201d IRODALMI \u00c9S FlLMES VERSENYT. A verseny anyaga: <a class=\"mh-excerpt-more\" href=\"http:\/\/szigma.szigbp.hu\/?p=2198\" title=\"Versenyfelh\u00edv\u00e1s\">[&#8230;]<\/a><\/p>\n<\/div>","protected":false},"author":25,"featured_media":2202,"comment_status":"closed","ping_status":"closed","sticky":false,"template":"","format":"standard","meta":[],"categories":[8,3],"tags":[],"_links":{"self":[{"href":"http:\/\/szigma.szigbp.hu\/index.php?rest_route=\/wp\/v2\/posts\/2198"}],"collection":[{"href":"http:\/\/szigma.szigbp.hu\/index.php?rest_route=\/wp\/v2\/posts"}],"about":[{"href":"http:\/\/szigma.szigbp.hu\/index.php?rest_route=\/wp\/v2\/types\/post"}],"author":[{"embeddable":true,"href":"http:\/\/szigma.szigbp.hu\/index.php?rest_route=\/wp\/v2\/users\/25"}],"replies":[{"embeddable":true,"href":"http:\/\/szigma.szigbp.hu\/index.php?rest_route=%2Fwp%2Fv2%2Fcomments&post=2198"}],"version-history":[{"count":5,"href":"http:\/\/szigma.szigbp.hu\/index.php?rest_route=\/wp\/v2\/posts\/2198\/revisions"}],"predecessor-version":[{"id":2205,"href":"http:\/\/szigma.szigbp.hu\/index.php?rest_route=\/wp\/v2\/posts\/2198\/revisions\/2205"}],"wp:featuredmedia":[{"embeddable":true,"href":"http:\/\/szigma.szigbp.hu\/index.php?rest_route=\/wp\/v2\/media\/2202"}],"wp:attachment":[{"href":"http:\/\/szigma.szigbp.hu\/index.php?rest_route=%2Fwp%2Fv2%2Fmedia&parent=2198"}],"wp:term":[{"taxonomy":"category","embeddable":true,"href":"http:\/\/szigma.szigbp.hu\/index.php?rest_route=%2Fwp%2Fv2%2Fcategories&post=2198"},{"taxonomy":"post_tag","embeddable":true,"href":"http:\/\/szigma.szigbp.hu\/index.php?rest_route=%2Fwp%2Fv2%2Ftags&post=2198"}],"curies":[{"name":"wp","href":"https:\/\/api.w.org\/{rel}","templated":true}]}}