{"id":2206,"date":"2016-09-30T15:23:39","date_gmt":"2016-09-30T13:23:39","guid":{"rendered":"http:\/\/szigma.szigbp.hu\/?p=2206"},"modified":"2016-09-30T15:23:56","modified_gmt":"2016-09-30T13:23:56","slug":"se-tobb-se-kevesebb","status":"publish","type":"post","link":"http:\/\/szigma.szigbp.hu\/?p=2206","title":{"rendered":"Se t\u00f6bb, se kevesebb!"},"content":{"rendered":"<h1>Se t\u00f6bb, se kevesebb!<\/h1>\n<p>\u00c9rezted-e m\u00e1r \u00e9letedben valaha, hogy senki nem vesz \u00e9szre? Vagy, hogy mindenki t\u00e9ged figyel, s a k\u00f6vetkez\u0151 arcra es\u00e9sedre v\u00e1rnak? Igen? Akkor hadd mondjam el, hogy ezt mindenki, kort\u00f3l, nemt\u0151l s t\u00e1rsadalmi r\u00e9tegt\u0151l f\u00fcggetlen\u00fcl m\u00e1r \u00e1t\u00e9lte.\u00a0<a href=\"http:\/\/szigma.szigbp.hu\/wp-content\/uploads\/2016\/09\/12.png\"><img decoding=\"async\" loading=\"lazy\" class=\"size-medium wp-image-2209 alignright\" src=\"http:\/\/szigma.szigbp.hu\/wp-content\/uploads\/2016\/09\/12-300x201.png\" alt=\"12\" width=\"300\" height=\"201\" srcset=\"http:\/\/szigma.szigbp.hu\/wp-content\/uploads\/2016\/09\/12-300x201.png 300w, http:\/\/szigma.szigbp.hu\/wp-content\/uploads\/2016\/09\/12.png 549w\" sizes=\"(max-width: 300px) 100vw, 300px\" \/><\/a><\/p>\n<p>Valaki belegondolt abba valaha, az iskol\u00e1kban hogy mit \u00e9rezhetnek\u00a0azok a di\u00e1kok, akiket folyamatosan kibesz\u00e9lnek, kinevetnek s b\u00e1nt\u00f3 szavakkal illetnek? Mindennap felkelve ugyanazt a borzalmat kell \u00e1t\u00e9lni\u00fck. A megal\u00e1ztat\u00e1s keser\u0171 \u00e9rz\u00e9s\u00e9t. Hi\u00e1ba pr\u00f3b\u00e1lkoznak, minden szavuk, mozdulatuk csakis a nevets\u00e9g t\u00e1rgy\u00e1v\u00e1 v\u00e1lik. \u00c9s ebb\u0151l mi k\u00f6vetkezik? Mi\u00e9rt sz\u00fclettem ilyennek? Mi\u00e9rt vagyok ilyen dagadt? Nagy orr\u00fa? Pattan\u00e1sos? Fekete, s\u00e1rga b\u0151r\u0171? Mi\u00e9rt nem lehetek olyan, mint \u0151? Egy\u00e1ltal\u00e1n mi\u00e9rt ez vagyok \u00e9n? Igen ,ezek a k\u00e9rd\u00e9sek cik\u00e1znak minden egyes percben a fej\u00fckben. Hogy mi\u00e9rt? Mert egy bizonyos ponton feladt\u00e1k, \u00e9s elkezdtek hinni ezeknek a buta szavaknak. Ennek k\u00f6vetkezt\u00e9ben, az \u00f6nbizalmuk egyre jobban elhalv\u00e1nyul, s egy t\u00e9ves \u00f6nk\u00e9pet kezdenek el maguk el\u00e9 vet\u00edteni.<\/p>\n<p>Akik b\u00e1ntalmazz\u00e1k \u0151ket, nem is tudj\u00e1k, hogy ezek a s\u00falytalannak t\u0171n\u0151 bugyuta szavak mennyi mindent k\u00e9pesek lerombolni. Konkr\u00e9tan egy ember szem\u00e9lyis\u00e9g\u00e9t, s ezzel majd a j\u00f6v\u0151re n\u00e9zve egy hatalmas pofon. Hiszen a b\u00e1ntalmazottnak beilleszked\u00e9si zavarai lesznek, s az \u00f6n\u00e9rt\u00e9kel\u00e9se is egyenl\u0151 lesz a null\u00e1val, s ezzel, hogy fogja \u00e1tverekedni mag\u00e1t az \u00e9let akad\u00e1lyain?<a href=\"http:\/\/szigma.szigbp.hu\/wp-content\/uploads\/2016\/09\/13.png\"><img decoding=\"async\" loading=\"lazy\" class=\"size-medium wp-image-2210 alignright\" src=\"http:\/\/szigma.szigbp.hu\/wp-content\/uploads\/2016\/09\/13-300x168.png\" alt=\"13\" width=\"300\" height=\"168\" srcset=\"http:\/\/szigma.szigbp.hu\/wp-content\/uploads\/2016\/09\/13-300x168.png 300w, http:\/\/szigma.szigbp.hu\/wp-content\/uploads\/2016\/09\/13.png 548w\" sizes=\"(max-width: 300px) 100vw, 300px\" \/><\/a><\/p>\n<p>Valaki belegondolt m\u00e1r ezekbe a k\u00f6vetkezm\u00e9nyekbe? Mikor az \u00f3r\u00e1n, vagy a folyos\u00f3n valakit terroriz\u00e1lnak, rossz, egyenesen s\u00e9rt\u0151 dolgokat mondanak r\u00e1, s k\u00f6zben vihor\u00e1szva mutogatnak r\u00e1, valaki belegondolt, hogy vajon milyen \u00e9rz\u00e9s lehet ilyen emberek helyzet\u00e9be lenni?<\/p>\n<p>Ahol a f\u00e9lelem felem\u00e9szti \u0151ket, s menek\u00fclve futnak az emberekt\u0151l, mik\u00f6zben a legkisebb felt\u0171n\u00e9st pr\u00f3b\u00e1lj\u00e1k kelteni. Sosem mernek ki\u00e1llni, mert folyton retteg\u00e9sben tartja \u0151ket, hogy valaki egyszer, \u00edgy sz\u00f3l hozz\u00e1juk: Ki vagy te? Csak egyre jobban meghalnak bel\u00fclr\u0151l\u2026<\/p>\n<p>Csak az\u00e9rt, mert valakinek a tests\u00falya, a sz\u00e1rmaz\u00e1sa, a ruh\u00e1zata, a szem\u00e9lyis\u00e9ge, a nemi identit\u00e1sa k\u00fcl\u00f6nb\u00f6zik a ,,megszokott\u00f3l\u201d az m\u00e9g nem \u00e9rdemli meg, hogy egy utols\u00f3 senkik\u00e9nt kezelj\u00e9k. Egy egyszer\u0171nek t\u0171n\u0151, m\u00e9gis baromira neh\u00e9z dologra v\u00e1gynak. Az elfogad\u00e1sra.<\/p>\n<p>Ebben a vil\u00e1gban a semmi\u00e9rt is kitagadhatunk m\u00e1r embereket. De egy valamit mindenki jegyezzen meg! Nick Vujicic szavaival \u00e9lve: ,,A gondok ott kezd\u0151dnek, ha valaki azt hiszi, hogy t\u00f6bb a m\u00e1sikn\u00e1l\u201d<a href=\"http:\/\/szigma.szigbp.hu\/wp-content\/uploads\/2016\/09\/11.png\"><img decoding=\"async\" loading=\"lazy\" class=\"size-medium wp-image-2208 alignright\" src=\"http:\/\/szigma.szigbp.hu\/wp-content\/uploads\/2016\/09\/11-300x135.png\" alt=\"11\" width=\"300\" height=\"135\" srcset=\"http:\/\/szigma.szigbp.hu\/wp-content\/uploads\/2016\/09\/11-300x135.png 300w, http:\/\/szigma.szigbp.hu\/wp-content\/uploads\/2016\/09\/11.png 544w\" sizes=\"(max-width: 300px) 100vw, 300px\" \/><\/a><br \/>\n(Nick Vujicic Magyarorsz\u00e1gon: <a href=\"http:\/\/ezazanap.hu\/nick-vujicic\/\">http:\/\/ezazanap.hu\/nick-vujicic\/<\/a> )<\/p>\n<p>Egy es\u00e9lyt. Egy es\u00e9lyt azoknak a di\u00e1kt\u00e1rsainknak, akik a szavak elnyom\u00e1s\u00e1ban \u00e9ltek. Hadd t\u00f6rjenek ki \u0151k is, s mutass\u00e1k meg a vil\u00e1gnak, hogy igenis l\u00e9teznek!<\/p>\n<p><strong>Zhu Ziyan Michelle<\/strong><\/p>\n<p>&nbsp;<\/p>\n","protected":false},"excerpt":{"rendered":"<div class=\"mh-excerpt\"><p>Se t\u00f6bb, se kevesebb! \u00c9rezted-e m\u00e1r \u00e9letedben valaha, hogy senki nem vesz \u00e9szre? Vagy, hogy mindenki t\u00e9ged figyel, s a k\u00f6vetkez\u0151 arcra es\u00e9sedre v\u00e1rnak? Igen? <a class=\"mh-excerpt-more\" href=\"http:\/\/szigma.szigbp.hu\/?p=2206\" title=\"Se t\u00f6bb, se kevesebb!\">[&#8230;]<\/a><\/p>\n<\/div>","protected":false},"author":25,"featured_media":2210,"comment_status":"closed","ping_status":"closed","sticky":false,"template":"","format":"standard","meta":[],"categories":[8,3],"tags":[16],"_links":{"self":[{"href":"http:\/\/szigma.szigbp.hu\/index.php?rest_route=\/wp\/v2\/posts\/2206"}],"collection":[{"href":"http:\/\/szigma.szigbp.hu\/index.php?rest_route=\/wp\/v2\/posts"}],"about":[{"href":"http:\/\/szigma.szigbp.hu\/index.php?rest_route=\/wp\/v2\/types\/post"}],"author":[{"embeddable":true,"href":"http:\/\/szigma.szigbp.hu\/index.php?rest_route=\/wp\/v2\/users\/25"}],"replies":[{"embeddable":true,"href":"http:\/\/szigma.szigbp.hu\/index.php?rest_route=%2Fwp%2Fv2%2Fcomments&post=2206"}],"version-history":[{"count":3,"href":"http:\/\/szigma.szigbp.hu\/index.php?rest_route=\/wp\/v2\/posts\/2206\/revisions"}],"predecessor-version":[{"id":2212,"href":"http:\/\/szigma.szigbp.hu\/index.php?rest_route=\/wp\/v2\/posts\/2206\/revisions\/2212"}],"wp:featuredmedia":[{"embeddable":true,"href":"http:\/\/szigma.szigbp.hu\/index.php?rest_route=\/wp\/v2\/media\/2210"}],"wp:attachment":[{"href":"http:\/\/szigma.szigbp.hu\/index.php?rest_route=%2Fwp%2Fv2%2Fmedia&parent=2206"}],"wp:term":[{"taxonomy":"category","embeddable":true,"href":"http:\/\/szigma.szigbp.hu\/index.php?rest_route=%2Fwp%2Fv2%2Fcategories&post=2206"},{"taxonomy":"post_tag","embeddable":true,"href":"http:\/\/szigma.szigbp.hu\/index.php?rest_route=%2Fwp%2Fv2%2Ftags&post=2206"}],"curies":[{"name":"wp","href":"https:\/\/api.w.org\/{rel}","templated":true}]}}