{"id":2391,"date":"2016-10-17T06:00:38","date_gmt":"2016-10-17T04:00:38","guid":{"rendered":"http:\/\/szigma.szigbp.hu\/?p=2391"},"modified":"2016-10-16T19:35:13","modified_gmt":"2016-10-16T17:35:13","slug":"evfordulok-10-17","status":"publish","type":"post","link":"http:\/\/szigma.szigbp.hu\/?p=2391","title":{"rendered":"\u00c9vfordul\u00f3k 10.17."},"content":{"rendered":"<p><span style=\"color: #000000;\">&#8222;Nincs igazs\u00e1g, csak t\u00f6rt\u00e9netek vannak.&#8221;<br \/>\n<em>zuni indi\u00e1n mond\u00e1s<\/em><\/span><\/p>\n<p><strong>Okt\u00f3ber tizenhetedike<\/strong><br \/>\nMai n\u00e9vnapok: ism\u00e9t Hedvig \u00e9s Rudolf<\/p>\n<ul>\n<li>1552<img decoding=\"async\" loading=\"lazy\" class=\"size-medium wp-image-2392 alignright\" src=\"http:\/\/szigma.szigbp.hu\/wp-content\/uploads\/2016\/10\/slider-2-300x224.jpg\" alt=\"slider-2\" width=\"300\" height=\"224\" srcset=\"http:\/\/szigma.szigbp.hu\/wp-content\/uploads\/2016\/10\/slider-2-300x224.jpg 300w, http:\/\/szigma.szigbp.hu\/wp-content\/uploads\/2016\/10\/slider-2-174x131.jpg 174w, http:\/\/szigma.szigbp.hu\/wp-content\/uploads\/2016\/10\/slider-2-70x53.jpg 70w, http:\/\/szigma.szigbp.hu\/wp-content\/uploads\/2016\/10\/slider-2.jpg 667w\" sizes=\"(max-width: 300px) 100vw, 300px\" \/><br \/>\nBefejez\u0151d\u00f6tt az egri v\u00e1r ostroma, a t\u00f6r\u00f6k hadsereg megkezdte az elvonul\u00e1st.<\/li>\n<\/ul>\n<ul>\n<li>1803<br \/>\nMegsz\u00fcletett De\u00e1k Ferenc, akit kort\u00e1rsai &#8222;a haza b\u00f6lcs\u00e9&#8221;-nek neveztek megfontolts\u00e1ga \u00e9s tisztess\u00e9ge miatt.<\/li>\n<\/ul>\n<ul>\n<li>1810<br \/>\nEl\u0151sz\u00f6r rendeztek Oktoberfest-et Bajororsz\u00e1gban.\u00a0<img decoding=\"async\" loading=\"lazy\" class=\" wp-image-2393 alignright\" src=\"http:\/\/szigma.szigbp.hu\/wp-content\/uploads\/2016\/10\/let\u00f6lt\u00e9s1.jpg\" alt=\"letoltes\" width=\"276\" height=\"217\" \/><\/li>\n<\/ul>\n<ul>\n<li>1913<br \/>\nLezuhant a Ferdinand von Zeppelin \u00e1ltal terve\u00a0zett l\u00e9ghaj\u00f3.<\/li>\n<\/ul>\n<ul>\n<li>1979<br \/>\nTer\u00e9z anya B\u00e9ke Nobel-d\u00edjat kapott.<\/li>\n<\/ul>\n<p><span style=\"color: #000000;\">Gy\u00f6ngy\u00f6si S\u00e1ra,\u00a0<\/span><span style=\"color: #000000;\">Kegyes-Brassai Eszter Kinga<\/span><\/p>\n","protected":false},"excerpt":{"rendered":"<div class=\"mh-excerpt\"><p>&#8222;Nincs igazs\u00e1g, csak t\u00f6rt\u00e9netek vannak.&#8221; zuni indi\u00e1n mond\u00e1s Okt\u00f3ber tizenhetedike Mai n\u00e9vnapok: ism\u00e9t Hedvig \u00e9s Rudolf 1552 Befejez\u0151d\u00f6tt az egri v\u00e1r ostroma, a t\u00f6r\u00f6k hadsereg <a class=\"mh-excerpt-more\" href=\"http:\/\/szigma.szigbp.hu\/?p=2391\" title=\"\u00c9vfordul\u00f3k 10.17.\">[&#8230;]<\/a><\/p>\n<\/div>","protected":false},"author":25,"featured_media":745,"comment_status":"closed","ping_status":"closed","sticky":false,"template":"","format":"standard","meta":[],"categories":[4],"tags":[],"_links":{"self":[{"href":"http:\/\/szigma.szigbp.hu\/index.php?rest_route=\/wp\/v2\/posts\/2391"}],"collection":[{"href":"http:\/\/szigma.szigbp.hu\/index.php?rest_route=\/wp\/v2\/posts"}],"about":[{"href":"http:\/\/szigma.szigbp.hu\/index.php?rest_route=\/wp\/v2\/types\/post"}],"author":[{"embeddable":true,"href":"http:\/\/szigma.szigbp.hu\/index.php?rest_route=\/wp\/v2\/users\/25"}],"replies":[{"embeddable":true,"href":"http:\/\/szigma.szigbp.hu\/index.php?rest_route=%2Fwp%2Fv2%2Fcomments&post=2391"}],"version-history":[{"count":2,"href":"http:\/\/szigma.szigbp.hu\/index.php?rest_route=\/wp\/v2\/posts\/2391\/revisions"}],"predecessor-version":[{"id":2395,"href":"http:\/\/szigma.szigbp.hu\/index.php?rest_route=\/wp\/v2\/posts\/2391\/revisions\/2395"}],"wp:featuredmedia":[{"embeddable":true,"href":"http:\/\/szigma.szigbp.hu\/index.php?rest_route=\/wp\/v2\/media\/745"}],"wp:attachment":[{"href":"http:\/\/szigma.szigbp.hu\/index.php?rest_route=%2Fwp%2Fv2%2Fmedia&parent=2391"}],"wp:term":[{"taxonomy":"category","embeddable":true,"href":"http:\/\/szigma.szigbp.hu\/index.php?rest_route=%2Fwp%2Fv2%2Fcategories&post=2391"},{"taxonomy":"post_tag","embeddable":true,"href":"http:\/\/szigma.szigbp.hu\/index.php?rest_route=%2Fwp%2Fv2%2Ftags&post=2391"}],"curies":[{"name":"wp","href":"https:\/\/api.w.org\/{rel}","templated":true}]}}