{"id":2396,"date":"2016-10-18T06:00:16","date_gmt":"2016-10-18T04:00:16","guid":{"rendered":"http:\/\/szigma.szigbp.hu\/?p=2396"},"modified":"2016-10-16T19:39:24","modified_gmt":"2016-10-16T17:39:24","slug":"evfordulok-10-18","status":"publish","type":"post","link":"http:\/\/szigma.szigbp.hu\/?p=2396","title":{"rendered":"\u00c9vfordul\u00f3k 10.18."},"content":{"rendered":"<p><span style=\"color: #000000;\">&#8222;Amit nem fejeznek be megfelel\u0151 helyen \u00e9s id\u0151ben, \u00f6r\u00f6k id\u0151kre befejezetlen marad.&#8221;<br \/>\n<em>Hagakure<\/em><\/span><\/p>\n<p><strong>Okt\u00f3ber tizennyolcadika<\/strong><br \/>\nMai n\u00e9vnap: Luk\u00e1cs<\/p>\n<ul>\n<li>1469<a href=\"http:\/\/szigma.szigbp.hu\/wp-content\/uploads\/2016\/10\/korutazas-alaszkaban-alaszka-gleccserei-vancouver-skagway-anchorage-13-napos-korut-a-kaprazatos-alaszkai-nemzeti-parkban-alaszka-juneau-ketchikan-skagway-kanada-vancouver-utazom.com-utazasi-iroda_2.jpg\"><img decoding=\"async\" loading=\"lazy\" class=\"size-medium wp-image-2397 alignright\" src=\"http:\/\/szigma.szigbp.hu\/wp-content\/uploads\/2016\/10\/korutazas-alaszkaban-alaszka-gleccserei-vancouver-skagway-anchorage-13-napos-korut-a-kaprazatos-alaszkai-nemzeti-parkban-alaszka-juneau-ketchikan-skagway-kanada-vancouver-utazom.com-utazasi-iroda_2-300x181.jpg\" alt=\"korutazas-alaszkaban-alaszka-gleccserei-vancouver-skagway-anchorage-13-napos-korut-a-kaprazatos-alaszkai-nemzeti-parkban-alaszka-juneau-ketchikan-skagway-kanada-vancouver-utazom-com-utazasi-iroda_2\" width=\"300\" height=\"181\" srcset=\"http:\/\/szigma.szigbp.hu\/wp-content\/uploads\/2016\/10\/korutazas-alaszkaban-alaszka-gleccserei-vancouver-skagway-anchorage-13-napos-korut-a-kaprazatos-alaszkai-nemzeti-parkban-alaszka-juneau-ketchikan-skagway-kanada-vancouver-utazom.com-utazasi-iroda_2-300x181.jpg 300w, http:\/\/szigma.szigbp.hu\/wp-content\/uploads\/2016\/10\/korutazas-alaszkaban-alaszka-gleccserei-vancouver-skagway-anchorage-13-napos-korut-a-kaprazatos-alaszkai-nemzeti-parkban-alaszka-juneau-ketchikan-skagway-kanada-vancouver-utazom.com-utazasi-iroda_2.jpg 800w\" sizes=\"(max-width: 300px) 100vw, 300px\" \/><\/a><br \/>\nH\u00e1zass\u00e1got k\u00f6t\u00f6tt Arag\u00f3niai Ferdin\u00e1nd \u00e9s Kaszt\u00edliai Izabella, \u00edgy egyes\u00fcltek Spanyolorsz\u00e1g tartom\u00e1nyai.<\/li>\n<\/ul>\n<ul>\n<li>1867<br \/>\nAlaszka az Amerikai Egyes\u00fclt \u00c1llamok birtok\u00e1v\u00e1 v\u00e1lt.<\/li>\n<\/ul>\n<ul>\n<li>1931<a href=\"http:\/\/szigma.szigbp.hu\/wp-content\/uploads\/2016\/10\/Jean-Claude-Van-Damme.jpg\"><img decoding=\"async\" loading=\"lazy\" class=\"size-medium wp-image-2398 alignright\" src=\"http:\/\/szigma.szigbp.hu\/wp-content\/uploads\/2016\/10\/Jean-Claude-Van-Damme-229x300.jpg\" alt=\"&quot;The Expendables 2&quot; Madrid Premiere - Arrivals\" width=\"229\" height=\"300\" srcset=\"http:\/\/szigma.szigbp.hu\/wp-content\/uploads\/2016\/10\/Jean-Claude-Van-Damme-229x300.jpg 229w, http:\/\/szigma.szigbp.hu\/wp-content\/uploads\/2016\/10\/Jean-Claude-Van-Damme.jpg 400w\" sizes=\"(max-width: 229px) 100vw, 229px\" \/><\/a><br \/>\nMeghalt Thomas Alva Edison amerikai feltal\u00e1l\u00f3 p\u00e9ld\u00e1ul a villanyk\u00f6rte \u00e9s a gramofon megalkot\u00f3ja.<\/li>\n<\/ul>\n<ul>\n<li>1960<br \/>\nMegsz\u00fcletett Jean-Claude Van Damme belga sz\u00e1rmaz\u00e1s\u00fa sz\u00edn\u00e9sz.<br \/>\nA kickbox nagymestere<br \/>\nT\u00f6k\u00e9letes katona<\/li>\n<\/ul>\n<article class=\"post-2391 post type-post status-draft format-standard has-post-thumbnail hentry category-evfrodulok\" style=\"color: #000000;\">\n<div class=\"entry clearfix\" style=\"font-weight: inherit; font-style: inherit;\">\n<p style=\"font-weight: inherit; font-style: inherit;\"><span style=\"font-weight: inherit; font-style: inherit;\">Gy\u00f6ngy\u00f6si S\u00e1ra,\u00a0<\/span><span style=\"font-weight: inherit; font-style: inherit;\">Kegyes-Brassai Eszter Kinga<\/span><\/p>\n<\/div>\n<\/article>\n","protected":false},"excerpt":{"rendered":"<div class=\"mh-excerpt\"><p>&#8222;Amit nem fejeznek be megfelel\u0151 helyen \u00e9s id\u0151ben, \u00f6r\u00f6k id\u0151kre befejezetlen marad.&#8221; Hagakure Okt\u00f3ber tizennyolcadika Mai n\u00e9vnap: Luk\u00e1cs 1469 H\u00e1zass\u00e1got k\u00f6t\u00f6tt Arag\u00f3niai Ferdin\u00e1nd \u00e9s Kaszt\u00edliai <a class=\"mh-excerpt-more\" href=\"http:\/\/szigma.szigbp.hu\/?p=2396\" title=\"\u00c9vfordul\u00f3k 10.18.\">[&#8230;]<\/a><\/p>\n<\/div>","protected":false},"author":25,"featured_media":750,"comment_status":"closed","ping_status":"closed","sticky":false,"template":"","format":"standard","meta":[],"categories":[4],"tags":[16],"_links":{"self":[{"href":"http:\/\/szigma.szigbp.hu\/index.php?rest_route=\/wp\/v2\/posts\/2396"}],"collection":[{"href":"http:\/\/szigma.szigbp.hu\/index.php?rest_route=\/wp\/v2\/posts"}],"about":[{"href":"http:\/\/szigma.szigbp.hu\/index.php?rest_route=\/wp\/v2\/types\/post"}],"author":[{"embeddable":true,"href":"http:\/\/szigma.szigbp.hu\/index.php?rest_route=\/wp\/v2\/users\/25"}],"replies":[{"embeddable":true,"href":"http:\/\/szigma.szigbp.hu\/index.php?rest_route=%2Fwp%2Fv2%2Fcomments&post=2396"}],"version-history":[{"count":2,"href":"http:\/\/szigma.szigbp.hu\/index.php?rest_route=\/wp\/v2\/posts\/2396\/revisions"}],"predecessor-version":[{"id":2400,"href":"http:\/\/szigma.szigbp.hu\/index.php?rest_route=\/wp\/v2\/posts\/2396\/revisions\/2400"}],"wp:featuredmedia":[{"embeddable":true,"href":"http:\/\/szigma.szigbp.hu\/index.php?rest_route=\/wp\/v2\/media\/750"}],"wp:attachment":[{"href":"http:\/\/szigma.szigbp.hu\/index.php?rest_route=%2Fwp%2Fv2%2Fmedia&parent=2396"}],"wp:term":[{"taxonomy":"category","embeddable":true,"href":"http:\/\/szigma.szigbp.hu\/index.php?rest_route=%2Fwp%2Fv2%2Fcategories&post=2396"},{"taxonomy":"post_tag","embeddable":true,"href":"http:\/\/szigma.szigbp.hu\/index.php?rest_route=%2Fwp%2Fv2%2Ftags&post=2396"}],"curies":[{"name":"wp","href":"https:\/\/api.w.org\/{rel}","templated":true}]}}