{"id":2430,"date":"2016-10-17T20:27:29","date_gmt":"2016-10-17T18:27:29","guid":{"rendered":"http:\/\/szigma.szigbp.hu\/?p=2430"},"modified":"2016-10-17T20:27:29","modified_gmt":"2016-10-17T18:27:29","slug":"ami-igazan-fontos","status":"publish","type":"post","link":"http:\/\/szigma.szigbp.hu\/?p=2430","title":{"rendered":"Ami igaz\u00e1n fontos&#8230;"},"content":{"rendered":"<p>Mindenki egy\u00e9nis\u00e9gnek sz\u00fcletik, de a legt\u00f6bb ember m\u00e1solatk\u00e9nt hal meg. \u00c9s ne mondjuk, hogy nem igaz. Csak kukkantsunk bele jobban a vil\u00e1gunkba.<br \/>\nP\u00e9ld\u00e1ul azok a rohan\u00f3 feln\u0151ttek. Mindennap ugyanaz a k\u00f6rforg\u00e1s. Kel\u00e9s, reggelit csin\u00e1lni, munk\u00e1ba menni, majd hazaj\u00f6nni, mik\u00f6zben a gyerekekr\u0151l is gondoskodni kell. Siets\u00e9g, siets\u00e9g, nincs meg\u00e1ll\u00e1s. Vajon hova t\u0171nt bel\u0151l\u00fck a lelkesed\u00e9s? Mi t\u00f6rt\u00e9nt a gyermekkori \u00e1lmaikkal? A c\u00e9ljaikkal, amik\u00e9rt k\u00fczdeni akartak? A dolgokkal, amit egyszer az \u00e9letben mindenk\u00e9ppen meg akartak tenni? A vil\u00e1g a legt\u00f6bb feln\u0151ttb\u0151l, ezt mind ki\u00f6lte.<\/p>\n<p><a href=\"http:\/\/szigma.szigbp.hu\/wp-content\/uploads\/2016\/10\/2.png\"><img decoding=\"async\" loading=\"lazy\" class=\"wp-image-2432 aligncenter\" src=\"http:\/\/szigma.szigbp.hu\/wp-content\/uploads\/2016\/10\/2-300x115.png\" alt=\"2\" width=\"576\" height=\"199\" \/><\/a><br \/>\nNa de mi van vel\u00fcnk di\u00e1kokkal? Akiknek hatalmas terveik vannak a j\u00f6v\u0151vel kapcsolatban, vajon mi is e vil\u00e1gnak a ,,robotjai\u201d lesz\u00fcnk? Vagy k\u00e9pesek lesz\u00fcnk lek\u00fczdeni a r\u00e1nk v\u00e1r\u00f3 f\u00e9lelmetes akad\u00e1lyokat, s igaz\u00e1ndib\u00f3l is \u00e9lni majd? Ez a v\u00e1laszt\u00e1s rajtunk \u00e1ll. De addig is\u2026<br \/>\n\u00c9lvezz\u00fck, min\u00e9l jobban az \u00e9let\u00fcnket. Merj\u00fcnk nagyokat \u00e1lmodni. Ne vesztegess\u00fck el ezeket a pillanatokat, mert mikor feln\u00f6v\u00fcnk, magunkra maradunk. M\u00e1r nem lesz anyu, apu aki a h\u00e1ziban seg\u00edt, s finom \u00e9telekkel v\u00e1r haza. Vagy az a tem\u00e9rdeknyi id\u0151, amit a bar\u00e1tokkal, vagy a hobbijainkkal t\u00f6lthet\u00fcnk. Ez\u00e9rt ameddig lehet haszn\u00e1ljuk ki minden id\u0151nket, s k\u00f6zben vegy\u00fck \u00e9szre az \u00e9let\u00fcnkben rejl\u0151 apr\u00f3 sz\u00e9ps\u00e9geit, \u00f6r\u00f6meit.<\/p>\n<p>Valamint ne. Ne pazaroljuk\u00a0az id\u0151nket azzal, hogy megfelel\u00e9si k\u00e9nyszer al\u00e1 helyezz\u00fck magunkat. L\u00e1nyok, fi\u00fak!\u00a0 Ne pocs\u00e9koljuk az id\u0151nket azzal, hogy eg\u00e9sz \u00e1ll\u00f3nap a t\u00fck\u00f6rbe n\u00e9zegetj\u00fck magunkat, mik\u00f6zben irigyked\u00fcnk m\u00e1sok kin\u00e9zet\u00e9re. Ne a Facebookon vagy az Instagrammon n\u00e9zegess\u00fck, hogy kinek h\u00e1ny l\u00e1jkja van a k\u00e9pei alatt, mik\u00f6zben azon j\u00e1r a fej\u00fcnk, hogy \u00e9n hogy lehetn\u00e9k\u00a0olyan, mint \u0151. NE! \u00cdgy csak telik, az id\u0151, mik\u00f6zben egyre jobban m\u00e1solatt\u00e1 v\u00e1lunk. Legy\u00fcnk \u00f6nmagunk, s a legfontosabb fogadjuk el, tanuljuk meg szeretni magunkat.<\/p>\n<p><img decoding=\"async\" loading=\"lazy\" class=\"wp-image-2431 aligncenter\" src=\"http:\/\/szigma.szigbp.hu\/wp-content\/uploads\/2016\/10\/1-300x139.png\" alt=\"1\" width=\"540\" height=\"192\" \/><\/p>\n<p>Ha ez mind meg van, akkor m\u00e1r csak egy dolog van h\u00e1tra. Merj\u00fcnk \u00e9lni. Pr\u00f3b\u00e1ljunk meg min\u00e9l t\u00f6bb dolgot kipip\u00e1lni a bakancslist\u00e1nkb\u00f3l. Hagyjuk, hogy izgalmas gondolatok \u00e1rassz\u00e1k be a fej\u00fcnket. Ne legyen m\u00e1r most a mi \u00e9let\u00fcnk elveszve. Ragadjuk meg, s szor\u00edtsuk j\u00f3 er\u0151sen magunkhoz. Ne hagyjuk, hogy a f\u00e9lelem \u00e9s a stressz uraljon minket. \u00c9lj\u00fcnk, mert jogunk van hozz\u00e1.<br \/>\nS ha majd egyszer feln\u00f6v\u00fcnk, lehet, hogy mi is be\u00fctemezett g\u00e9pek lesz\u00fcnk, vagy m\u00e9g mindig er\u0151sen hisz\u00fcnk. Hisz\u00fcnk \u00f6nmagunkban, \u00e1lmainkban, mik\u00f6zben k\u00fczd\u00fcnk, az\u00e9rt, hogy igaz\u00e1n tudjunk \u00e9lni.<\/p>\n<p>A v\u00e1laszt\u00e1s rajtunk \u00e1ll!<\/p>\n<p style=\"text-align: right;\"><strong style=\"color: #000000;\">Zhu Ziyan Michelle<\/strong><\/p>\n","protected":false},"excerpt":{"rendered":"<div class=\"mh-excerpt\"><p>Mindenki egy\u00e9nis\u00e9gnek sz\u00fcletik, de a legt\u00f6bb ember m\u00e1solatk\u00e9nt hal meg. \u00c9s ne mondjuk, hogy nem igaz. Csak kukkantsunk bele jobban a vil\u00e1gunkba. P\u00e9ld\u00e1ul azok a <a class=\"mh-excerpt-more\" href=\"http:\/\/szigma.szigbp.hu\/?p=2430\" title=\"Ami igaz\u00e1n fontos&#8230;\">[&#8230;]<\/a><\/p>\n<\/div>","protected":false},"author":25,"featured_media":2431,"comment_status":"closed","ping_status":"closed","sticky":false,"template":"","format":"standard","meta":[],"categories":[3],"tags":[16],"_links":{"self":[{"href":"http:\/\/szigma.szigbp.hu\/index.php?rest_route=\/wp\/v2\/posts\/2430"}],"collection":[{"href":"http:\/\/szigma.szigbp.hu\/index.php?rest_route=\/wp\/v2\/posts"}],"about":[{"href":"http:\/\/szigma.szigbp.hu\/index.php?rest_route=\/wp\/v2\/types\/post"}],"author":[{"embeddable":true,"href":"http:\/\/szigma.szigbp.hu\/index.php?rest_route=\/wp\/v2\/users\/25"}],"replies":[{"embeddable":true,"href":"http:\/\/szigma.szigbp.hu\/index.php?rest_route=%2Fwp%2Fv2%2Fcomments&post=2430"}],"version-history":[{"count":2,"href":"http:\/\/szigma.szigbp.hu\/index.php?rest_route=\/wp\/v2\/posts\/2430\/revisions"}],"predecessor-version":[{"id":2434,"href":"http:\/\/szigma.szigbp.hu\/index.php?rest_route=\/wp\/v2\/posts\/2430\/revisions\/2434"}],"wp:featuredmedia":[{"embeddable":true,"href":"http:\/\/szigma.szigbp.hu\/index.php?rest_route=\/wp\/v2\/media\/2431"}],"wp:attachment":[{"href":"http:\/\/szigma.szigbp.hu\/index.php?rest_route=%2Fwp%2Fv2%2Fmedia&parent=2430"}],"wp:term":[{"taxonomy":"category","embeddable":true,"href":"http:\/\/szigma.szigbp.hu\/index.php?rest_route=%2Fwp%2Fv2%2Fcategories&post=2430"},{"taxonomy":"post_tag","embeddable":true,"href":"http:\/\/szigma.szigbp.hu\/index.php?rest_route=%2Fwp%2Fv2%2Ftags&post=2430"}],"curies":[{"name":"wp","href":"https:\/\/api.w.org\/{rel}","templated":true}]}}