{"id":2502,"date":"2016-10-23T19:07:22","date_gmt":"2016-10-23T17:07:22","guid":{"rendered":"http:\/\/szigma.szigbp.hu\/?p=2502"},"modified":"2016-10-23T19:08:14","modified_gmt":"2016-10-23T17:08:14","slug":"hosszan-valami-fajoan-rovidrol","status":"publish","type":"post","link":"http:\/\/szigma.szigbp.hu\/?p=2502","title":{"rendered":"Hosszan, valami f\u00e1j\u00f3an r\u00f6vidr\u0151l"},"content":{"rendered":"<p style=\"color: #1d2129;\">Szok\u00e1sos h\u00e9tf\u0151 reggeli dupla matekfakttal in<img decoding=\"async\" loading=\"lazy\" class=\"size-medium wp-image-2503 alignright\" src=\"http:\/\/szigma.szigbp.hu\/wp-content\/uploads\/2016\/10\/gyertya-300x171.jpg\" alt=\"gyertya\" width=\"300\" height=\"171\" srcset=\"http:\/\/szigma.szigbp.hu\/wp-content\/uploads\/2016\/10\/gyertya-300x171.jpg 300w, http:\/\/szigma.szigbp.hu\/wp-content\/uploads\/2016\/10\/gyertya.jpg 717w\" sizes=\"(max-width: 300px) 100vw, 300px\" \/>dult a h\u00e9t. Ez a k\u00e9t \u00f3ra mindig a fel\u00e9bred\u00e9sr\u0151l sz\u00f3l. A v\u00e9g\u00e9re m\u00e1r biztosan kiny\u00edlik a szem\u00fcnk, felfogjuk, hol vagyunk, mit tanulunk, \u00e9s tudatosul benn\u00fcnk, hogy ez is egy \u00faj nap, egy \u00faj h\u00e9t kezdete. Nem volt ez m\u00e1sk\u00e9pp ma sem. Az \u00f3ra m\u00e1sodik fel\u00e9ben m\u00e1r \u00e9beren po\u00e9nkodtunk azon, hogy hi\u00e1ba mondj\u00e1k, hogy szombaton rendes tan\u00edt\u00e1s lesz, addigra \u00fagyis kider\u00fcl, hogy r\u00f6vid\u00edtett \u00f3r\u00e1k lesznek. Mindig \u00edgy van.<\/p>\n<p style=\"color: #1d2129;\">\u00c9beren hallottuk a kics\u00f6ng\u0151t is, amit a j\u00f3l ismert szaggatott csenget\u00e9s k\u00f6vetett: tan\u00e1rh\u00edv\u00f3. Pedig ilyenkor sosincsen tan\u00e1rh\u00edv\u00f3. Biztosan a szombati r\u00f6vid\u00edtett \u00f3r\u00e1k \u2013 nevetett mindenki. A teremb\u0151l ki\u00e9rve, a l\u00e9pcs\u0151n befordulva, a sarokt\u00f3l nem messze egy fekete vasasztal \u00e1llt a fal mellett, \u00fcveglappal. Kiss\u00e9 \u00fatban volt, nem is \u00e9rtett\u00fck, m\u00e9g nevett\u00fcnk is rajta, hogy mit keres ott.<br \/>\n<img decoding=\"async\" loading=\"lazy\" class=\"size-medium wp-image-2504 alignleft\" src=\"http:\/\/szigma.szigbp.hu\/wp-content\/uploads\/2016\/10\/186795966O-300x162.jpg\" alt=\"186795966o\" width=\"300\" height=\"162\" srcset=\"http:\/\/szigma.szigbp.hu\/wp-content\/uploads\/2016\/10\/186795966O-300x162.jpg 300w, http:\/\/szigma.szigbp.hu\/wp-content\/uploads\/2016\/10\/186795966O.jpg 737w\" sizes=\"(max-width: 300px) 100vw, 300px\" \/>A harmadikon, a f\u00e9lhom\u00e1lyos folyos\u00f3n v\u00e1rtuk a n\u00e9met\u00f3r\u00e1t. Becsengettek. Eltelt t\u00edz perc,\u00a0m\u00e9g mindig semmi. M\u00e1rpedig a n\u00e9mettan\u00e1r sosem k\u00e9sik. Tan\u00e1rh\u00edv\u00f3 sem szokott ilyenkor lenni. Valaki kital\u00e1lta, hogy biztos t\u0171zriad\u00f3 van. Azt\u00e1n valaki mondott valami eg\u00e9szen m\u00e1st: valaki \u00f6ngyilkos lett. Senki sem vette komolyan. J\u00f6nnek a tan\u00e1rok, mindenki komor. Nem \u00e9rtj\u00fck. Menj\u00fcnk a term\u00fcnkbe, rendk\u00edv\u00fcli oszt\u00e1lyf\u0151n\u00f6ki \u00f3ra. Pl\u00e1ne nem \u00e9rtj\u00fck. Sosem volt m\u00e9g ilyen.<br \/>\nAhogy l\u00e9pcs\u0151z\u00fcnk le a harmadikr\u00f3l a f\u00f6ldszintre, m\u00e9g mindig nem \u00e9rtj\u00fck, pedig a megold\u00e1s ott van el\u0151tt\u00fcnk. Senki sem fogja fel igaz\u00e1n. Le\u00fcl\u00fcnk a term\u00fcnkben, sosem volt m\u00e9g ekkora csend. \u00c9s az oszt\u00e1lyf\u0151n\u00f6k\u00fcnk el-elcsukl\u00f3 hangon elmondja: a h\u00edr igaz. T\u00e9nyleg \u00f6ngyilkos lett egy di\u00e1k. Hidegzuhany. M\u00e9gsem indult ma mindenkinek egy \u00faj h\u00e9t.<\/p>\n<p style=\"color: #1d2129;\">V<img decoding=\"async\" loading=\"lazy\" class=\"size-medium wp-image-2505 alignright\" src=\"http:\/\/szigma.szigbp.hu\/wp-content\/uploads\/2016\/10\/gyertya_2_490529_89314-300x200.jpg\" alt=\"gyertya_2_490529_89314\" width=\"300\" height=\"200\" srcset=\"http:\/\/szigma.szigbp.hu\/wp-content\/uploads\/2016\/10\/gyertya_2_490529_89314-300x200.jpg 300w, http:\/\/szigma.szigbp.hu\/wp-content\/uploads\/2016\/10\/gyertya_2_490529_89314-1024x682.jpg 1024w, http:\/\/szigma.szigbp.hu\/wp-content\/uploads\/2016\/10\/gyertya_2_490529_89314.jpg 1125w\" sizes=\"(max-width: 300px) 100vw, 300px\" \/>al\u00f3j\u00e1ban ekkor m\u00e9g fel sem fogtam az eg\u00e9szet. Nem volt mihez k\u00f6tn\u00f6m az \u00f6ngyilkoss\u00e1got. A r\u00e9szletekt\u0151l v\u00e1lt igaz\u00e1n h\u00e1tborzongat\u00f3v\u00e1 az eg\u00e9sz.<br \/>\nSzombaton.<br \/>\nOtthon.<br \/>\nK\u00f6t\u00e9llel.<br \/>\n\u00c1lszents\u00e9g lenne azt \u00e1ll\u00edtani, hogy hi\u00e1nyozni fog: nem is ismertem. De nem az sz\u00e1m\u00edt, hogy egy oszt\u00e1lyba j\u00e1rtunk-e, hogy k\u00f6sz\u00f6nt\u00fcnk-e egym\u00e1snak a folyos\u00f3n. M\u00e9g csak nem is az, hogy tudtam-e a nev\u00e9t. Csak az sz\u00e1m\u00edt, hogy ember volt. Megism\u00e9telhetetlen ember. Egyszeri \u00e9lettel.<br \/>\nRengeteg tanuls\u00e1got le lehet vonni a t\u00f6rt\u00e9netb\u0151l. Figyelj\u00fcnk a jelekre. \u00c9rts\u00fck meg egym\u00e1st. Az \u00e9let a legfontosabb \u00e9rt\u00e9k. Minden probl\u00e9m\u00e1t meg lehet oldani. \u00c9s ezek mind-mind nagyon fontos tanuls\u00e1gok. T\u00e9nyleg! Nekem m\u00e9gis m\u00e1s a f\u0151 tanuls\u00e1ga ennek az eg\u00e9sznek: hogy mennyire nem igaz, hogy k\u00f6r\u00fcl\u00f6tt\u00fcnk \u00fagysem t\u00f6rt\u00e9nik ilyesmi.<\/p>\n<p style=\"color: #1d2129;\">Az \u00fcveglapos vasasztal most is ott \u00e1ll az aul\u00e1ban. Rajta egy f\u00e9nyk\u00e9p, \u00e9s sok m\u00e9cses. \u00c9s feket\u00e9bb, mint valaha.<br \/>\nNyugodj b\u00e9k\u00e9ben!<\/p>\n<p id=\"js_1\" class=\"_5pbw _5vra\" style=\"text-align: right;\" data-ft=\"{&quot;tn&quot;:&quot;C&quot;}\"><span class=\"fwn fcg\" style=\"color: #000000;\"><span class=\"fwb fcg\" style=\"font-weight: bold;\" data-ft=\"{&quot;tn&quot;:&quot;;&quot;}\">Szkupien Peti<br \/>\n<\/span><\/span>Forr\u00e1s: <a href=\"https:\/\/www.facebook.com\/peti.szkupien\/posts\/1220793647993719\">Facebook<\/a><\/p>\n","protected":false},"excerpt":{"rendered":"<div class=\"mh-excerpt\"><p>Szok\u00e1sos h\u00e9tf\u0151 reggeli dupla matekfakttal indult a h\u00e9t. Ez a k\u00e9t \u00f3ra mindig a fel\u00e9bred\u00e9sr\u0151l sz\u00f3l. A v\u00e9g\u00e9re m\u00e1r biztosan kiny\u00edlik a szem\u00fcnk, felfogjuk, hol <a class=\"mh-excerpt-more\" href=\"http:\/\/szigma.szigbp.hu\/?p=2502\" title=\"Hosszan, valami f\u00e1j\u00f3an r\u00f6vidr\u0151l\">[&#8230;]<\/a><\/p>\n<\/div>","protected":false},"author":25,"featured_media":2503,"comment_status":"closed","ping_status":"closed","sticky":false,"template":"","format":"standard","meta":[],"categories":[3],"tags":[16],"_links":{"self":[{"href":"http:\/\/szigma.szigbp.hu\/index.php?rest_route=\/wp\/v2\/posts\/2502"}],"collection":[{"href":"http:\/\/szigma.szigbp.hu\/index.php?rest_route=\/wp\/v2\/posts"}],"about":[{"href":"http:\/\/szigma.szigbp.hu\/index.php?rest_route=\/wp\/v2\/types\/post"}],"author":[{"embeddable":true,"href":"http:\/\/szigma.szigbp.hu\/index.php?rest_route=\/wp\/v2\/users\/25"}],"replies":[{"embeddable":true,"href":"http:\/\/szigma.szigbp.hu\/index.php?rest_route=%2Fwp%2Fv2%2Fcomments&post=2502"}],"version-history":[{"count":9,"href":"http:\/\/szigma.szigbp.hu\/index.php?rest_route=\/wp\/v2\/posts\/2502\/revisions"}],"predecessor-version":[{"id":2514,"href":"http:\/\/szigma.szigbp.hu\/index.php?rest_route=\/wp\/v2\/posts\/2502\/revisions\/2514"}],"wp:featuredmedia":[{"embeddable":true,"href":"http:\/\/szigma.szigbp.hu\/index.php?rest_route=\/wp\/v2\/media\/2503"}],"wp:attachment":[{"href":"http:\/\/szigma.szigbp.hu\/index.php?rest_route=%2Fwp%2Fv2%2Fmedia&parent=2502"}],"wp:term":[{"taxonomy":"category","embeddable":true,"href":"http:\/\/szigma.szigbp.hu\/index.php?rest_route=%2Fwp%2Fv2%2Fcategories&post=2502"},{"taxonomy":"post_tag","embeddable":true,"href":"http:\/\/szigma.szigbp.hu\/index.php?rest_route=%2Fwp%2Fv2%2Ftags&post=2502"}],"curies":[{"name":"wp","href":"https:\/\/api.w.org\/{rel}","templated":true}]}}