{"id":286,"date":"2014-10-10T21:39:56","date_gmt":"2014-10-10T19:39:56","guid":{"rendered":"http:\/\/szigma.szigbp.hu\/?p=286"},"modified":"2016-03-31T21:48:05","modified_gmt":"2016-03-31T19:48:05","slug":"utopia","status":"publish","type":"post","link":"http:\/\/szigma.szigbp.hu\/?p=286","title":{"rendered":"Ut\u00f3pia"},"content":{"rendered":"<p><strong>Ut\u00f3pia<\/strong><\/p>\n<p>T\u00f6rt\u00e9net\u00fcnk Varga Ern\u0151r\u0151l, a 14 \u00e9ves-forma, barna haj\u00fa, kontaktlencs\u00e9s fi\u00far\u00f3l sz\u00f3l, de csak az\u00e9rt r\u00f3la, \u00e9s nem tegy\u00fck fel, egy szem\u00fcveges l\u00e1nyr\u00f3l, mert a szem\u00fcveg m\u00e1r kiment a divatb\u00f3l. F\u0151leg a l\u00e1nyokn\u00e1l. Teh\u00e1t a fiatalember, szem\u00e9ben a kontaktlencs\u00e9vel, amelyet ugyeb\u00e1r a szem\u00fcveg elavults\u00e1ga miatt k\u00e9nytelen-kelletlen hordania kellett, elindult hazafel\u00e9 az iskol\u00e1b\u00f3l.<\/p>\n<p>A K\u00f6k\u00e9ny J\u00f3zsef Gimn\u00e1ziumba j\u00e1rt, b\u00e1r ezzel a kijelent\u00e9ssel nem adtam ki szem\u00e9lyis\u00e9gi jogokat s\u00e9rt\u0151 adatot, ugyanis a 2021-ben kiadott rendelet szerint az orsz\u00e1g minden int\u00e9zm\u00e9nye felvette a mindenkori minisztereln\u00f6k fels\u00e9ges nev\u00e9t. Lehet ugyan, hogy minisztereln\u00f6k, de val\u00f3j\u00e1ban dikt\u00e1tor, cs\u00e1sz\u00e1r, kir\u00e1ly, \u00e9s minden m\u00e1s c\u00edmet visel a n\u00e9p tudt\u00e1n k\u00edv\u00fcl, melyet egy egyeduralkod\u00f3 viselhet, hiszen ez az \u00e1llamforma egy\u00e9rtelm\u0171en a monarchia tet\u0151foka. Vagy tal\u00e1n m\u00e9g olyanabb. Azonban a k\u00f6zn\u00e9p err\u0151l mit sem tud, lesz\u00e1m\u00edtva azt, hogy minden nagyobb t\u00e9ren 0-24 \u00f3r\u00e1ig aki csak oda t\u00e9ved, k\u00f6teles a zsarnokot \u00e9ltetni, \u00e9s hogy amit vez\u00e9r\u00fck mond, az szent \u00e9s s\u00e9rthetetlen. Egy sz\u00f3, mint sz\u00e1z, az \u00e1llamforma a sz\u00f3 legszorosabb \u00e9rtelm\u00e9ben princip\u00e1tus, azaz burkolt egyeduralom.<\/p>\n<p>Azonban t\u00e9rj\u00fcnk vissza Ern\u0151h\u00f6z, aki \u00e9ppen felsz\u00e1ll a trolibuszra, \u00e9s v\u00e9gigrobog a K\u00f6k\u00e9ny J\u00f3zsef \u00faton. Az ablakon kitekintve szem\u00fcgyre veszi a m\u00fazeumi negyedet, mely hivatalos nev\u00e9n K\u00f6k\u00e9ny J\u00f3zsef m\u00fazeumi negyed, \u00e9s l\u00e9nyeg\u00e9ben tekintve egy vasbeton kolosszus. J\u00f3 t\u00edz \u00e9vvel ezel\u0151tt itt m\u00e9g a v\u00e1ros egyik legnagyobb k\u00f6zparkja z\u00f6ldellett, gyerekzsivaj hallatszott mindenfel\u0151l, \u00e9s megnyugtat\u00f3 volt hallgatni a f\u0171ben hever\u00e9szve, ahogy a lenge szell\u0151 cir\u00f3gatja a f\u00e1k lombjait. Ez azonban m\u00e1r csak a t\u00e1voli m\u00falt. Sokak sz\u00e1m\u00e1ra m\u00e1r feled\u00e9sbe is mer\u00fclt a V\u00e1rosliget. Csak az \u00f6regebbek eml\u00e9keznek kedvelt j\u00e1tsz\u00f3hely\u00fckre, melyet m\u00e1r vagy 10 \u00e9ve le\u00f6nt\u00f6ttek betonnal, hogy belsej\u00e9ben helyet kapjon a m\u00fazeumok folyos\u00f3kkal \u00e1tsz\u0151tt, v\u00e9get nem \u00e9r\u0151 \u00fatveszt\u0151je. A ter\u00fclet r\u00e9gi arc\u00e1t m\u00e1r csak az \u00e9p\u00fcletkomplexum tetej\u00e9n elhelyezked\u0151 n\u00e9h\u00e1ny gyept\u00e9gla, \u00e9s 13 nagy, mesters\u00e9ges fa hirdeti \u00e1rv\u00e1n, maga el\u00e9 meredve. Olyan, ak\u00e1r egy jegesmedve, akit ott felejtettek a Szahar\u00e1ban. A betondzsungel k\u00f6zep\u00e9n ez a teny\u00e9rnyi z\u00f6ld folt hasonl\u00f3an furcs\u00e1n mutatott.<\/p>\n<p>Mire le\u00edr\u00e1som v\u00e9g\u00e9re \u00e9rtem a m\u00fazeumi negyedet illet\u0151leg, Ern\u0151 m\u00e1r le is sz\u00e1llt a trolir\u00f3l, megvakarta szem\u00e9t, mely egy kiss\u00e9 viszketett, ugyanis a kontaktlencse reggel \u00f3ta kisz\u00e1radt, \u00e9s a mindenkori vezet\u0151t \u00e9ltet\u0151 t\u00f6meghez csatlakozva \u00e1ts\u00e9t\u00e1lt a K\u00f6k\u00e9ny t\u00e9r t\u00faloldal\u00e1ra, hogy h\u00e1t\u00e1t kiss\u00e9 a t\u00e1bl\u00e1nak vetve, t\u00f6bb\u00e9-kev\u00e9sb\u00e9 k\u00e9nyelmes p\u00f3zban elhelyezkedjen a buszmeg\u00e1ll\u00f3 peronj\u00e1n. Mik\u00f6zben a buszra v\u00e1rakozott, nem ker\u00fclhette el figyelm\u00e9t a Vezet\u0151i V\u00e1rosr\u00e9sz felh\u0151karcol\u00f3inak szemet vak\u00edt\u00f3 csillog\u00e1sa \u00e9s fens\u00e9ges \u00fcvegh\u00e1z-f\u00e9nye. A v\u00e1rosi vezet\u0151s\u00e9g sz\u00e1m\u00e1ra emelt \u00e9p\u00fcletegy\u00fcttes a meg\u00e1ll\u00f3t\u00f3l mint egy 500 m\u00e9terre, azonban 600 m\u00e9ter szintk\u00fcl\u00f6nbs\u00e9ggel feljebb magasodott a b\u00e1m\u00e9szkod\u00f3 \u00e1mul\u00f3 feje f\u00f6l\u00e9, m\u00edg el nem nyelte tetej\u00e9t a felh\u0151k tejszer\u0171 k\u00f6dj\u00e9nek telhetetlen sz\u00e1ja. A miniszterek itt laknak, dolgoznak, \u00e9s \u00e9lnek, \u00e9l\u00fck\u00f6n K\u00f6k\u00e9ny J\u00f3zseffel, a remek minisztereln\u00f6kkel. R\u00e9gen a kir\u00e1lyok sz\u00e9khelye volt eme fens\u00e9ges dombtet\u0151, \u00e9s itt \u00e1llt a h\u00edres Budav\u00e1ri Palota is. Azonban 2020-ban az eg\u00e9szet els\u00f6p\u00f6rte a d\u00f3zerek, markol\u00f3k, \u00e9s \u00fathengerek alkotta ellen\u00e1ll\u00e1st nem t\u0171r\u0151 hadsereg. Hely\u00e9re emelt\u00e9k a szebbn\u00e9l szebb vasbeton felh\u0151karcol\u00f3kat, melyek az orsz\u00e1g els\u0151 embereinek minden ig\u00e9ny\u00e9t kiel\u00e9g\u00edtik. Az itt l\u00e9v\u0151 Orsz\u00e1gos Sz\u00e9chenyi K\u00f6nyvt\u00e1rat \u00e9s a Nemzeti Gal\u00e9ri\u00e1t pedig \u00e1tk\u00f6lt\u00f6ztett\u00e9k a m\u00fazeumi negyedbe. Itt megjegyezn\u00e9m, hogy eg\u00e9sz j\u00f3 eredm\u00e9nnyel, ugyanis mind\u00f6sszesen 10.000 k\u00f6nyv szenvedett el kisebb s\u00e9r\u00fcl\u00e9st, valamint 200 m\u0171eml\u00e9ki \u00e9rt\u00e9k\u0171 k\u00f6nyvet, illetve 350 festm\u00e9nyt kellet kidobni, a nagyar\u00e1ny\u00fa s\u00e9r\u00fcl\u00e9sek miatt.<\/p>\n<p>Ern\u0151 \u00e9ppen a minisztereln\u00f6ki felh\u0151karcol\u00f3 347. emelet\u00e9t vizsg\u00e1lta \u00e1t t\u00fczetesebben, ugyanis mintha egy ablaktiszt\u00edt\u00f3t v\u00e9lt volna felfedezni az egyik ablak el\u0151tt. Persze sosem lehet tudni azt olyan magass\u00e1gban, f\u0151leg, ha az orvos m\u00e1r er\u0151sebb kontaktlencs\u00e9t \u00edrt fel, csak m\u00e9g nem k\u00e9sz\u00fclt el.<\/p>\n<p>A busz beg\u00f6rd\u00fclt a meg\u00e1ll\u00f3ba, majd csikorogva lef\u00e9kezett, pont a t\u00e1bla el\u0151tt. Ern\u0151 f\u00f6lsz\u00e1llt, majd h\u00e1rom meg\u00e1ll\u00f3val k\u00e9s\u0151bb le. V\u00e9gre otthon volt, m\u00e1r csak p\u00e1r l\u00e9p\u00e9s v\u00e1lasztotta el a K\u00f6k\u00e9ny k\u00f6z 37-t\u0151l. Arra gondolt, milyen j\u00f3 lesz v\u00e9gre otthon lenni, ugyanis v\u00e9gre kiveheti azt az \u00e1tkozott kontaktlencs\u00e9t, amit\u0151l m\u00e1r nagyon viszket a szeme. Otthon az \u00e9desanyja fogadta, egy \u00faj kelet\u0171 rendeletet lobogtatva kez\u00e9ben, melyen m\u00e9g alig sz\u00e1radt meg a fest\u00e9k. Az \u00fajonnan hozott t\u00f6rv\u00e9ny \u00e9rtelm\u00e9ben, az orsz\u00e1gban minden f\u00e9rfi \u00e9s fi\u00fagyermek k\u00f6teles f\u00f6lvenni, a J\u00f3zsef nevet. \u00cdgy lett Varga Ern\u0151b\u0151l Varga J\u00f3zsef.<\/p>\n<p>\u00cdrta:Sz\u00fccs P\u00e1l 8.A<\/p>\n","protected":false},"excerpt":{"rendered":"<div class=\"mh-excerpt\"><p>Ut\u00f3pia T\u00f6rt\u00e9net\u00fcnk Varga Ern\u0151r\u0151l, a 14 \u00e9ves-forma, barna haj\u00fa, kontaktlencs\u00e9s fi\u00far\u00f3l sz\u00f3l, de csak az\u00e9rt r\u00f3la, \u00e9s nem tegy\u00fck fel, egy szem\u00fcveges l\u00e1nyr\u00f3l, mert a <a class=\"mh-excerpt-more\" href=\"http:\/\/szigma.szigbp.hu\/?p=286\" title=\"Ut\u00f3pia\">[&#8230;]<\/a><\/p>\n<\/div>","protected":false},"author":10,"featured_media":0,"comment_status":"closed","ping_status":"closed","sticky":false,"template":"","format":"standard","meta":[],"categories":[7],"tags":[],"_links":{"self":[{"href":"http:\/\/szigma.szigbp.hu\/index.php?rest_route=\/wp\/v2\/posts\/286"}],"collection":[{"href":"http:\/\/szigma.szigbp.hu\/index.php?rest_route=\/wp\/v2\/posts"}],"about":[{"href":"http:\/\/szigma.szigbp.hu\/index.php?rest_route=\/wp\/v2\/types\/post"}],"author":[{"embeddable":true,"href":"http:\/\/szigma.szigbp.hu\/index.php?rest_route=\/wp\/v2\/users\/10"}],"replies":[{"embeddable":true,"href":"http:\/\/szigma.szigbp.hu\/index.php?rest_route=%2Fwp%2Fv2%2Fcomments&post=286"}],"version-history":[{"count":1,"href":"http:\/\/szigma.szigbp.hu\/index.php?rest_route=\/wp\/v2\/posts\/286\/revisions"}],"predecessor-version":[{"id":287,"href":"http:\/\/szigma.szigbp.hu\/index.php?rest_route=\/wp\/v2\/posts\/286\/revisions\/287"}],"wp:attachment":[{"href":"http:\/\/szigma.szigbp.hu\/index.php?rest_route=%2Fwp%2Fv2%2Fmedia&parent=286"}],"wp:term":[{"taxonomy":"category","embeddable":true,"href":"http:\/\/szigma.szigbp.hu\/index.php?rest_route=%2Fwp%2Fv2%2Fcategories&post=286"},{"taxonomy":"post_tag","embeddable":true,"href":"http:\/\/szigma.szigbp.hu\/index.php?rest_route=%2Fwp%2Fv2%2Ftags&post=286"}],"curies":[{"name":"wp","href":"https:\/\/api.w.org\/{rel}","templated":true}]}}