{"id":3031,"date":"2017-01-24T20:36:29","date_gmt":"2017-01-24T19:36:29","guid":{"rendered":"http:\/\/szigma.szigbp.hu\/?p=3031"},"modified":"2017-01-24T20:36:29","modified_gmt":"2017-01-24T19:36:29","slug":"az-allatok-es-az-allatkert","status":"publish","type":"post","link":"http:\/\/szigma.szigbp.hu\/?p=3031","title":{"rendered":"Az \u00e1llatok \u00e9s az \u00e1llatkert"},"content":{"rendered":"<p>Az \u00e1llatkertben <img decoding=\"async\" loading=\"lazy\" class=\"size-medium wp-image-3034 alignright\" src=\"http:\/\/szigma.szigbp.hu\/wp-content\/uploads\/2017\/01\/african-wallpaper-night-landscapes-animals-4269-702x336-300x143.jpg\" alt=\"african-wallpaper-night-landscapes-animals-4269-702x336\" width=\"300\" height=\"143\" srcset=\"http:\/\/szigma.szigbp.hu\/wp-content\/uploads\/2017\/01\/african-wallpaper-night-landscapes-animals-4269-702x336-300x143.jpg 300w, http:\/\/szigma.szigbp.hu\/wp-content\/uploads\/2017\/01\/african-wallpaper-night-landscapes-animals-4269-702x336.jpg 702w\" sizes=\"(max-width: 300px) 100vw, 300px\" \/>tartani az \u00e1llatokat, vagy a term\u00e9szet\u00a0\u00a0\u00a0ben hagyni \u0151ket? Melyik a jobb?<br \/>\nHa egy \u00e1llatfajt kivesz\u00fcnk az \u00e9letk\u00f6z\u00f6ss\u00e9gb\u0151l, az eg\u00e9sz felborulhat. A legt\u00f6bb faj kihagyhatatlan eleme a term\u00e9szetnek. Ez\u00e9rt a v\u00e9delm\u00fck \u00e9rdek\u00e9ben is van, hogy n\u00e9h\u00e1ny p\u00e9ld\u00e1nyt \u00e1llatkertbe z\u00e1rnak. \u00cdgy, ha a szabadban \u00e9l\u0151k kihalnak, az \u00e1llatkertben \u00e9l\u0151 egyedekb\u0151l p\u00f3tolhatj\u00e1k \u0151ket. Teh\u00e1t a vadasparkok nemcsak a l\u00e1togat\u00f3k sz\u00f3rakoztat\u00e1s\u00e1ra alkalmasak. A szabadban \u00e1ltal\u00e1ban kevesebb ideig \u00e9lnek a j\u00f3sz\u00e1gok. De ki szeretn\u00e9 hosszabb \u00e9let\u00e9t egy kis szob\u00e1ba z\u00e1rva le\u00e9lni? Ha lehet, meg kell v\u00e9deni a term\u00e9szetes k\u00f6rnyezet\u00fcket, v\u00e9d\u0151\u00f6vezeteket l\u00e9trehozni, hogy a term\u00e9szetben, de biztons\u00e1gban, adotts\u00e1gaikhoz m\u00e9rten \u00e9ljenek. Az ember m\u00e1r \u00edgy is t\u00fal sok \u00e1llatot puszt\u00edtott el, \u00e9s az \u00e9l\u0151hely\u00fck\u00f6n az illeg\u00e1lis vad\u00e1szat miatt sosem lehetnek teljes biztons\u00e1gban. P\u00e9ld\u00e1ul ma m\u00e1r csak k\u00f6r\u00fclbel\u00fcl 7000 szabadon \u00e9l\u0151 gep\u00e1rd maradt. Ez nagyon kev\u00e9s. Ez\u00e9rt kell \u00e1llatkertben is tartani bel\u0151l\u00fck, hogy ne t\u0171nhessenek el soha a F\u00f6ldr\u0151l.<\/p>\n<p style=\"text-align: right;\"><strong>\u00c1bel<\/strong><\/p>\n<p><a href=\"http:\/\/szigma.szigbp.hu\/wp-content\/uploads\/2017\/01\/cikk.jpg\"><img decoding=\"async\" loading=\"lazy\" class=\"size-medium wp-image-3035 alignleft\" src=\"http:\/\/szigma.szigbp.hu\/wp-content\/uploads\/2017\/01\/cikk-300x225.jpg\" alt=\"cikk\" width=\"300\" height=\"225\" srcset=\"http:\/\/szigma.szigbp.hu\/wp-content\/uploads\/2017\/01\/cikk-300x225.jpg 300w, http:\/\/szigma.szigbp.hu\/wp-content\/uploads\/2017\/01\/cikk-174x131.jpg 174w, http:\/\/szigma.szigbp.hu\/wp-content\/uploads\/2017\/01\/cikk-70x53.jpg 70w, http:\/\/szigma.szigbp.hu\/wp-content\/uploads\/2017\/01\/cikk.jpg 348w\" sizes=\"(max-width: 300px) 100vw, 300px\" \/><\/a>Az \u00e9n v\u00e9lem\u00e9nyem szerint egy \u00e1llatfajb\u00f3l megfelel\u0151 mennyis\u00e9g\u0171 egyedet bez\u00e1rva, a t\u00f6bbit a term\u00e9szetben, v\u00e9delem alatt kell tartani.<br \/>\nEgy gyermek sz\u00e1m\u00e1ra hatalmas \u00e9lm\u00e9ny mes\u00e9sk\u00f6nyv\u00e9nek k\u00e9peit, pl\u00fcssj\u00e1t\u00e9kait \u00e9l\u0151ben \u201eviszontl\u00e1tni\u201d. Nem v\u00e9letlen, hogy egyik kedvenc hely\u00fck az \u00e1llatkert.<br \/>\nUgyanakkor az \u00e1llatkertek legfontosabb szerepe az ismeretterjeszt\u00e9s.<\/p>\n<p>Az sem tagadhat\u00f3, hogy sok \u00e1llatfaj annyira ritka \u00e9s olyan kev\u00e9s egyedsz\u00e1mmal b\u00edr, hogy az \u00e1llatkertekben egyfajta kincsk\u00e9nt \u0151rzik p\u00e9ld\u00e1nyaikat, gondot viselnek r\u00e1juk, \u00e9s ha megsz\u00fcletik egy ut\u00f3d, az eg\u00e9sz vil\u00e1g \u00fcnnepel, az \u00e1llatv\u00e9d\u0151k megk\u00f6nnyebb\u00fclten l\u00e9legeznek fel, \u00e9s mindenki cukis\u00e1g-fot\u00f3kat k\u00fcld\u00f6zget ismer\u0151seinek. Ilyenkor puszt\u00e1n annyi sz\u00e1m\u00edt, hogy egy faj tal\u00e1n m\u00e9gsem hal ki, mert \u201emi, az emberek\u201d es\u00e9lyt adtunk neki a t\u00fal\u00e9l\u00e9sre.<\/p>\n<p>&nbsp;<br \/>\nAz<img decoding=\"async\" loading=\"lazy\" class=\"size-medium wp-image-3036 alignleft\" src=\"http:\/\/szigma.szigbp.hu\/wp-content\/uploads\/2017\/01\/allatkertejszvid-300x240.jpg\" alt=\"allatkertejszvid-300x240\" width=\"300\" height=\"240\" \/> \u00e1llatnak vadon is a legnagyobb, de fogs\u00e1gban egyetlen ellens\u00e9ge az ember: a l\u00e1togat\u00f3k felel\u0151tlens\u00e9ge vagy \u00e9ppen rosszakarata, illetve a k\u00fcl\u00f6nf\u00e9le balesetek sz\u00e1mos \u00e1llat \u00e9let\u00e9t k\u00f6vetelt\u00e9k m\u00e1r. Egyik h\u00edres p\u00e9lda erre S\u00fcs\u00fc, a budapesti \u00c1llatkert egyik v\u00edzilov\u00e1nak esete, akit egy lenyelt gumilabda puszt\u00edtott el. 2010 november\u00e9ben a moszkvai \u00e1llatkert jegesmedv\u00e9j\u00e9t l\u0151tt\u00e9k le; ugyanebben az id\u0151szakban a n\u00e9metorsz\u00e1gi Karlsruhe \u00e1llatkertben ki\u00fct\u00f6tt t\u0171zben huszonhat \u00e1llat pusztult el. \u00c9s persze a gondoz\u00f3k sem mindig az \u00e1llatok jav\u00e1t akarj\u00e1k: 2010 v\u00e9g\u00e9n h\u00e9t k\u00ednai \u00e1llatkertet z\u00e1rtak be \u00e9s sz\u00e1mos tov\u00e1bbit k\u00f6teleztek v\u00e1ltoztat\u00e1sokra \u00e1llatk\u00ednz\u00e1s miatt.<br \/>\n\u00c1m egy tizen\u00e9ves vagy egy feln\u0151tt sz\u00e1m\u00e1ra nyilv\u00e1nval\u00f3, hogy a ketrecekben, term\u00e9szetes \u00e9l\u0151hely\u00fckb\u0151l kiszak\u00edtva \u00e9l\u0151 \u00e1llatok t\u00f6bbs\u00e9ge nagyon nehezen viseli a fogs\u00e1got. A magukba roskadt, b\u00faskomor f\u0151eml\u0151s\u00f6k, idegesen f\u00f6l-al\u00e1 j\u00e1rk\u00e1l\u00f3 nagyragadoz\u00f3k, a h\u00e1l\u00f3val k\u00f6rbeker\u00edtett sasok \u00e9s kesely\u0171k l\u00e1tv\u00e1nya nem t\u00fal sz\u00edvder\u00edt\u0151.<\/p>\n<p>Fontos az \u00e1llatok jogaival is foglalkozni. Az emberek nem veszik semmibe az \u00e1llatok szabads\u00e1gjogait? Lehet, hogy nem tudj\u00e1k kifejezni a nemtetsz\u00e9s\u00fcket, de nekik is vannak \u00e9rz\u00e9seik. \u00dagy gondolom, hogy a F\u0151v\u00e1rosi \u00c1llatkert rosszabb helyre nem is ker\u00fclhetett volna, mint ahol most van. Az \u00e1llatokat \u00f6r\u00f6kk\u00e9 zaj veszi k\u00f6r\u00fcl, a leveg\u0151j\u00fck is nagyon rossz, a kifut\u00f3k k\u00f6z\u00f6tt \u00f3ri\u00e1si a kosz, sok helyen egerek rohang\u00e1lnak. Bez\u00e1ratt\u00e1k az orsz\u00e1g egyetlen \u00e1lland\u00f3 jelleg\u0171 vid\u00e1mparkj\u00e1t, az\u00e9rt, hogy az \u00e1llatoknak t\u00f6bb helye legyen, de a vid\u00e1mpark hely\u00e9re szinte nem ker\u00fclt semmi, a megold\u00e1s nagyon rossz.<br \/>\nA Madagaszk\u00e1r c\u00edm\u0171 mesefilm is ezzel a t\u00e9m\u00e1val foglalkozik. A film f\u0151h\u0151sei elsz\u00f6knek New Yorkb\u00f3l, \u00e9s \u00faj \u00e9letet kezdenek a szabadban.<br \/>\n<img decoding=\"async\" loading=\"lazy\" class=\"wp-image-3033 alignright\" src=\"http:\/\/szigma.szigbp.hu\/wp-content\/uploads\/2017\/01\/sostozoo_logo_v001_mono-300x300.jpg\" alt=\"sostozoo_logo_v001_mono.ai\" width=\"237\" height=\"251\" \/>Sok \u00e1llat m\u00e1r fogs\u00e1gban sz\u00fcletik, nem is tudj\u00e1k milyen falak \u00e9s r\u00e1csok n\u00e9lk\u00fcl \u00e9lni.<\/p>\n<p>Nem v\u00e9letlen\u00fcl a Ny\u00edregyh\u00e1zi \u00c1llatkert a legh\u00edresebb az orsz\u00e1gban. A barnamedv\u00e9j\u00fcknek egy eg\u00e9sz erd\u0151 \u00e1ll rendelkez\u00e9s\u00e9re, hogy kedve szerint s\u00e9t\u00e1lhasson. Az oroszl\u00e1nok el\u0151tt nincsen plexi, csak egy \u00e1rok, \u00e9s a makikhoz is nyugodtan oda lehet s\u00e9t\u00e1lni, el sem lehet d\u00f6nteni, hogy melyik\u00fcnk az ott lak\u00f3. Ha mindenhol \u00fagy tartan\u00e1k az \u00e1llatokat, ahogy ott, ez a t\u00e9ma tal\u00e1n fel sem mer\u00fclne.<\/p>\n<p style=\"text-align: right;\"><strong>S\u00e1rk\u00e1ny L\u00eddia<\/strong><\/p>\n","protected":false},"excerpt":{"rendered":"<div class=\"mh-excerpt\"><p>Az \u00e1llatkertben tartani az \u00e1llatokat, vagy a term\u00e9szet\u00a0\u00a0\u00a0ben hagyni \u0151ket? Melyik a jobb? Ha egy \u00e1llatfajt kivesz\u00fcnk az \u00e9letk\u00f6z\u00f6ss\u00e9gb\u0151l, az eg\u00e9sz felborulhat. A legt\u00f6bb faj <a class=\"mh-excerpt-more\" href=\"http:\/\/szigma.szigbp.hu\/?p=3031\" title=\"Az \u00e1llatok \u00e9s az \u00e1llatkert\">[&#8230;]<\/a><\/p>\n<\/div>","protected":false},"author":25,"featured_media":3034,"comment_status":"closed","ping_status":"closed","sticky":false,"template":"","format":"standard","meta":[],"categories":[8],"tags":[16],"_links":{"self":[{"href":"http:\/\/szigma.szigbp.hu\/index.php?rest_route=\/wp\/v2\/posts\/3031"}],"collection":[{"href":"http:\/\/szigma.szigbp.hu\/index.php?rest_route=\/wp\/v2\/posts"}],"about":[{"href":"http:\/\/szigma.szigbp.hu\/index.php?rest_route=\/wp\/v2\/types\/post"}],"author":[{"embeddable":true,"href":"http:\/\/szigma.szigbp.hu\/index.php?rest_route=\/wp\/v2\/users\/25"}],"replies":[{"embeddable":true,"href":"http:\/\/szigma.szigbp.hu\/index.php?rest_route=%2Fwp%2Fv2%2Fcomments&post=3031"}],"version-history":[{"count":10,"href":"http:\/\/szigma.szigbp.hu\/index.php?rest_route=\/wp\/v2\/posts\/3031\/revisions"}],"predecessor-version":[{"id":3045,"href":"http:\/\/szigma.szigbp.hu\/index.php?rest_route=\/wp\/v2\/posts\/3031\/revisions\/3045"}],"wp:featuredmedia":[{"embeddable":true,"href":"http:\/\/szigma.szigbp.hu\/index.php?rest_route=\/wp\/v2\/media\/3034"}],"wp:attachment":[{"href":"http:\/\/szigma.szigbp.hu\/index.php?rest_route=%2Fwp%2Fv2%2Fmedia&parent=3031"}],"wp:term":[{"taxonomy":"category","embeddable":true,"href":"http:\/\/szigma.szigbp.hu\/index.php?rest_route=%2Fwp%2Fv2%2Fcategories&post=3031"},{"taxonomy":"post_tag","embeddable":true,"href":"http:\/\/szigma.szigbp.hu\/index.php?rest_route=%2Fwp%2Fv2%2Ftags&post=3031"}],"curies":[{"name":"wp","href":"https:\/\/api.w.org\/{rel}","templated":true}]}}