{"id":3126,"date":"2017-02-13T20:46:42","date_gmt":"2017-02-13T19:46:42","guid":{"rendered":"http:\/\/szigma.szigbp.hu\/?p=3126"},"modified":"2017-02-13T20:46:42","modified_gmt":"2017-02-13T19:46:42","slug":"nassfeld-sitabor","status":"publish","type":"post","link":"http:\/\/szigma.szigbp.hu\/?p=3126","title":{"rendered":"Nassfeld s\u00edt\u00e1bor"},"content":{"rendered":"<p><span style=\"font-weight: 400;\">A tal\u00e1<img decoding=\"async\" loading=\"lazy\" class=\"size-medium wp-image-3131 alignright\" src=\"http:\/\/szigma.szigbp.hu\/wp-content\/uploads\/2017\/02\/index-300x142.jpg\" alt=\"index\" width=\"300\" height=\"142\" srcset=\"http:\/\/szigma.szigbp.hu\/wp-content\/uploads\/2017\/02\/index-300x142.jpg 300w, http:\/\/szigma.szigbp.hu\/wp-content\/uploads\/2017\/02\/index.jpg 326w\" sizes=\"(max-width: 300px) 100vw, 300px\" \/>lkoz\u00f3 reggel negyed nyolc k\u00f6r\u00fcl lehetett, de nem tudom m\u00e1r pontosan, csak arra eml\u00e9kszem, hogy nagyon kor\u00e1nra esett. A suli el\u0151tti t\u00f6meg m\u00e1r nagyj\u00e1b\u00f3l ismer\u0151s volt, aki elj\u00f6tt a s\u00edt\u00e1bori t\u00e1j\u00e9koztat\u00f3ra, azt meg is ismertem\u2026 mint mondtam, nagyj\u00e1b\u00f3l.<\/span><span style=\"font-weight: 400;\"><br \/>\n<\/span><span style=\"font-weight: 400;\">B\u00e1r az ismer\u0151s\u00f6k n\u00e9lk\u00fcl sem veszt\u00fcnk volna el, a sok t\u00e1sk\u00e1val \u00e9s gyan\u00fasan hossz\u00fak\u00e1s alak\u00fa zs\u00e1kokkal felszerelt gyerekekb\u0151l sejteni lehetett, hogy igen, ezen a h\u00e9ten vas\u00e1rnap indulunk. Nem n\u00e9zt\u00fck el a napt\u00e1rat.<\/span><span style=\"font-weight: 400;\"><br \/>\n<\/span><span style=\"font-weight: 400;\">A v\u00e1rakoz\u00e1st nagyon hossz\u00fanak \u00e9reztem, \u00e9s minden egyes fejlem\u00e9ny hatalmas l\u00e9p\u00e9snek t\u0171nt. Meg\u00e9rkezett a busz, meg\u00e9rkeztek az oszt\u00e1lyt\u00e1rsak, elkezdhett\u00fck pakolni a cuccokat, majd v\u00e9g\u00fcl elfoglalhattuk a helyeket a buszon.<\/span><span style=\"font-weight: 400;\"><br \/>\n<\/span><span style=\"font-weight: 400;\">Ahogy k\u00f6rben\u00e9ztem, m\u00e9g az indul\u00e1skor i<img decoding=\"async\" loading=\"lazy\" class=\"wp-image-3128 size-medium alignleft\" src=\"http:\/\/szigma.szigbp.hu\/wp-content\/uploads\/2017\/02\/20170130_114152-e1487014983536-168x300.jpg\" alt=\"20170130_114152\" width=\"168\" height=\"300\" srcset=\"http:\/\/szigma.szigbp.hu\/wp-content\/uploads\/2017\/02\/20170130_114152-e1487014983536-168x300.jpg 168w, http:\/\/szigma.szigbp.hu\/wp-content\/uploads\/2017\/02\/20170130_114152-e1487014983536-576x1024.jpg 576w, http:\/\/szigma.szigbp.hu\/wp-content\/uploads\/2017\/02\/20170130_114152-e1487014983536.jpg 1836w\" sizes=\"(max-width: 168px) 100vw, 168px\" \/>s csupa \u00e1lmosan pislog\u00f3 szemet l\u00e1ttam. Aki hamar el tudott aludni, az szerencs\u00e9s volt, de nem kellett nagyon sietni, ugyanis az \u00fat majdnem kilenc \u00f3r\u00e1ig tartott.<\/span><span style=\"font-weight: 400;\"><br \/>\n<\/span><span style=\"font-weight: 400;\">Az \u00fati c\u00e9l Nassfeld volt, egy Olaszorsz\u00e1g hat\u00e1r\u00e1n, de m\u00e9g Ausztri\u00e1ban terpeszked\u0151 nagyobb s\u00edp\u00e1lya. <\/span><\/p>\n<p><span style=\"font-weight: 400;\">Este hat k\u00f6r\u00fcl \u00e9rkezt\u00fcnk meg, ahogy a kis faluban lelass\u00edtott a busz egy gy\u00f6ny\u00f6r\u0171, s\u00e1rga h\u00e1z mellett, bizakodva n\u00e9zt\u00fcnk \u00f6ssze. De azt\u00e1n jobbra fordultunk, \u00e9s megl\u00e1ttuk a sz\u00e1ll\u00f3nkat a m\u00e1sik oldalon.<\/span><span style=\"font-weight: 400;\"><br \/>\n<\/span><span style=\"font-weight: 400;\">Els\u0151 r\u00e1n\u00e9z\u00e9sre nagyon aggaszt\u00f3nak t\u0171nt, b\u00e1r \u00edgy ut\u00f3lag nem is volt sz\u00f6rny\u0171, s\u0151t! Az \u00e1gyak k\u00e9nyelmesek voltak \u2013 mondjuk nem \u00e9n aludtam fel\u00fcl\u2026-, nappali is jutott nek\u00fcnk, a radi\u00e1tor ontotta a meleget, a f\u00fcrd\u0151 pedig\u2026 egyedi kialak\u00edt\u00e1ssal b\u00edrt. Igaz a zuhanyz\u00f3 egybeolvadt a nappalival \u2013valahogy hi\u00e1nyzott az egyik fal-, de harmadik napra meg lehetett szokni.<\/span><span style=\"font-weight: 400;\"><img decoding=\"async\" loading=\"lazy\" class=\"wp-image-3127 size-medium alignright\" src=\"http:\/\/szigma.szigbp.hu\/wp-content\/uploads\/2017\/02\/20170130_114146-e1487014957311-168x300.jpg\" alt=\"20170130_114146\" width=\"168\" height=\"300\" srcset=\"http:\/\/szigma.szigbp.hu\/wp-content\/uploads\/2017\/02\/20170130_114146-e1487014957311-168x300.jpg 168w, http:\/\/szigma.szigbp.hu\/wp-content\/uploads\/2017\/02\/20170130_114146-e1487014957311-576x1024.jpg 576w, http:\/\/szigma.szigbp.hu\/wp-content\/uploads\/2017\/02\/20170130_114146-e1487014957311.jpg 1836w\" sizes=\"(max-width: 168px) 100vw, 168px\" \/><\/span><span style=\"font-weight: 400;\">A vacsora finom volt, de a legeml\u00e9kezetesebb m\u00e9g mindig a repeta. Mindig mindenb\u0151l akadt m\u00e9g n\u00e9h\u00e1ny adag, legt\u00f6bbsz\u00f6r le kellett besz\u00e9ln\u00fcnk a kedves szak\u00e1csot, hogy ne adjon t\u00f6bbet.<\/span><span style=\"font-weight: 400;\"><br \/>\n<\/span><span style=\"font-weight: 400;\">Na de ne szaladjunk ennyire el\u0151re!<\/span><\/p>\n<p><span style=\"font-weight: 400;\">Mikor meg\u00e9rkezt\u00fcnk, kiosztott\u00e1k a szob\u00e1kat, de ezt senki nem vette v\u00e9glegesnek. Mindenki szervezkedett, osztott-szorzott, \u00e9s v\u00e9g\u00fcl szinte minden csapat m\u00e1s szob\u00e1ban k\u00f6t\u00f6tt ki. De megoldottuk!<\/span><span style=\"font-weight: 400;\"><br \/>\n<\/span><span style=\"font-weight: 400;\">Aznap m\u00e1r csak egy este nyolc\u00f3rai megbesz\u00e9l\u00e9s volt, ahol bemutatkoztak a s\u00edoktat\u00f3k, elmondt\u00e1k nek\u00fcnk a s\u00ed kreszt, t\u00f6bbek k\u00f6z\u00f6tt, hogy hogyan lehet alulr\u00f3l \u00e9s fel\u00fclr\u0151l el\u0151zni, majd meghirdett\u00e9k f\u00e9l \u00f3r\u00e1val k\u00e9s\u0151bb kezd\u0151d\u0151 k\u00f6z\u00f6s \u00e9nekl\u00e9st az \u00e9tkez\u0151ben.<\/span><span style=\"font-weight: 400;\"><br \/>\n<\/span><span style=\"font-weight: 400;\">A k\u00f6z\u00f6s programokr\u00f3l csak annyit kell tudni, hogy minden nap voltak, \u00e9s mindig m\u00e1s szervezte. Egyik nap p\u00e9ld\u00e1ul a 10.B \u00e1ll\u00edtott \u00f6ssze nek\u00fcnk egy fele-sem-igazat. A programok nem voltak k\u00f6telez\u0151ek, csup\u00e1n azok mentek le, akik \u00e9reztek magukban el\u00e9g er\u0151t az utaz\u00e1s, vagy az eg\u00e9sz napos s\u00edel\u00e9s ut\u00e1n. Mindig akad lelkes jelentkez\u0151.<\/span><span style=\"font-weight: 400;\"><br \/>\n<\/span><span style=\"font-weight: 400;\">Az els\u0151 napos \u00e9rkez\u00e9s\u00fcnk ut\u00e1n mindenki felvonult a szob\u00e1j\u00e1ba. A takarod\u00f3 f\u00e9l tizenegy k\u00f6rny\u00e9k\u00e9n volt. Hihetetlen, hogy mennyire k\u00e9pes lesz\u00edvni a nyolc \u00f3ra egy helyben \u00fcl\u00e9s!<\/span><\/p>\n<p><span style=\"font-weight: 400;\">Akik sokszor t\u00f6bbsz\u00f6r s\u00edeltek m\u00e1r Nassfelden, csupa j\u00f3t mes\u00e9ltek, de ha feln\u00e9z\u00fcnk, a honlapon is hasonl\u00f3 csalogat\u00f3 k\u00e9pet \u00e9s sz\u00f6veget tal\u00e1lunk\u2026 persze n\u00e9met\u00fcl. \u00c1m az els\u0151 napunk t\u00e9nyleg olyan volt, mint a k\u00e9peslapokon. Ragyogott a nap, tiszta volt az \u00e9g, \u00e9s csill\u00e1mlott a leveg\u0151.<\/span><span style=\"font-weight: 400;\"><br \/>\n<\/span><span style=\"font-weight: 400;\">Ekkor osztottak be minket a csoportokba, eld\u00f6nt\u00f6tt\u00e9k, hogy ki sz\u00e1m\u00edt kezd\u0151nek \u2013 enn\u00e9l a csoportn\u00e1l nem voltak nagy vit\u00e1k-, kik az \u00fajrakezd\u0151k, kik a halad\u00f3k, \u00e9s k<img decoding=\"async\" loading=\"lazy\" class=\"wp-image-3129 size-medium alignleft\" src=\"http:\/\/szigma.szigbp.hu\/wp-content\/uploads\/2017\/02\/20170130_114202-e1487014902906-168x300.jpg\" alt=\"20170130_114202\" width=\"168\" height=\"300\" srcset=\"http:\/\/szigma.szigbp.hu\/wp-content\/uploads\/2017\/02\/20170130_114202-e1487014902906-168x300.jpg 168w, http:\/\/szigma.szigbp.hu\/wp-content\/uploads\/2017\/02\/20170130_114202-e1487014902906-576x1024.jpg 576w, http:\/\/szigma.szigbp.hu\/wp-content\/uploads\/2017\/02\/20170130_114202-e1487014902906.jpg 1836w\" sizes=\"(max-width: 168px) 100vw, 168px\" \/>ik a profik.<\/span><span style=\"font-weight: 400;\"><br \/>\n<\/span><span style=\"font-weight: 400;\">Ahogy \u00e9n eln\u00e9ztem, az els\u0151 nap m\u00e9g nem nagyon voltak v\u00e1ltoz\u00e1sok, akit ahova beosztottak, ott maradt. A k\u00e9s\u0151bbi napokban azonban igencsak megv\u00e1ltozott a csoportok \u00f6sszet\u00e9tele. Volt, aki a tud\u00e1sa miatt ker\u00fclt \u00a0feljebb\/ lejjebb; akadt, akik csak egy napra v\u00e1ltoztatta meg a csoportj\u00e1t \u00e9s olyan is, aki szerintem csak elt\u00e9vedt.<\/span><\/p>\n<p><span style=\"font-weight: 400;\">A beoszt\u00e1s ut\u00e1n mindenkinek k\u00f6vetkezett az oktat\u00e1s, aminek az id\u0151pontja a csoportokn\u00e1l elt\u00e9r\u0151ek voltak. A kezd\u0151k eg\u00e9sz nap gyakoroltak; a kettes \u00e9s a n\u00e9gyes csoportnak ugyanaz az oktat\u00f3ja volt, \u00edgy felv\u00e1ltva volt nekik d\u00e9lel\u0151tt vagy d\u00e9lut\u00e1n foglalkoz\u00e1s. Egyed\u00fcl a h\u00e1rmas csoport lehetett benne biztos, hogy reggel kezdenek a tanul\u00e1ssal. <\/span><\/p>\n<p><span style=\"font-weight: 400;\">Mikor pedig d\u00e9lben jelzett a bels\u0151 \u00f3r\u00e1nk, hogy itt az ideje enni \u2013 a tan\u00e1rok el\u0151re megmondt\u00e1k, hogy id\u0151z\u00edts\u00fck ezt az \u00e9rz\u00e9st d\u00e9l \u00e9s egy \u00f3ra k\u00f6z\u00e9-, az eg\u00e9sz csapat le\u00fclt eb\u00e9delni.<\/span><span style=\"font-weight: 400;\"><br \/>\n<\/span><span style=\"font-weight: 400;\">Az els\u0151 k\u00e9t nap a f\u0151felvon\u00f3 egyik \u00e1llom\u00e1s\u00e1n l\u00e9v\u0151 h\u00fctt\u00e9ben ett\u00fcnk \u2013 b\u00e1r ink\u00e1bb egy \u00e9tteremhez hasonl\u00edtott, nem pedig egy kicsi, sz\u0171k\u00f6s, s\u00f6t\u00e9t \u00e9s hangulatos fah\u00e1zhoz-, ahol neh\u00e9z volt \u00e9lelemhez jutni. Nem csak az j\u00f6tt j\u00f3l, ha tudtunk n\u00e9met\u00fcl, de roppant hat\u00e1rozottnak is kellett lenni. Sokan voltunk, az egyes pinc\u00e9rekn\u00e9l pedig vagy csak rendelni, vagy csak fizetni lehetett. Igen \u00f6n\u00e9rv\u00e9nyes\u00edt\u0151nek kellett lenni ahhoz, hogy a pinc\u00e9r odaforduljon fel\u00e9nk, ak\u00e1r a rendel\u00e9sr\u0151l, ak\u00e1r a t\u00f6rv\u00e9nnyel nem \u00fctk\u00f6z\u0151 t\u00e1voz\u00e1sr\u00f3l volt sz\u00f3.<\/span><span style=\"font-weight: 400;\"><br \/>\n<\/span><span style=\"font-weight: 400;\">Itt \u00f6sszetal\u00e1lkozhattunk n\u00e9h\u00e1ny ismer\u0151ssel vagy tan\u00e1rral a m\u00e1sik s\u00edt\u00e1borb\u00f3l, b\u00e1r t\u00fal sok cseveg\u00e9sre nem volt id\u0151, lek\u00f6t\u00f6tt minket az, hogy rendelhess\u00fcnk\u2026 de ezt m\u00e1r mes\u00e9ltem.<\/span><\/p>\n<p><span style=\"font-weight: 400;\">A m\u00e1sodik <img decoding=\"async\" loading=\"lazy\" class=\"size-medium wp-image-3130 alignleft\" src=\"http:\/\/szigma.szigbp.hu\/wp-content\/uploads\/2017\/02\/20170130_135955-300x168.jpg\" alt=\"20170130_135955\" width=\"300\" height=\"168\" srcset=\"http:\/\/szigma.szigbp.hu\/wp-content\/uploads\/2017\/02\/20170130_135955-300x168.jpg 300w, http:\/\/szigma.szigbp.hu\/wp-content\/uploads\/2017\/02\/20170130_135955-1024x576.jpg 1024w\" sizes=\"(max-width: 300px) 100vw, 300px\" \/>nap ut\u00e1n m\u00e1r nem mehett\u00fcnk az ottani \u00e9tkezd\u00e9be, helyette egy m\u00e1sikat v\u00e1lasztottunk, a hegy tetej\u00e9n. Err\u0151l csak annyit mondtak nek\u00fcnk, hogy lefoglalt\u00e1k az eg\u00e9sz h\u00fctt\u00e9t, \u00e9s ez\u00e9rt kellett m\u00e1shova menn\u00fcnk.<\/span><span style=\"font-weight: 400;\"><br \/>\n<\/span><span style=\"font-weight: 400;\">\u00c9s szerintem ez volt az egyik legjobb d\u00f6nt\u00e9s\u00fcnk. A hegyen l\u00e9v\u0151 h\u00fctte t\u00e9nyleg h\u00fctte volt, f\u00e1b\u00f3l \u00e9p\u00edtett kis h\u00e1z, hangulatos kandall\u00f3, kis eldugott asztalok, p\u00e1rn\u00e1val. M\u00e9g az illat is m\u00e1s volt, nem besz\u00e9lve a kiszolg\u00e1l\u00e1sr\u00f3l!<\/span><\/p>\n<p><span style=\"font-weight: 400;\">Na de eb\u00e9d ut\u00e1n ment\u00fcnk is tov\u00e1bb, v\u00e1rt minket a szabads\u00ed. Akinek kedve volt hozz\u00e1, kisebb-nagyobb csapatokban mehetett szabadon a p\u00e1ly\u00e1kon, de aki \u00fagy gondolta, maradhatott a tan\u00e1rok fel\u00fcgyelete alatt, vagy kapcsol\u00f3dhatott az egyik csoporthoz, akinek \u00e9ppen d\u00e9lut\u00e1n kezd\u0151d\u00f6tt az oktat\u00e1s.<\/span><span style=\"font-weight: 400;\"><br \/>\n<\/span><span style=\"font-weight: 400;\">Egy dolog azonban a sok k\u00f6z\u00fcl mindenkire vonatkozott: f\u00e9l \u00f6tre lent kellett lenni a gy\u00fclekez\u0151pontn\u00e1l, a buszmeg\u00e1ll\u00f3ban. Ebb\u0151l komoly probl\u00e9ma nem volt, csup\u00e1n az els\u0151 nap \u00e9rtek oda n\u00e9h\u00e1nyan sz\u0171k\u00f6sen, pont a busz indul\u00e1sakor.<\/span><\/p>\n<p><span style=\"font-weight: 400;\">S\u00e9<img decoding=\"async\" loading=\"lazy\" class=\"size-medium wp-image-3132 alignright\" src=\"http:\/\/szigma.szigbp.hu\/wp-content\/uploads\/2017\/02\/w_400.h_260.q_100-300x195.jpg\" alt=\"w_400.h_260.q_100\" width=\"300\" height=\"195\" srcset=\"http:\/\/szigma.szigbp.hu\/wp-content\/uploads\/2017\/02\/w_400.h_260.q_100-300x195.jpg 300w, http:\/\/szigma.szigbp.hu\/wp-content\/uploads\/2017\/02\/w_400.h_260.q_100.jpg 400w\" sizes=\"(max-width: 300px) 100vw, 300px\" \/>r\u00fcl\u00e9sek sajnos voltak, mi sem \u00faszhattuk meg \u0151ket, hiszen a s\u00edel\u00e9s egy vesz\u00e9lyes \u00fczem. Agyr\u00e1zk\u00f3d\u00e1s, egy-k\u00e9t f\u00e1j\u00f3 v\u00e9gtag \u00e9s t\u00e9rdficam is akadt a t\u00e1borban. Nem minden baleset volt szerencs\u00e9s, de igaz a mond\u00e1s, hogy vesz\u00e9lyesebb s\u00edelni, mint otthon \u00fajs\u00e1got olvasni.<\/span><\/p>\n<p><span style=\"font-weight: 400;\">Az utols\u00f3 nap m\u00e9g tervben volt egy r\u00f6vid s\u00edel\u00e9s, igaz nem Nassfelden, hanem egy kisebb p\u00e1ly\u00e1n, de az id\u0151j\u00e1r\u00e1s, \u00e9l\u00e9n az es\u0151vel \u00fagy d\u00f6nt\u00f6tt, hogy hamarabb hazak\u00fcld minket. <\/span><\/p>\n<p><span style=\"font-weight: 400;\">A kor\u00e1n \u00e9rkez\u00e9s\u00fcnk biztos\u00edt\u00e9ka volt m\u00e9g egy esem\u00e9ny meghi\u00fasul\u00e1sa. Ugyanis a tan\u00e1rok az elmaradt d\u00e9lel\u0151tt\u00f6t egy meglepet\u00e9s programmal szerett\u00e9k volna p\u00f3tolni. A tervek szerint ell\u00e1togattunk volna a Klagenfurt mellett l\u00e9v\u0151 Minimundusba, ahol h\u00edres \u00e9p\u00edtm\u00e9nyek kicsiny\u00edtett v\u00e1ltozat\u00e1t n\u00e9zhett\u00fck volna meg, \u00e1m a t\u00e9l \u00e9s a hideg miatt a m\u0171vek nagy r\u00e9sze le volt takarva. \u00cdgy a n\u00e9h\u00e1ny \u00f3r\u00e1s pihen\u0151 helyett t\u00edz perc ut\u00e1n \u00fajra elindultunk, \u00e9s a hossz\u00fa utaz\u00e1s ut\u00e1n m\u00e1r este nyolckor az iskola kapuja el\u0151tt \u00e1lltunk.<\/span><\/p>\n<p><span style=\"font-weight: 400;\">A s\u00f6t\u00e9tben m\u00e9g csat\u00e1rl\u00e1ncban kipakoltuk a t\u00e1sk\u00e1kat \u00e9s s\u00edl\u00e9ceket a buszb\u00f3l, majd a b\u00facs\u00fazkod\u00e1s ut\u00e1n sz\u00e9tsz\u00e9ledt a t\u00e1rsas\u00e1g. Hazafele menet szerintem nem sok di\u00e1k akadt, aki pihentette volna a sz\u00e1j\u00e1t\u2026<\/span><\/p>\n<p style=\"text-align: right;\"><strong>Gy\u00f6ngy\u00f6si S\u00e1ra<\/strong><\/p>\n","protected":false},"excerpt":{"rendered":"<div class=\"mh-excerpt\"><p>A tal\u00e1lkoz\u00f3 reggel negyed nyolc k\u00f6r\u00fcl lehetett, de nem tudom m\u00e1r pontosan, csak arra eml\u00e9kszem, hogy nagyon kor\u00e1nra esett. A suli el\u0151tti t\u00f6meg m\u00e1r nagyj\u00e1b\u00f3l <a class=\"mh-excerpt-more\" href=\"http:\/\/szigma.szigbp.hu\/?p=3126\" title=\"Nassfeld s\u00edt\u00e1bor\">[&#8230;]<\/a><\/p>\n<\/div>","protected":false},"author":25,"featured_media":3130,"comment_status":"closed","ping_status":"closed","sticky":false,"template":"","format":"standard","meta":[],"categories":[3],"tags":[16],"_links":{"self":[{"href":"http:\/\/szigma.szigbp.hu\/index.php?rest_route=\/wp\/v2\/posts\/3126"}],"collection":[{"href":"http:\/\/szigma.szigbp.hu\/index.php?rest_route=\/wp\/v2\/posts"}],"about":[{"href":"http:\/\/szigma.szigbp.hu\/index.php?rest_route=\/wp\/v2\/types\/post"}],"author":[{"embeddable":true,"href":"http:\/\/szigma.szigbp.hu\/index.php?rest_route=\/wp\/v2\/users\/25"}],"replies":[{"embeddable":true,"href":"http:\/\/szigma.szigbp.hu\/index.php?rest_route=%2Fwp%2Fv2%2Fcomments&post=3126"}],"version-history":[{"count":4,"href":"http:\/\/szigma.szigbp.hu\/index.php?rest_route=\/wp\/v2\/posts\/3126\/revisions"}],"predecessor-version":[{"id":3136,"href":"http:\/\/szigma.szigbp.hu\/index.php?rest_route=\/wp\/v2\/posts\/3126\/revisions\/3136"}],"wp:featuredmedia":[{"embeddable":true,"href":"http:\/\/szigma.szigbp.hu\/index.php?rest_route=\/wp\/v2\/media\/3130"}],"wp:attachment":[{"href":"http:\/\/szigma.szigbp.hu\/index.php?rest_route=%2Fwp%2Fv2%2Fmedia&parent=3126"}],"wp:term":[{"taxonomy":"category","embeddable":true,"href":"http:\/\/szigma.szigbp.hu\/index.php?rest_route=%2Fwp%2Fv2%2Fcategories&post=3126"},{"taxonomy":"post_tag","embeddable":true,"href":"http:\/\/szigma.szigbp.hu\/index.php?rest_route=%2Fwp%2Fv2%2Ftags&post=3126"}],"curies":[{"name":"wp","href":"https:\/\/api.w.org\/{rel}","templated":true}]}}