{"id":3137,"date":"2017-02-16T17:35:31","date_gmt":"2017-02-16T16:35:31","guid":{"rendered":"http:\/\/szigma.szigbp.hu\/?p=3137"},"modified":"2017-02-16T17:35:05","modified_gmt":"2017-02-16T16:35:05","slug":"a-vilag-amiben-valojaban-elunk","status":"publish","type":"post","link":"http:\/\/szigma.szigbp.hu\/?p=3137","title":{"rendered":"A vil\u00e1g, amiben val\u00f3j\u00e1ban \u00e9l\u00fcnk"},"content":{"rendered":"<p><span style=\"font-weight: 400;\">A F\u00f6<img decoding=\"async\" loading=\"lazy\" class=\"size-medium wp-image-3139 alignright\" src=\"http:\/\/szigma.szigbp.hu\/wp-content\/uploads\/2017\/02\/id\u0151v.-300x269.png\" alt=\"id\u0151v.\" width=\"300\" height=\"269\" srcset=\"http:\/\/szigma.szigbp.hu\/wp-content\/uploads\/2017\/02\/id\u0151v.-300x269.png 300w, http:\/\/szigma.szigbp.hu\/wp-content\/uploads\/2017\/02\/id\u0151v..png 629w\" sizes=\"(max-width: 300px) 100vw, 300px\" \/>ld. T\u00f6bb mint h\u00e1romsz\u00e1z-milli\u00e1rd \u00e9ve l\u00e9tezik az univerzumban. Emberis\u00e9g. Jelenleg k\u00f6r\u00fclbel\u00fcl t\u00edzezer \u00e9ve van emberi civiliz\u00e1ci\u00f3. Egy ember pedig \u00e1tlagosan 70 \u00e9vet \u00e9l. Csak egy villan\u00e1s vagyunk a F\u00f6ldnek. De akkor is, mi\u00e9rt csapjuk be ennyire magunkat ebben a 70 \u00e9vben?<\/span><\/p>\n<p><span style=\"font-weight: 400;\">Bek\u00f6sz\u00f6nt\u00f6tt hozz\u00e1nk a cs\u00facstechnol\u00f3gia kora, olyan dolgokat gy\u00e1rtunk, amiket az \u0151seink el sem tudtak k\u00e9pzelni. Nagy felh\u0151karcol\u00f3k, rajtuk a hatalmas kivet\u00edt\u0151k. Viszont t\u00fal tekintett\u00fcnk ezeken valaha? Hogy mi b\u00fajik a szuper\u00a0\u00a0 tal\u00e1lm\u00e1nyunk-\u00e9s \u00e9p\u00edtm\u00e9ny\u00fcnk m\u00f6g\u00f6tt?<\/span><\/p>\n<p><span style=\"font-weight: 400;\">Ahol valaha gy\u00f6ny\u00f6r\u0171 z\u00f6ld r\u00e9tek, \u00e9s erd\u0151k voltak, az m\u00e1ra m\u00e1r a szennyezett borzalmas \u00e1llapot\u00fa gy\u00e1rak vett\u00e9k \u00e1t. Ahol valaha sz\u00e9p tiszta v\u00edz volt, az m\u00e1r ma a szennyezetts\u00e9gt\u0151l b\u0171zlik. <\/span><\/p>\n<p><span style=\"font-weight: 400;\">\u00c1llatokat gyilkolunk. Betessz\u00fck egy ketrec<img decoding=\"async\" loading=\"lazy\" class=\"size-medium wp-image-3140 alignleft\" src=\"http:\/\/szigma.szigbp.hu\/wp-content\/uploads\/2017\/02\/behajt-1.png\" alt=\"behajt-1\" width=\"268\" height=\"202\" srcset=\"http:\/\/szigma.szigbp.hu\/wp-content\/uploads\/2017\/02\/behajt-1.png 268w, http:\/\/szigma.szigbp.hu\/wp-content\/uploads\/2017\/02\/behajt-1-174x131.png 174w, http:\/\/szigma.szigbp.hu\/wp-content\/uploads\/2017\/02\/behajt-1-70x53.png 70w\" sizes=\"(max-width: 268px) 100vw, 268px\" \/>be \u0151ket, s \u00e9let\u00fck v\u00e9g\u00e9ig csak k\u00eds\u00e9rletez\u00fcnk rajtuk, az\u00e9rt hogy egy sz\u00e9ps\u00e9g cikket tudjunk elk\u00e9sz\u00edteni. Bez\u00e1rjuk milli\u00f3s l\u00e9tsz\u00e1mmal \u0151ket egy \u00e1llat\u00fczembe, s undor\u00edt\u00f3 helyen undor\u00edt\u00f3 dolgokkal etetj\u00fck \u0151ket, s k\u00e9s\u0151bb a hasunkban v\u00e9gzik. De nem csak ez. A sok m\u00e9rgez\u0151 vegyi anyagok, amiket levesz\u00fcnk a polcr\u00f3l, a gy\u00f3gyszerek, amikr\u0151l nem is tudjuk az eredet\u00e9t. Csak \u00fagy t\u00f6mj\u00fck magunkat, mik\u00f6zben semmir\u0151l sem tudunk.<\/span><\/p>\n<p><span style=\"font-weight: 400;\">Semmir\u0151l sem tudunk, hiszen nem is engedik, hogy tudjunk. A c\u00e9gek, akik ir\u00e1ny\u00edtj\u00e1k a m\u00e9di\u00e1t, nem akarj\u00e1k, hogy b\u00e1rmi fogalmunk is legyen a val\u00f3s\u00e1gr\u00f3l. Nekik a hatalom sz\u00e1m\u00edt, \u00e9s a profit ami ebb\u0151l sz\u00e1rmazik. Az elitek seg\u00edts\u00e9g\u00e9vel m\u00e1r meg lehetett volna sz\u00fcntetni az \u00e9h\u00edns\u00e9get, de akkor abb\u00f3l semmi profit nem sz\u00e1rmazna. Mi nekik adjuk az eg\u00e9sz \u00e9let\u00fcnket, s nem \u00e9lj\u00fck a saj\u00e1tjainkat. Nekik mi vagyunk az \u00fczemanyag, az \u00fczemanyag ami f\u0171ti \u0151ket.<br \/>\n<\/span><\/p>\n<p><span style=\"font-weight: 400;\">Jelent\u00e9ktelen pap\u00edrokt\u00f3l<img decoding=\"async\" loading=\"lazy\" class=\"size-medium wp-image-3138 alignright\" src=\"http:\/\/szigma.szigbp.hu\/wp-content\/uploads\/2017\/02\/1323333004-300x239.jpg\" alt=\"1323333004\" width=\"300\" height=\"239\" srcset=\"http:\/\/szigma.szigbp.hu\/wp-content\/uploads\/2017\/02\/1323333004-300x239.jpg 300w, http:\/\/szigma.szigbp.hu\/wp-content\/uploads\/2017\/02\/1323333004.jpg 500w\" sizes=\"(max-width: 300px) 100vw, 300px\" \/> f\u00fcgg\u00fcnk, s p\u00e9nzzel pr\u00f3b\u00e1lnak megvesztegetni minket. Olyan embereket b\u00e1lv\u00e1nyozunk, akiket val\u00f3j\u00e1ban nem is ismer\u00fcnk. Az iskol\u00e1kban tesztelve, \u00e9s oszt\u00e1lyozva \u00edt\u00e9lnek minket, mint egy t\u00e1rgyat. \u00c9jjel-nappal dolgozunk, hogy azt\u00e1n megint \u00e9jjel-nappal dolgozhassunk. A sz\u00fcrke h\u00e9tk\u00f6znapjaink egyre jobban \u00f6sszemos\u00f3dnak, mik\u00f6zben hagyjuk, hogy az \u00e9let\u00fcnk \u00fagy folyjon tov\u00e1bb, ahogy ir\u00e1ny\u00edtj\u00e1k. Csak vakon k\u00f6vetj\u00fck az utas\u00edt\u00e1saikat. Mint egy rossz j\u00e1rv\u00e1ny \u00fagy terjed\u00fcnk, mik\u00f6zben t\u00f6nkre tessz\u00fck a k\u00f6rnyezet\u00fcnket. Sz\u00f3val akkor t\u00e9nyleg mondhatjuk mi magunkra, hogy mi vagyunk a legintelligensebb a F\u00f6ld\u00f6n?<\/span><\/p>\n<p><span style=\"font-weight: 400;\">Mindig azt mondogatjuk, hogy valaki, majd biztos v\u00e1ltoz\u00e1st fog hozni a vil\u00e1gra, mik\u00f6zben mi\u00e9rt ne hozhatn\u00e1nk meg mi, a v\u00e1ltoz\u00e1st? Mi\u00e9rt nem harcolunk az\u00e9rt, hogy a mi saj\u00e1t utunkat j\u00e1rhassuk? <\/span><\/p>\n<p><span style=\"font-weight: 400;\">Az emberis\u00e9g az\u00e9rt maradt fenn, mert hajland\u00f3ak voltunk egy\u00fcttm\u0171k\u00f6dni. Akkor most mi\u00e9rt nem? Hiszen egy k\u00f6z\u00f6s c\u00e9lunk van. A <strong>Boldogs\u00e1g.<\/strong><\/span><\/p>\n<p style=\"text-align: right;\"><strong>Michelle<\/strong><\/p>\n","protected":false},"excerpt":{"rendered":"<div class=\"mh-excerpt\"><p>A F\u00f6ld. T\u00f6bb mint h\u00e1romsz\u00e1z-milli\u00e1rd \u00e9ve l\u00e9tezik az univerzumban. Emberis\u00e9g. Jelenleg k\u00f6r\u00fclbel\u00fcl t\u00edzezer \u00e9ve van emberi civiliz\u00e1ci\u00f3. Egy ember pedig \u00e1tlagosan 70 \u00e9vet \u00e9l. Csak <a class=\"mh-excerpt-more\" href=\"http:\/\/szigma.szigbp.hu\/?p=3137\" title=\"A vil\u00e1g, amiben val\u00f3j\u00e1ban \u00e9l\u00fcnk\">[&#8230;]<\/a><\/p>\n<\/div>","protected":false},"author":25,"featured_media":3138,"comment_status":"closed","ping_status":"closed","sticky":false,"template":"","format":"standard","meta":[],"categories":[8],"tags":[16],"_links":{"self":[{"href":"http:\/\/szigma.szigbp.hu\/index.php?rest_route=\/wp\/v2\/posts\/3137"}],"collection":[{"href":"http:\/\/szigma.szigbp.hu\/index.php?rest_route=\/wp\/v2\/posts"}],"about":[{"href":"http:\/\/szigma.szigbp.hu\/index.php?rest_route=\/wp\/v2\/types\/post"}],"author":[{"embeddable":true,"href":"http:\/\/szigma.szigbp.hu\/index.php?rest_route=\/wp\/v2\/users\/25"}],"replies":[{"embeddable":true,"href":"http:\/\/szigma.szigbp.hu\/index.php?rest_route=%2Fwp%2Fv2%2Fcomments&post=3137"}],"version-history":[{"count":4,"href":"http:\/\/szigma.szigbp.hu\/index.php?rest_route=\/wp\/v2\/posts\/3137\/revisions"}],"predecessor-version":[{"id":3144,"href":"http:\/\/szigma.szigbp.hu\/index.php?rest_route=\/wp\/v2\/posts\/3137\/revisions\/3144"}],"wp:featuredmedia":[{"embeddable":true,"href":"http:\/\/szigma.szigbp.hu\/index.php?rest_route=\/wp\/v2\/media\/3138"}],"wp:attachment":[{"href":"http:\/\/szigma.szigbp.hu\/index.php?rest_route=%2Fwp%2Fv2%2Fmedia&parent=3137"}],"wp:term":[{"taxonomy":"category","embeddable":true,"href":"http:\/\/szigma.szigbp.hu\/index.php?rest_route=%2Fwp%2Fv2%2Fcategories&post=3137"},{"taxonomy":"post_tag","embeddable":true,"href":"http:\/\/szigma.szigbp.hu\/index.php?rest_route=%2Fwp%2Fv2%2Ftags&post=3137"}],"curies":[{"name":"wp","href":"https:\/\/api.w.org\/{rel}","templated":true}]}}