{"id":321,"date":"2015-02-06T14:47:13","date_gmt":"2015-02-06T13:47:13","guid":{"rendered":"http:\/\/szigma.szigbp.hu\/?p=321"},"modified":"2016-03-31T21:48:05","modified_gmt":"2016-03-31T19:48:05","slug":"kell-az-iskolai-egyenruha","status":"publish","type":"post","link":"http:\/\/szigma.szigbp.hu\/?p=321","title":{"rendered":"Kell az iskolai egyenruha?"},"content":{"rendered":"<p><strong>Els\u0151rend\u0171 &#8211; ez jut esz\u00fcnkbe arr\u00f3l az iskol\u00e1r\u00f3l, ahol k\u00f6telez\u0151 az egyenruha visel\u00e9se. Azonban a fiatal di\u00e1kok nem szeretn\u00e9k ezt viselni az iskol\u00e1ban. Jobb emberekk\u00e9 nevel az egyenruha? Vagy ink\u00e1bb elv\u00e9sz a gyerekek egy\u00e9nis\u00e9ge?<\/strong><\/p>\n<p>A tan\u00e1rok \u00e9s a szak\u00e9rt\u0151k szerint 5 el\u0151ny sz\u00e1rmazik az egyenruha visel\u00e9s\u00e9b\u0151l:biztons\u00e1g, b\u00fcszkes\u00e9g, egyenl\u0151s\u00e9g, k\u00e9nyelem \u00e9s felk\u00e9sz\u00edt\u00e9s.<\/p>\n<p>Biztons\u00e1g: Ha a tanint\u00e9zm\u00e9nybe idegen ember vegy\u00fcl el, k\u00f6nnyebben ki lehet sz\u0171rni az egyenruh\u00e1sok k\u00f6zt.<\/p>\n<p>B\u00fcszkes\u00e9g: A hovatartoz\u00e1s \u00e9rz\u00e9s\u00e9t el\u0151seg\u00edtheti az egyenfelszerel\u00e9s, ez\u00e9rt ak\u00e1r b\u00fcszkes\u00e9ggel is elt\u00f6ltheti a di\u00e1kokat.<\/p>\n<p>Egyenl\u0151s\u00e9g: A szeg\u00e9ny \u00e9s a gazdag di\u00e1kok k\u00f6zti k\u00fcl\u00f6nbs\u00e9get elfedi az egyen\u00f6lt\u00f6z\u00e9k.<\/p>\n<p>K\u00e9nyelem: K\u00f6nnyebben \u00e9s gyorsabban megy a reggeli k\u00e9sz\u00fcl\u0151d\u00e9s.<\/p>\n<p>Felk\u00e9sz\u00edt\u00e9s: A gyerekeknek fel kell k\u00e9sz\u00fclni\u00fck a feln\u0151tt \u00e9letre. M\u00e1rpedig a legt\u00f6bb munkahelyeken k\u00f6telez\u0151 valamif\u00e9le egyenruha.<\/p>\n<p>A liber\u00e1lis sz\u00fcl\u0151k az egy\u00e9nis\u00e9g \u00e9s kreativit\u00e1s elveszt\u00e9s\u00e9vel \u00e9rvelnek az el\u0151\u00edrt egyenruha ellen. A di\u00e1kok egyszer\u0171en az\u00e9rt ut\u00e1lj\u00e1k az el\u0151\u00edr\u00e1st, mert egyszer\u0171en \u201eb\u00e9n\u00e1n n\u00e9z ki\u201d. Kisebb korban elviselik, de a kamaszod\u00e1s kezdet\u00e9n\u00e9l l\u00e1zadni kezdenek ellene.<\/p>\n<p>&nbsp;<\/p>\n<p>Petruska \u00c9va klinikai szakpszichol\u00f3gus, gy\u00f3gypedag\u00f3gus <a href=\"http:\/\/eduline.hu\/kozoktatas\/2013\/12\/24\/Iskolai_egyenruhak_N572FW\">szerint <\/a>ez teljesen term\u00e9szetes. <em> \u201eA <\/em><em>kit\u00f6rni v\u00e1gy\u00f3 szem\u00e9lyis\u00e9g m\u00e9g az egyenruh\u00e1t is egyedies\u00edteni akarja. Ha pedig ezt nem hagyj\u00e1k, ak\u00e1r pszichol\u00f3giai probl\u00e9m\u00e1k is felmer\u00fclhetnek: min\u00e9l ink\u00e1bb elnyomj\u00e1k, ann\u00e1l rosszabb lesz, a szem\u00e9lyis\u00e9gfejl\u0151d\u00e9sre pedig mindenk\u00e9ppen r\u00e1nyomja a b\u00e9lyeg\u00e9t.\u201d<\/em><\/p>\n<p>Na de hogyan is n\u00e9z ki egy igazi iskolai egyenruha?<\/p>\n<p>Angli\u00e1ban a fi\u00fak \u00e1ltal\u00e1ban hossz\u00fa nadr\u00e1got, a l\u00e1nyok szokny\u00e1t hordanak.<\/p>\n<p>Nemcsak Angli\u00e1ban \u00e9s Jap\u00e1nban, hanem Lengyelorsz\u00e1gban, Litv\u00e1ni\u00e1ban, Nig\u00e9ri\u00e1ban, Peruban, Thaif\u00f6ld\u00f6n, D\u00e9l- Afrik\u00e1ban, T\u00f6r\u00f6korsz\u00e1gban, \u00e9s a vil\u00e1g sok m\u00e1s orsz\u00e1g\u00e1ban is k\u00f6telez\u0151 az iskolai egyenruha.<\/p>\n<p>Egy tanulm\u00e1ny szerint az egyenruh\u00e1t visel\u0151 iskol\u00e1k di\u00e1kjai sokkal fegyelmezettebbek, mint az olyan iskol\u00e1k di\u00e1kjai, ahol ez nem k\u00f6telez\u0151. Kutat\u00e1sok szerint egy\u00fctt\u00e9rz\u0151bbek is az uniformist visel\u0151k.<\/p>\n<p>Hmmm. Lehet hogy nem is olyan rossz az egyen\u00f6lt\u00f6z\u00e9k?<\/p>\n<p>Ti mit gondoltok, szeretn\u00e9tek egyenruh\u00e1t viselni? Vagy el\u00e9g, ha van valami egy\u00e9ni egyenpul\u00f3ver, amit a szabadid\u0151dben tudsz hordani?<\/p>\n<p>Szeretn\u00e9tek saj\u00e1t istv\u00e1nos pulcsit?<\/p>\n","protected":false},"excerpt":{"rendered":"<div class=\"mh-excerpt\"><p>Els\u0151rend\u0171 &#8211; ez jut esz\u00fcnkbe arr\u00f3l az iskol\u00e1r\u00f3l, ahol k\u00f6telez\u0151 az egyenruha visel\u00e9se. Azonban a fiatal di\u00e1kok nem szeretn\u00e9k ezt viselni az iskol\u00e1ban. Jobb emberekk\u00e9 <a class=\"mh-excerpt-more\" href=\"http:\/\/szigma.szigbp.hu\/?p=321\" title=\"Kell az iskolai egyenruha?\">[&#8230;]<\/a><\/p>\n<\/div>","protected":false},"author":1,"featured_media":0,"comment_status":"closed","ping_status":"closed","sticky":false,"template":"","format":"standard","meta":[],"categories":[7],"tags":[],"_links":{"self":[{"href":"http:\/\/szigma.szigbp.hu\/index.php?rest_route=\/wp\/v2\/posts\/321"}],"collection":[{"href":"http:\/\/szigma.szigbp.hu\/index.php?rest_route=\/wp\/v2\/posts"}],"about":[{"href":"http:\/\/szigma.szigbp.hu\/index.php?rest_route=\/wp\/v2\/types\/post"}],"author":[{"embeddable":true,"href":"http:\/\/szigma.szigbp.hu\/index.php?rest_route=\/wp\/v2\/users\/1"}],"replies":[{"embeddable":true,"href":"http:\/\/szigma.szigbp.hu\/index.php?rest_route=%2Fwp%2Fv2%2Fcomments&post=321"}],"version-history":[{"count":1,"href":"http:\/\/szigma.szigbp.hu\/index.php?rest_route=\/wp\/v2\/posts\/321\/revisions"}],"predecessor-version":[{"id":356,"href":"http:\/\/szigma.szigbp.hu\/index.php?rest_route=\/wp\/v2\/posts\/321\/revisions\/356"}],"wp:attachment":[{"href":"http:\/\/szigma.szigbp.hu\/index.php?rest_route=%2Fwp%2Fv2%2Fmedia&parent=321"}],"wp:term":[{"taxonomy":"category","embeddable":true,"href":"http:\/\/szigma.szigbp.hu\/index.php?rest_route=%2Fwp%2Fv2%2Fcategories&post=321"},{"taxonomy":"post_tag","embeddable":true,"href":"http:\/\/szigma.szigbp.hu\/index.php?rest_route=%2Fwp%2Fv2%2Ftags&post=321"}],"curies":[{"name":"wp","href":"https:\/\/api.w.org\/{rel}","templated":true}]}}