{"id":3259,"date":"2017-03-28T07:34:34","date_gmt":"2017-03-28T05:34:34","guid":{"rendered":"http:\/\/szigma.szigbp.hu\/?p=3259"},"modified":"2017-03-28T07:34:34","modified_gmt":"2017-03-28T05:34:34","slug":"parnacsata","status":"publish","type":"post","link":"http:\/\/szigma.szigbp.hu\/?p=3259","title":{"rendered":"P\u00e1rnacsata"},"content":{"rendered":"<p>Van, aki feleslegesnek tartja; van, aki mosolyog egy j\u00f3t az \u0151r\u00fclteken, akik komolyan veszik ezt a napot; \u00e9s vannak, akik \u0151k maguk az \u0151r\u00fcltek. Igen, ez bizony \u00e1prilis elseje!<br \/>\nA bolondoz\u00e1sok \u00e9s ugrat\u00e1sok vil\u00e1gnapja el\u0151tt sokan elgondolkoznak, hogy mit is csin\u00e1ljon id\u00e9n ennek az esem\u00e9nynek az alkalm\u00e1b\u00f3l. \u00cdgy lehettek ezzel a rendezv\u00e9nyszervez\u0151k is, amikor el\u0151sz\u00f6r tal\u00e1lt\u00e1k ki a P\u00e1rnacsata Napot.<\/p>\n<p>\u00c9s akkor elmagyar\u00e1zom, hogy m is ez pontosan:<\/p>\n<p>Az idei 2017-es p\u00e1rnacsata \u2013 mint minden \u00e9vben- a H\u0151s\u00f6k ter\u00e9n lesz megtartva, a gy\u00fclekez\u0151 15:00-kor. A j\u00e1t\u00e9k kezd\u00e9se f\u00e9l \u00f3r\u00e1val k\u00e9s\u0151bb lesz, ami abb\u00f3l \u00e1ll, hogy a hatalmas t\u00f6megbe ver\u0151d\u00f6tt emberek p\u00e1rn\u00e1kkal p\u00fcf\u00f6lik egym\u00e1st, mik\u00f6zben mindenfel\u00e9 toll sz\u00e1ll, \u00e9s mindenki nevet a szokatlan helyzet kialakul\u00e1sa miatt.<\/p>\n<p>Tavaly &#8211; mikor el\u0151sz\u00f6r vettem r\u00e9szt rajta-, \u00fagy gondoltam, hogy alaposan ut\u00e1nan\u00e9ztem a dolognak. Vittem p\u00e1rn\u00e1t is, \u00e9s lelkiekben is felk\u00e9sz\u00fcltem. \u00c1m mikor megpillantottam a teret, r\u00f6gt\u00f6n megtorpantam. Igaz lelkes voltam, \u00e9s p\u00e1rszor elk\u00e9pzeltem, ahogy a t\u00f6meg p\u00e1rnacsat\u00e1zik, de az ott \u00f6sszegy\u0171lt embersereg sokkal nagyobb volt, mint azt valaha is v\u00e1rtam volna. A sz\u00ednes p\u00e1rn\u00e1kr\u00f3l m\u00e1r ne is besz\u00e9lj\u00fcnk\u2026<\/p>\n<p>A t\u00f6meg m\u00e9rete az\u00e9rt lepett meg, mert a hirdet\u00e9s nem volt t\u00fal hat\u00e9kony. Igaz Facebookon ki\u00edrt\u00e1k, mint k\u00f6zelg\u0151 esem\u00e9ny, de alig l\u00e1tta valaki\u2026 t\u00f6bbek k\u00f6z\u00f6tt \u00e9n sem az alapj\u00e1n tal\u00e1ltam meg, s\u0151t, ut\u00f3lag is nehezen siker\u00fclt\u2026<\/p>\n<p>N\u00e9h\u00e1ny ismer\u0151s\u00f6m \u00e9s \u00e9n pontban h\u00e1romra ment\u00fcnk oda, nehogy lemaradjunk valamir\u0151l. Az addigra \u00f6sszever\u0151d\u00f6tt t\u00f6meget a szervez\u0151k &#8211; akik a szobrokra felm\u00e1szva a magasb\u00f3l figyeltek- zen\u00e9vel \u00e9s dobperg\u00e9ssel sz\u00f3rakoztatt\u00e1k.<\/p>\n<p><img decoding=\"async\" loading=\"lazy\" class=\"size-medium wp-image-3260 aligncenter\" src=\"http:\/\/szigma.szigbp.hu\/wp-content\/uploads\/2017\/03\/1-300x225.jpg\" alt=\"1\" width=\"300\" height=\"225\" srcset=\"http:\/\/szigma.szigbp.hu\/wp-content\/uploads\/2017\/03\/1-300x225.jpg 300w, http:\/\/szigma.szigbp.hu\/wp-content\/uploads\/2017\/03\/1-174x131.jpg 174w, http:\/\/szigma.szigbp.hu\/wp-content\/uploads\/2017\/03\/1-70x53.jpg 70w, http:\/\/szigma.szigbp.hu\/wp-content\/uploads\/2017\/03\/1.jpg 724w\" sizes=\"(max-width: 300px) 100vw, 300px\" \/><\/p>\n<p>Mik\u00f6zben v\u00e1rtunk a kezd\u00e9sre \u2013ami sajnos m\u00e9g h\u00e1romnegyed n\u00e9gykor sem k\u00f6vetkezett be-, addig lassan k\u00f6rben\u00e9ztem. K\u00f6r\u00fcl\u00f6tt\u00fcnk mindenki s\u00ed szem\u00fcveget \u00e9s maszkot viselt. Ez kicsit aggaszt\u00f3 volt, hiszen mit tudhatnak, amit mi nem\u2026<\/p>\n<p>V\u00e9g\u00fcl azt\u00e1n visszasz\u00e1ml\u00e1l\u00e1sra elkezd\u0151d\u00f6tt\u2026 Csak arra eml\u00e9kszem, hogy a hossz\u00fa v\u00e1rakoz\u00e1s ut\u00e1n hirtelen mindenki fel\u00e9l\u00e9nk\u00fclt, mintha felrobbant volna a t\u00e9r. Nekem m\u00e9g lend\u00edteni sem volt id\u0151m a p\u00e1rn\u00e1mat, m\u00e1ris fejen tal\u00e1lt egy.<\/p>\n<p>\/Sz\u00f3val tan\u00e1cs szem\u00fcvegeseknek: nehogy magatokon hagyj\u00e1tok, garant\u00e1ltan nem \u00e9li t\u00fal!\/<\/p>\n<p>A t\u00f6megben mindenki h\u0151siesen k\u00fczd\u00f6tt, \u00e9s lehetetlen volt abbahagyni a mosolyg\u00e1st \u00e9s a nevet\u00e9st. Akivel csak szembetal\u00e1lkoztam, \u00e9s p\u00e1rbajoztam egyet, mind j\u00f3kedv\u0171 \u00e9s aranyos volt. K\u00fczd\u00f6tt\u00fcnk egy ideig, majd tov\u00e1bb\u00e1lltunk, \u00e9s kerest\u00fcnk egy m\u00e1sik ellenfelet\u2026 amit nem volt neh\u00e9z tal\u00e1lni.<\/p>\n<p>A kezd\u00e9s ut\u00e1ni n\u00e9h\u00e1ny percben \u00e9rtettem csak meg, hogy mire a maszk, ugyanis mint a filmekben, a kiszakadt p\u00e1rn\u00e1kb\u00f3l mindenfel\u00e9 rep\u00fclt a toll, folyamatosan potyogott az \u00e9gb\u0151l, r\u00e1 a fej\u00fcnkre. Akin nem volt maszk, az k\u00f6nnyen meg is \u00edzlelhette a tollpih\u00e9ket.<\/p>\n<p>\/ Sz\u00f3val m\u00e9g egy tan\u00e1cs: ha j\u00f6ssz, ne felejts el hozni maszkot, mert \u00e9letfontoss\u00e1g\u00fa! \/<\/p>\n<p>Akadtak, akik p\u00e1rna helyett pl\u00fcss\u00f6kkel harcoltak:<\/p>\n<p><img decoding=\"async\" loading=\"lazy\" class=\"size-medium wp-image-3261 aligncenter\" src=\"http:\/\/szigma.szigbp.hu\/wp-content\/uploads\/2017\/03\/2-e1490678798610-224x300.jpg\" alt=\"2\" width=\"224\" height=\"300\" srcset=\"http:\/\/szigma.szigbp.hu\/wp-content\/uploads\/2017\/03\/2-e1490678798610-224x300.jpg 224w, http:\/\/szigma.szigbp.hu\/wp-content\/uploads\/2017\/03\/2-e1490678798610.jpg 673w\" sizes=\"(max-width: 224px) 100vw, 224px\" \/><br \/>\nVoltak kimondottan a strat\u00e9gi\u00e1ra \u00e9p\u00edt\u0151 j\u00e1t\u00e9kosok, akik egym\u00e1s v\u00e1ll\u00e1ra \u00fclve a magasb\u00f3l akartak r\u00e1nk t\u00e1madni, de ez nem volt j\u00f3 \u00f6tlet. Azonnal k\u00f6z\u00f6s ellenf\u00e9ll\u00e9 v\u00e1ltoztak, \u00e9s mindenki \u0151ket c\u00e9lozta meg\u2026 szerintem az\u00f3ta nem pr\u00f3b\u00e1lkoznak ilyennel.<\/p>\n<p><a href=\"http:\/\/szigma.szigbp.hu\/wp-content\/uploads\/2017\/03\/3-e1490678858807.jpg\"><img decoding=\"async\" loading=\"lazy\" class=\"size-medium wp-image-3262 aligncenter\" src=\"http:\/\/szigma.szigbp.hu\/wp-content\/uploads\/2017\/03\/3-e1490678858807-244x300.jpg\" alt=\"3\" width=\"244\" height=\"300\" srcset=\"http:\/\/szigma.szigbp.hu\/wp-content\/uploads\/2017\/03\/3-e1490678858807-244x300.jpg 244w, http:\/\/szigma.szigbp.hu\/wp-content\/uploads\/2017\/03\/3-e1490678858807.jpg 548w\" sizes=\"(max-width: 244px) 100vw, 244px\" \/><\/a><\/p>\n<p>Igaz rengetegen voltunk, a v\u00e1llunk \u00f6ssze\u00e9rt, m\u00e9gsem volt l\u00f6kd\u00f6s\u0151d\u00e9s, \u00e9s m\u00e9g most sem \u00e9rtem, hogy ezt hogy csin\u00e1ltuk.<br \/>\nIndul\u00e1skor az egyetlen f\u00e9lelmem az volt, hogy a v\u00e9g\u00e9n a p\u00e1rnacsat\u00e1b\u00f3l t\u00f6megvereked\u00e9s lesz, hogy akadnak majd t\u00fal nagy bele\u00e9l\u00e9ssel k\u00fczd\u0151 szem\u00e9lyek, de ez szerencs\u00e9re nem k\u00f6vetkezett be.<br \/>\nA hangulat t\u00e9nyleg j\u00f3 volt, a kitart\u00f3bbak m\u00e1sf\u00e9l \u00f3r\u00e1n \u00e1t k\u00fczd\u00f6ttek, mi viszont csak f\u00e9l \u00f3r\u00e1ig b\u00edrtuk. F\u00e1radtan, kifulladva \u00e9s tiszta tollasan verekedt\u00fck ki magunkat a csat\u00e1b\u00f3l.<\/p>\n<p>A csat\u00e1ban eg\u00e9szen kicsik is r\u00e9szt vettek, nekik k\u00fcl\u00f6n kis sarok volt.<\/p>\n<p><a href=\"http:\/\/szigma.szigbp.hu\/wp-content\/uploads\/2017\/03\/4-e1490678911976.jpg\"><img decoding=\"async\" loading=\"lazy\" class=\"size-medium wp-image-3263 aligncenter\" src=\"http:\/\/szigma.szigbp.hu\/wp-content\/uploads\/2017\/03\/4-e1490678911976-224x300.jpg\" alt=\"4\" width=\"224\" height=\"300\" srcset=\"http:\/\/szigma.szigbp.hu\/wp-content\/uploads\/2017\/03\/4-e1490678911976-224x300.jpg 224w, http:\/\/szigma.szigbp.hu\/wp-content\/uploads\/2017\/03\/4-e1490678911976.jpg 657w\" sizes=\"(max-width: 224px) 100vw, 224px\" \/><\/a><\/p>\n<p>A v\u00e9g\u00e9n a fot\u00f3sok kedv\u00e9\u00e9rt mindenki feldobta a p\u00e1rn\u00e1j\u00e1t.<\/p>\n<p><a href=\"http:\/\/szigma.szigbp.hu\/wp-content\/uploads\/2017\/03\/5.jpg\"><img decoding=\"async\" loading=\"lazy\" class=\"size-medium wp-image-3264 aligncenter\" src=\"http:\/\/szigma.szigbp.hu\/wp-content\/uploads\/2017\/03\/5-300x225.jpg\" alt=\"5\" width=\"300\" height=\"225\" srcset=\"http:\/\/szigma.szigbp.hu\/wp-content\/uploads\/2017\/03\/5-300x225.jpg 300w, http:\/\/szigma.szigbp.hu\/wp-content\/uploads\/2017\/03\/5-174x131.jpg 174w, http:\/\/szigma.szigbp.hu\/wp-content\/uploads\/2017\/03\/5-70x53.jpg 70w, http:\/\/szigma.szigbp.hu\/wp-content\/uploads\/2017\/03\/5.jpg 842w\" sizes=\"(max-width: 300px) 100vw, 300px\" \/><\/a><\/p>\n<p>A csata v\u00e9g\u00e9n a hossz\u00fa haj\u00fa l\u00e1nyok \u00faj frizur\u00e1t kaptak:<\/p>\n<p><a href=\"http:\/\/szigma.szigbp.hu\/wp-content\/uploads\/2017\/03\/7-e1490679031277.jpg\"><img decoding=\"async\" loading=\"lazy\" class=\"size-medium wp-image-3266 alignleft\" src=\"http:\/\/szigma.szigbp.hu\/wp-content\/uploads\/2017\/03\/7-e1490679031277-225x300.jpg\" alt=\"7\" width=\"225\" height=\"300\" srcset=\"http:\/\/szigma.szigbp.hu\/wp-content\/uploads\/2017\/03\/7-e1490679031277-225x300.jpg 225w, http:\/\/szigma.szigbp.hu\/wp-content\/uploads\/2017\/03\/7-e1490679031277.jpg 587w\" sizes=\"(max-width: 225px) 100vw, 225px\" \/><\/a><\/p>\n<p><a href=\"http:\/\/szigma.szigbp.hu\/wp-content\/uploads\/2017\/03\/6-e1490679017812.jpg\"><img decoding=\"async\" loading=\"lazy\" class=\"alignnone size-medium wp-image-3265\" src=\"http:\/\/szigma.szigbp.hu\/wp-content\/uploads\/2017\/03\/6-e1490679017812-225x300.jpg\" alt=\"6\" width=\"225\" height=\"300\" srcset=\"http:\/\/szigma.szigbp.hu\/wp-content\/uploads\/2017\/03\/6-e1490679017812-225x300.jpg 225w, http:\/\/szigma.szigbp.hu\/wp-content\/uploads\/2017\/03\/6-e1490679017812.jpg 655w\" sizes=\"(max-width: 225px) 100vw, 225px\" \/><\/a><\/p>\n<p>A tollal bebor\u00edtott f\u00f6ld\u00f6n pedig valaki tollangyalk\u00e1t k\u00e9sz\u00edtett:<\/p>\n<p><a href=\"http:\/\/szigma.szigbp.hu\/wp-content\/uploads\/2017\/03\/8-e1490679162877.jpg\"><img decoding=\"async\" loading=\"lazy\" class=\"size-medium wp-image-3267 aligncenter\" src=\"http:\/\/szigma.szigbp.hu\/wp-content\/uploads\/2017\/03\/8-e1490679162877-225x300.jpg\" alt=\"8\" width=\"225\" height=\"300\" srcset=\"http:\/\/szigma.szigbp.hu\/wp-content\/uploads\/2017\/03\/8-e1490679162877-225x300.jpg 225w, http:\/\/szigma.szigbp.hu\/wp-content\/uploads\/2017\/03\/8-e1490679162877.jpg 561w\" sizes=\"(max-width: 225px) 100vw, 225px\" \/><\/a><\/p>\n<p>\u00c9n nagyon \u00e9lveztem, szerintem t\u00f6k\u00e9letes bolondok napi program volt, \u00e9s biztos, hogy j\u00f6v\u0151re is ott leszek, \u00e9s gyertek ti is! Garant\u00e1ltan j\u00f3l fogj\u00e1tok magatokat \u00e9rezni.<br \/>\nAkkor \u00e1prilis elsej\u00e9n rem\u00e9lem, tal\u00e1lkozunk a H\u0151s\u00f6k ter\u00e9n!<\/p>\n<p>Az \u00e9rdekl\u0151d\u0151knek: a csat\u00e1r\u00f3l kisfilm is k\u00e9sz\u00fclt:\u00a0<a style=\"color: #1155cc;\" href=\"https:\/\/www.youtube.com\/watch?v=7HHb_-fGN-M\" target=\"_blank\" data-saferedirecturl=\"https:\/\/www.google.com\/url?hl=hu&amp;q=https:\/\/www.youtube.com\/watch?v%3D7HHb_-fGN-M&amp;source=gmail&amp;ust=1490764987691000&amp;usg=AFQjCNF2vpFNBSzIKGaHdQA1PV45Hmg6Eg\">https:\/\/www.youtube.com\/<wbr \/>watch?v=7HHb_-fGN-M<\/a><\/p>\n<p style=\"text-align: right;\"><strong>S\u00e1ra<\/strong><\/p>\n","protected":false},"excerpt":{"rendered":"<div class=\"mh-excerpt\"><p>Van, aki feleslegesnek tartja; van, aki mosolyog egy j\u00f3t az \u0151r\u00fclteken, akik komolyan veszik ezt a napot; \u00e9s vannak, akik \u0151k maguk az \u0151r\u00fcltek. Igen, <a class=\"mh-excerpt-more\" href=\"http:\/\/szigma.szigbp.hu\/?p=3259\" title=\"P\u00e1rnacsata\">[&#8230;]<\/a><\/p>\n<\/div>","protected":false},"author":25,"featured_media":3264,"comment_status":"closed","ping_status":"closed","sticky":false,"template":"","format":"standard","meta":[],"categories":[8],"tags":[16],"_links":{"self":[{"href":"http:\/\/szigma.szigbp.hu\/index.php?rest_route=\/wp\/v2\/posts\/3259"}],"collection":[{"href":"http:\/\/szigma.szigbp.hu\/index.php?rest_route=\/wp\/v2\/posts"}],"about":[{"href":"http:\/\/szigma.szigbp.hu\/index.php?rest_route=\/wp\/v2\/types\/post"}],"author":[{"embeddable":true,"href":"http:\/\/szigma.szigbp.hu\/index.php?rest_route=\/wp\/v2\/users\/25"}],"replies":[{"embeddable":true,"href":"http:\/\/szigma.szigbp.hu\/index.php?rest_route=%2Fwp%2Fv2%2Fcomments&post=3259"}],"version-history":[{"count":1,"href":"http:\/\/szigma.szigbp.hu\/index.php?rest_route=\/wp\/v2\/posts\/3259\/revisions"}],"predecessor-version":[{"id":3268,"href":"http:\/\/szigma.szigbp.hu\/index.php?rest_route=\/wp\/v2\/posts\/3259\/revisions\/3268"}],"wp:featuredmedia":[{"embeddable":true,"href":"http:\/\/szigma.szigbp.hu\/index.php?rest_route=\/wp\/v2\/media\/3264"}],"wp:attachment":[{"href":"http:\/\/szigma.szigbp.hu\/index.php?rest_route=%2Fwp%2Fv2%2Fmedia&parent=3259"}],"wp:term":[{"taxonomy":"category","embeddable":true,"href":"http:\/\/szigma.szigbp.hu\/index.php?rest_route=%2Fwp%2Fv2%2Fcategories&post=3259"},{"taxonomy":"post_tag","embeddable":true,"href":"http:\/\/szigma.szigbp.hu\/index.php?rest_route=%2Fwp%2Fv2%2Ftags&post=3259"}],"curies":[{"name":"wp","href":"https:\/\/api.w.org\/{rel}","templated":true}]}}