{"id":3471,"date":"2017-10-03T21:26:23","date_gmt":"2017-10-03T19:26:23","guid":{"rendered":"http:\/\/szigma.szigbp.hu\/?p=3471"},"modified":"2017-10-03T21:26:23","modified_gmt":"2017-10-03T19:26:23","slug":"nyitobuli-milyen-is-volt","status":"publish","type":"post","link":"http:\/\/szigma.szigbp.hu\/?p=3471","title":{"rendered":"Nyit\u00f3buli: milyen is volt?"},"content":{"rendered":"<h3 style=\"text-align: center;\"><i>A nyit\u00f3buli, szeptember cs\u00facspontja<\/i><\/h3>\n<h3><span style=\"text-decoration: underline;\"><i>B\u00fcf\u00e9:<br \/>\n<\/i><\/span><\/h3>\n<p><i>Helysz\u00edn: Aula+ Sz\u00e9chenyi terem<br \/>\n<\/i><i>14:30-t\u00f3l<\/i><\/p>\n<p style=\"text-align: left;\"><i>A b\u00fcf\u00e9ben \u00edzletes \u00e9telek voltak remek hangulat \u00e9s egy finom falat ut\u00e1n a bar\u00e1taiddal csocs\u00f3zhatt\u00e1l is.<\/i><\/p>\n<p style=\"text-align: center;\"><i><img decoding=\"async\" loading=\"lazy\" class=\"alignnone size-medium wp-image-3472\" src=\"http:\/\/szigma.szigbp.hu\/wp-content\/uploads\/2017\/10\/1-300x200.png\" alt=\"1\" width=\"300\" height=\"200\" srcset=\"http:\/\/szigma.szigbp.hu\/wp-content\/uploads\/2017\/10\/1-300x200.png 300w, http:\/\/szigma.szigbp.hu\/wp-content\/uploads\/2017\/10\/1.png 595w\" sizes=\"(max-width: 300px) 100vw, 300px\" \/><\/i><\/p>\n<h3 style=\"text-align: left;\"><span style=\"text-decoration: underline;\">Tov\u00e1bbtanul\u00f3s teah\u00e1z<\/span><\/h3>\n<p>Helysz\u00edn: Pet\u0151fi terem + Aula<br \/>\n17-18 \u00f3r\u00e1ig<\/p>\n<p>Itt egy tea vagy s\u00fcti mellett kellemesen lehetett besz\u00e9lgetni a megh\u00edvott \u00f6regdi\u00e1kokkal a tov\u00e1bbtanul\u00e1sr\u00f3l \u00e9s az egyetemekr\u0151l. Vagy ak\u00e1r a faktv\u00e1laszt\u00e1sr\u00f3l is lehetett \u00e9rdekes dolgokat hallani.<img decoding=\"async\" loading=\"lazy\" class=\"alignnone size-medium wp-image-3473 aligncenter\" src=\"http:\/\/szigma.szigbp.hu\/wp-content\/uploads\/2017\/10\/2-300x199.png\" alt=\"2\" width=\"300\" height=\"199\" srcset=\"http:\/\/szigma.szigbp.hu\/wp-content\/uploads\/2017\/10\/2-300x199.png 300w, http:\/\/szigma.szigbp.hu\/wp-content\/uploads\/2017\/10\/2.png 594w\" sizes=\"(max-width: 300px) 100vw, 300px\" \/><\/p>\n<h3><span style=\"text-decoration: underline;\">T\u00e1rsasj\u00e1t\u00e9k<\/span><\/h3>\n<p>Helysz\u00edn: Arany terem<br \/>\n14:30-17:45<\/p>\n<p>Ebben a teremben t\u00f6k\u00e9letes hangulatban remek bar\u00e1tokkal lehetett k\u00fcl\u00f6nb\u00f6z\u0151 t\u00e1rsasj\u00e1t\u00e9kokkal j\u00e1tszani. Mindenki remek\u00fcl \u00e9rezte mag\u00e1t \u00e9s sokan eg\u00e9szen a program v\u00e9g\u00e9ig \u00e9lvezt\u00e9k a j\u00e1t\u00e9k vid\u00e1m pillanatait.<\/p>\n<p><img decoding=\"async\" loading=\"lazy\" class=\"alignnone size-medium wp-image-3474 aligncenter\" src=\"http:\/\/szigma.szigbp.hu\/wp-content\/uploads\/2017\/10\/3-300x198.png\" alt=\"3\" width=\"300\" height=\"198\" srcset=\"http:\/\/szigma.szigbp.hu\/wp-content\/uploads\/2017\/10\/3-300x198.png 300w, http:\/\/szigma.szigbp.hu\/wp-content\/uploads\/2017\/10\/3.png 593w\" sizes=\"(max-width: 300px) 100vw, 300px\" \/><\/p>\n<h3><span style=\"text-decoration: underline;\">Szigtalks:<\/span><\/h3>\n<p>Helysz\u00edn: Radn\u00f3ti terem<br \/>\n15:00-16:00<\/p>\n<p>Remek el\u0151ad\u00e1sok voltak \u00e9rdekes t\u00e9m\u00e1kban di\u00e1kt\u00e1rsakt\u00f3l. B\u00e1rmelyiket meg lehetett hallgatni.<\/p>\n<h3><span style=\"text-decoration: underline;\">Karaoke<\/span><\/h3>\n<p>Helysz\u00edn: J\u00f3zsef Attila terem<br \/>\n15:00-16:00<\/p>\n<p>A legjobb mai \u00e9s r\u00e9gebbi sl\u00e1gereket lehetett \u00e9nekelni bar\u00e1tokkal vagy ha el\u00e9g b\u00e1tor valaki akkor ak\u00e1r sz\u00f3l\u00f3ban is.<\/p>\n<p><img decoding=\"async\" loading=\"lazy\" class=\"alignnone size-medium wp-image-3476 aligncenter\" src=\"http:\/\/szigma.szigbp.hu\/wp-content\/uploads\/2017\/10\/5-300x197.png\" alt=\"5\" width=\"300\" height=\"197\" srcset=\"http:\/\/szigma.szigbp.hu\/wp-content\/uploads\/2017\/10\/5-300x197.png 300w, http:\/\/szigma.szigbp.hu\/wp-content\/uploads\/2017\/10\/5.png 591w\" sizes=\"(max-width: 300px) 100vw, 300px\" \/><\/p>\n<h3><span style=\"text-decoration: underline;\">Beugr\u00f3<\/span><\/h3>\n<p>Helysz\u00edn: Radn\u00f3ti terem<br \/>\n16:00-17:00<\/p>\n<p>A Beugr\u00f3 egy rendk\u00edv\u00fcl m\u00f3k\u00e1s t\u00e9v\u00e9m\u0171sor di\u00e1kokkal \u00e9s tan\u00e1r vend\u00e9gsz\u00edn\u00e9szekkel. Vicces iskolai szitu\u00e1ci\u00f3kban, helyzetekben lehetett szerepelni.<\/p>\n<p><img decoding=\"async\" loading=\"lazy\" class=\"alignnone size-medium wp-image-3475 aligncenter\" src=\"http:\/\/szigma.szigbp.hu\/wp-content\/uploads\/2017\/10\/4-300x200.png\" alt=\"4\" width=\"300\" height=\"200\" srcset=\"http:\/\/szigma.szigbp.hu\/wp-content\/uploads\/2017\/10\/4-300x200.png 300w, http:\/\/szigma.szigbp.hu\/wp-content\/uploads\/2017\/10\/4.png 595w\" sizes=\"(max-width: 300px) 100vw, 300px\" \/><\/p>\n<h3><span style=\"text-decoration: underline;\">Just Dance<\/span><\/h3>\n<p>J\u00f3zsef Attila terem<br \/>\n17:00-18:00<\/p>\n<p>Csak t\u00e1nc! A Just Dance-ben (egy t\u00e1ncol\u00f3s xbox j\u00e1t\u00e9kban) szabadon t\u00e1ncolhattak a di\u00e1kok a legmen\u0151bb zenesz\u00e1mokra mint egy igazi profi!<\/p>\n<p><img decoding=\"async\" loading=\"lazy\" class=\"alignnone size-medium wp-image-3477 aligncenter\" src=\"http:\/\/szigma.szigbp.hu\/wp-content\/uploads\/2017\/10\/6-300x200.png\" alt=\"6\" width=\"300\" height=\"200\" srcset=\"http:\/\/szigma.szigbp.hu\/wp-content\/uploads\/2017\/10\/6-300x200.png 300w, http:\/\/szigma.szigbp.hu\/wp-content\/uploads\/2017\/10\/6.png 591w\" sizes=\"(max-width: 300px) 100vw, 300px\" \/><\/p>\n<h3><span style=\"text-decoration: underline;\">The Teach Boys koncert<\/span><\/h3>\n<p>Helysz\u00edn: kis tornaterem<br \/>\n17:45-18:45<\/p>\n<p>Egy szuper banda fantasztikus \u00a0sz\u00e1mai de nem csak a \u2018V\u00e1gj\u00e1l lyukat a k\u00e1dba\u2019 vagy m\u00e1s magyar sz\u00e1mok voltak benne a klassz sz\u00e1mok k\u00f6z\u00f6tt hanem p\u00e9ld\u00e1ul a \u2018Hey Brother\u2019 is.<\/p>\n<p><img decoding=\"async\" loading=\"lazy\" class=\"alignnone size-medium wp-image-3478 aligncenter\" src=\"http:\/\/szigma.szigbp.hu\/wp-content\/uploads\/2017\/10\/7-300x200.png\" alt=\"7\" width=\"300\" height=\"200\" srcset=\"http:\/\/szigma.szigbp.hu\/wp-content\/uploads\/2017\/10\/7-300x200.png 300w, http:\/\/szigma.szigbp.hu\/wp-content\/uploads\/2017\/10\/7.png 592w\" sizes=\"(max-width: 300px) 100vw, 300px\" \/><\/p>\n<h3><span style=\"text-decoration: underline;\">T\u00e1nch\u00e1z:<\/span><\/h3>\n<p>Moldvai n\u00e9pt\u00e1nch\u00e1z \u00e9l\u0151zen\u00e9vel<br \/>\nKis tornateremben<br \/>\n19:00-20:00<\/p>\n<p>A bev\u00e1llal\u00f3sabbak bebizony\u00edthatt\u00e1k hogy nem csak rock vagy pop zen\u00e9re lehet j\u00f3l t\u00e1ncolni hanem hagyom\u00e1nyos n\u00e9pzen\u00e9re is.<\/p>\n<h3><span style=\"text-decoration: underline;\">Fot\u00f3p\u00e1ly\u00e1zat eredm\u00e9nyh\u00edrdet\u00e9s<\/span><\/h3>\n<p>Kis tornaterem<br \/>\n20:00-20:10<\/p>\n<p>Kihirdett\u00e9k a fot\u00f3p\u00e1ly\u00e1zat nyerteseit \u00e9s a k\u00f6z\u00f6ns\u00e9gszavaz\u00e1snak a gy\u0151ztes\u00e9t is. A k\u00fcl\u00f6nleges k\u00e9peik most az iskola fal\u00e1n l\u00e1that\u00f3ak. Gy\u00f6ny\u00f6r\u0171 k\u00e9peket k\u00e9sz\u00edtettek, sz\u00edvb\u0151l gratul\u00e1lunk nekik!<\/p>\n<p><img decoding=\"async\" loading=\"lazy\" class=\"alignnone size-medium wp-image-3479 aligncenter\" src=\"http:\/\/szigma.szigbp.hu\/wp-content\/uploads\/2017\/10\/8-300x195.png\" alt=\"8\" width=\"300\" height=\"195\" srcset=\"http:\/\/szigma.szigbp.hu\/wp-content\/uploads\/2017\/10\/8-300x195.png 300w, http:\/\/szigma.szigbp.hu\/wp-content\/uploads\/2017\/10\/8.png 593w\" sizes=\"(max-width: 300px) 100vw, 300px\" \/><\/p>\n<h3><span style=\"text-decoration: underline;\">Tombola<\/span><\/h3>\n<p>Kis tornaterem<br \/>\n20:10-20:30<\/p>\n<p>A tombola gy\u0151zteseire k\u00fcl\u00f6nb\u00f6z\u0151 jutalmak v\u00e1rtak. P\u00e9ld\u00e1ul meglepet\u00e9s csomagok,fejvakar\u00f3k, vagy \u00e9ppen bocis ceruz\u00e1k is voltak a nyerem\u00e9nyek k\u00f6z\u00f6tt. De nem csak eff\u00e9le nyerem\u00e9nyek voltak mivel p\u00e9ld\u00e1nak ok\u00e1\u00e9rt a f\u0151nyerem\u00e9ny egy E-book olvas\u00f3 volt. Gratul\u00e1lunk a szerencs\u00e9s nyerteseknek!<img decoding=\"async\" loading=\"lazy\" class=\"alignnone size-medium wp-image-3480 aligncenter\" src=\"http:\/\/szigma.szigbp.hu\/wp-content\/uploads\/2017\/10\/10-300x197.png\" alt=\"10\" width=\"300\" height=\"197\" srcset=\"http:\/\/szigma.szigbp.hu\/wp-content\/uploads\/2017\/10\/10-300x197.png 300w, http:\/\/szigma.szigbp.hu\/wp-content\/uploads\/2017\/10\/10.png 594w\" sizes=\"(max-width: 300px) 100vw, 300px\" \/><\/p>\n<p>\u00d6sszegz\u00e9sk\u00e9nt a buli \u00bd 9-ig tartott. Tudom\u00e1sunk szerint mindenki nagyon j\u00f3l \u00e9rezte mag\u00e1t, \u00e9s rem\u00e9lj\u00fck, hogy azok, akiknek ez volt az els\u0151 nyit\u00f3buli, nem csal\u00f3dtak \u00e9s akiknek nem, azok pedig \u00fagy \u00e9rzik, hogy nem volt rosszabb ez a nyit\u00f3buli mint a r\u00e9gebbiek!<\/p>\n<p style=\"text-align: left;\">\n<p style=\"text-align: right;\"><strong>Anna<\/strong><\/p>\n<p style=\"text-align: right;\"><strong><br \/>\n<\/strong><\/p>\n","protected":false},"excerpt":{"rendered":"<div class=\"mh-excerpt\"><p>A nyit\u00f3buli, szeptember cs\u00facspontja B\u00fcf\u00e9: Helysz\u00edn: Aula+ Sz\u00e9chenyi terem 14:30-t\u00f3l A b\u00fcf\u00e9ben \u00edzletes \u00e9telek voltak remek hangulat \u00e9s egy finom falat ut\u00e1n a bar\u00e1taiddal csocs\u00f3zhatt\u00e1l <a class=\"mh-excerpt-more\" href=\"http:\/\/szigma.szigbp.hu\/?p=3471\" title=\"Nyit\u00f3buli: milyen is volt?\">[&#8230;]<\/a><\/p>\n<\/div>","protected":false},"author":25,"featured_media":3476,"comment_status":"closed","ping_status":"closed","sticky":false,"template":"","format":"standard","meta":[],"categories":[3],"tags":[16,89,90],"_links":{"self":[{"href":"http:\/\/szigma.szigbp.hu\/index.php?rest_route=\/wp\/v2\/posts\/3471"}],"collection":[{"href":"http:\/\/szigma.szigbp.hu\/index.php?rest_route=\/wp\/v2\/posts"}],"about":[{"href":"http:\/\/szigma.szigbp.hu\/index.php?rest_route=\/wp\/v2\/types\/post"}],"author":[{"embeddable":true,"href":"http:\/\/szigma.szigbp.hu\/index.php?rest_route=\/wp\/v2\/users\/25"}],"replies":[{"embeddable":true,"href":"http:\/\/szigma.szigbp.hu\/index.php?rest_route=%2Fwp%2Fv2%2Fcomments&post=3471"}],"version-history":[{"count":4,"href":"http:\/\/szigma.szigbp.hu\/index.php?rest_route=\/wp\/v2\/posts\/3471\/revisions"}],"predecessor-version":[{"id":3484,"href":"http:\/\/szigma.szigbp.hu\/index.php?rest_route=\/wp\/v2\/posts\/3471\/revisions\/3484"}],"wp:featuredmedia":[{"embeddable":true,"href":"http:\/\/szigma.szigbp.hu\/index.php?rest_route=\/wp\/v2\/media\/3476"}],"wp:attachment":[{"href":"http:\/\/szigma.szigbp.hu\/index.php?rest_route=%2Fwp%2Fv2%2Fmedia&parent=3471"}],"wp:term":[{"taxonomy":"category","embeddable":true,"href":"http:\/\/szigma.szigbp.hu\/index.php?rest_route=%2Fwp%2Fv2%2Fcategories&post=3471"},{"taxonomy":"post_tag","embeddable":true,"href":"http:\/\/szigma.szigbp.hu\/index.php?rest_route=%2Fwp%2Fv2%2Ftags&post=3471"}],"curies":[{"name":"wp","href":"https:\/\/api.w.org\/{rel}","templated":true}]}}