{"id":3485,"date":"2017-10-05T19:06:26","date_gmt":"2017-10-05T17:06:26","guid":{"rendered":"http:\/\/szigma.szigbp.hu\/?p=3485"},"modified":"2017-10-06T13:52:58","modified_gmt":"2017-10-06T11:52:58","slug":"kozossegi-szolgalat-kreativan","status":"publish","type":"post","link":"http:\/\/szigma.szigbp.hu\/?p=3485","title":{"rendered":"K\u00f6z\u00f6ss\u00e9gi szolg\u00e1lat kreat\u00edvan"},"content":{"rendered":"<p style=\"text-align: center;\"><img decoding=\"async\" loading=\"lazy\" class=\"wp-image-3486 size-full alignleft\" src=\"http:\/\/szigma.szigbp.hu\/wp-content\/uploads\/2017\/10\/K\u00e9pkiv\u00e1g\u00e1s.png\" alt=\"K\u00e9pkiv\u00e1g\u00e1s\" width=\"787\" height=\"403\" srcset=\"http:\/\/szigma.szigbp.hu\/wp-content\/uploads\/2017\/10\/K\u00e9pkiv\u00e1g\u00e1s.png 787w, http:\/\/szigma.szigbp.hu\/wp-content\/uploads\/2017\/10\/K\u00e9pkiv\u00e1g\u00e1s-300x153.png 300w\" sizes=\"(max-width: 787px) 100vw, 787px\" \/><\/p>\n<h3 style=\"text-align: center;\">Sz\u00f3da IKSZ \u2013Blogolj vel\u00fcnk!<\/h3>\n<p style=\"text-align: left;\">Iskolai\u00a0k\u00f6z\u00f6ss\u00e9gi szolg\u00e1latos programunk keret\u00e9ben k\u00f6z\u00e9piskol\u00e1s di\u00e1kokat keres\u00fcnk a Sz\u00f3da Blog csapat\u00e1ba! Gyakorold a kreat\u00edv \u00edr\u00e1st, hozz l\u00e9tre \u00fajszer\u0171 online tartalmakat, \u00e9s mondd el a v\u00e9lem\u00e9nyed n\u00e1lunk, a Sz\u00f3da Blogon! Keress r\u00e1nk itt: www.szodablog.com<\/p>\n<p>Jelentkezz, ha:<\/p>\n<ul>\n<li>k\u00f6z\u00e9psulis vagy \u00e9s r\u00e1\u00e9rsz heti egyszer suli ut\u00e1n<\/li>\n<li>kreat\u00edvan t\u00f6lten\u00e9d az iskolai k\u00f6z\u00f6ss\u00e9gi szolg\u00e1latod<\/li>\n<li>\u00e9rdekel az \u00edr\u00e1s, legyen az: chat, FB poszt, cikk vagy hoax<\/li>\n<li>szeretn\u00e9l egy vid\u00e1m, p\u00f6rg\u0151s, fiatal csapat tagja lenni<\/li>\n<\/ul>\n<p>A program\u00e9rt 18 \u00f3ra iskolai k\u00f6z\u00f6ss\u00e9gi szolg\u00e1latos \u00f3r\u00e1t igazolunk. A programot 6 alkalommal keddenk\u00e9nt 15.30-t\u00f3l tartjuk a <a href=\"https:\/\/www.facebook.com\/deak17galeria\/\">De\u00e1k 17 Gyermek \u00e9s Ifj\u00fas\u00e1gi M\u0171v\u00e9szeti Gal\u00e9ria<\/a>-ban, a pontos d\u00e1tumok: okt\u00f3ber 17, 24, november 7, 14, 21, 28<\/p>\n<h3>A programr\u00f3l ezt \u00edrja a szodablog.hu:<\/h3>\n<p style=\"color: #2b2b2b;\">&#8222;Volt szerencs\u00e9m r\u00e9szt venni a m\u00e1rcius 7-t\u0151l \u00e1prilis 12-ig tartott Sz\u00f3da IKSZ \u00e1ltal szervezett k\u00f6z\u00f6ss\u00e9gi szolg\u00e1laton. Eleinte, ahogy elolvastam a programle\u00edr\u00e1st a Facebook oldalukon, nem teljesen volt vil\u00e1gos a feladatom. Azt gondoltam, hogy nincs olyan k\u00f6z\u00f6ss\u00e9gi munka, amelyhez a kreativit\u00e1sunk sz\u00fcks\u00e9ges \u00e9s nem az adminisztrat\u00edv, monoton munk\u00e1t v\u00e1rj\u00e1k el. Ezzel szemben a Sz\u00f3d\u00e1ban mindig \u00faj, csoportos feladatok el\u00e9 \u00e1ll\u00edtottak benn\u00fcnket, amelyek az improviz\u00e1ci\u00f3s k\u00e9szs\u00e9geinket fejlesztett\u00e9k. Az \u00f6sszes foglalkoz\u00e1s fantasztikus hangulatban telt, \u00e9s tem\u00e9rdek \u00faj bar\u00e1tra tettem szert.<\/p>\n<p style=\"color: #2b2b2b;\">Nem is h\u00fazom tov\u00e1bb az id\u0151t, ink\u00e1bb le\u00edrom hogyan is zajlott a hat alkalom.<br \/>\nAz els\u0151 k\u00e9t programon megismert\u00fck egym\u00e1st j\u00e1t\u00e9kokon kereszt\u00fcl. T\u00f6bbsz\u00f6r k\u00f6rbement\u00fcnk a neveken, majd a legrandomabb \u00e1ll\u00edt\u00e1sokat kellett mondani magunkr\u00f3l, amik csak esz\u00fcnkbe jutottak. A v\u00e9g\u00e9re persze vicces \u00e9s kiss\u00e9 abszurd inform\u00e1ci\u00f3kat tudtunk meg egym\u00e1sr\u00f3l, de legal\u00e1bb kider\u00fclt, kikben van k\u00f6z\u00f6s pont. Ezek ut\u00e1n egy\u00fctt oldottunk meg feladatokat a Dun\u00e1val kapcsolatban, amelyek kifejezetten sokoldal\u00fa tud\u00e1st ig\u00e9nyeltek. Szerencs\u00e9re minden r\u00e9sztvev\u0151nek megvolt valamelyikhez a tehets\u00e9ge, \u00edgy sokkal gyorsabban raktuk \u00f6ssze, mintha egyed\u00fcl dolgoztunk volna a feladatsoron. Az elk\u00f6vetkezend\u0151 alkalmakon m\u00e1r 4-6 f\u0151s csapatokban dolgoztunk. Volt, hogy az Antall J\u00f3zsef Tud\u00e1sk\u00f6zpontban, volt, hogy a rakparton tev\u00e9kenykedt\u00fcnk. Egyik foglalkoz\u00e1son \u2013 mikor szint\u00e9n a rakparton gy\u0171lt\u00fcnk \u00f6ssze \u2013 az ott tal\u00e1lhat\u00f3 \u201ehullad\u00e9kok\u201d (s\u00f6r\u00f6skupakok, botok,pizz\u00e1s zacsk\u00f3, teh\u00e1t semmi vesz\u00e9lyes) alapj\u00e1n kellet egy kreat\u00edv t\u00f6rt\u00e9netet \u00f6sszeraknunk, illetve b\u00e1rmely form\u00e1ban r\u00f6gz\u00edten\u00fcnk. Ez a program kifejezetten tetszett mindenkinek, ugyanis ak\u00e1rmir\u0151l sz\u00f3lhatott az \u00e1ltalunk kre\u00e1lt sztori; h\u00e1zass\u00e1gt\u00f6r\u00e9sr\u0151l, uf\u00f3kr\u00f3l, stb. amiken term\u00e9szetesen rengeteget nevett\u00fcnk.<\/p>\n<p style=\"color: #2b2b2b;\"><img decoding=\"async\" class=\"alignnone size-full wp-image-829\" src=\"https:\/\/szodablog.files.wordpress.com\/2017\/09\/dsc_1249.jpg?w=780\" alt=\"DSC_1249\" data-attachment-id=\"829\" data-permalink=\"https:\/\/szodablog.com\/2017\/09\/26\/kozossegi-szolgalat-kreativan\/dsc_1249\/\" data-orig-file=\"https:\/\/szodablog.files.wordpress.com\/2017\/09\/dsc_1249.jpg?w=780\" data-orig-size=\"4928,3264\" data-comments-opened=\"1\" data-image-meta=\"{&quot;aperture&quot;:&quot;7.1&quot;,&quot;credit&quot;:&quot;&quot;,&quot;camera&quot;:&quot;NIKON D5100&quot;,&quot;caption&quot;:&quot;&quot;,&quot;created_timestamp&quot;:&quot;1492012430&quot;,&quot;copyright&quot;:&quot;&quot;,&quot;focal_length&quot;:&quot;48&quot;,&quot;iso&quot;:&quot;200&quot;,&quot;shutter_speed&quot;:&quot;0.005&quot;,&quot;title&quot;:&quot;&quot;,&quot;orientation&quot;:&quot;1&quot;}\" data-image-title=\"DSC_1249\" data-image-description=\"\" data-medium-file=\"https:\/\/szodablog.files.wordpress.com\/2017\/09\/dsc_1249.jpg?w=780?w=300\" data-large-file=\"https:\/\/szodablog.files.wordpress.com\/2017\/09\/dsc_1249.jpg?w=780?w=780\" \/><\/p>\n<p style=\"color: #2b2b2b;\">Egy m\u00e1sik alkalommal szint\u00e9n a naps\u00fct\u00e9ses rakparton, szint\u00e9n az ott eldobott hullad\u00e9kkal, t\u00e1rgyakkal \u00a0foglalkoztunk. Olyan szokatlan n\u00e9z\u0151pontb\u00f3l k\u00e9sz\u00fclt m\u0171v\u00e9szi fot\u00f3t kellett k\u00e9sz\u00edteni egy ott tal\u00e1lt t\u00e1rgyr\u00f3l, amelyet ha megmutatunk egy r\u00e9sztvev\u0151knek, nem tudja majd kital\u00e1lni mi volt a fot\u00f3 t\u00e1rgya. \u00d6tletesebbn\u00e9l \u00f6tletesebb kompoz\u00edci\u00f3k sz\u00fclettek, rejt\u00e9lyesebbn\u00e9l rejt\u00e9lyesebb megfejt\u00e9ssel. Nem egyszer\u0171 egy betondarabot \u00f6tsz\u00f6r\u00f6s nagy\u00edt\u00e1sban felismerni.<\/p>\n<p style=\"color: #2b2b2b;\">Ami igaz\u00e1n eml\u00e9kezetes \u00e9lm\u00e9ny maradt, az az utols\u00f3 alkalmak egyike volt, amikor is Orsi \u00e9s Viola bejelentette, hogy lehet\u0151s\u00e9g\u00fcnk van valami igaz\u00e1n maradand\u00f3t alkotni a kedvenc helysz\u00edn\u00fcnkre, a rakpartra. Betont\u00e1bl\u00e1ra tervezhett\u00fcnk egy k\u00e9pet, vagy egy r\u00f6vid sz\u00f6veget, ami a Duna-partra fog kiker\u00fclni. Ezen kereszt\u00fcl b\u00e1rmit \u00fczenhett\u00fcnk az arra j\u00e1r\u00f3knak, ami megnevetteti, elgondolkodtatja \u0151ket. Buzg\u00f3n neki is kezdt\u00fcnk csapatosan, \u00e9s r\u00f6pke k\u00e9t \u00f3ra \u00f6tletel\u00e9s \u00e9s k\u00e9t \u00f3ra tervez\u00e9s ut\u00e1n k\u00e9szen \u00e1lltak a ki\u00f6nt\u00e9sre v\u00e1r\u00f3 mint\u00e1k. Hamarosan j\u00f6tt is a h\u00edr, hogy a t\u00e1bl\u00e1kat ki\u00f6nt\u00f6tt\u00e9k, \u00e9s a programz\u00e1r\u00e1son felavathatjuk \u0151ket!<\/p>\n<p style=\"color: #2b2b2b;\"><img decoding=\"async\" class=\"alignnone size-full wp-image-828\" src=\"https:\/\/szodablog.files.wordpress.com\/2017\/09\/dsc_1245.jpg?w=780\" alt=\"DSC_1245\" data-attachment-id=\"828\" data-permalink=\"https:\/\/szodablog.com\/2017\/09\/26\/kozossegi-szolgalat-kreativan\/dsc_1245-2\/\" data-orig-file=\"https:\/\/szodablog.files.wordpress.com\/2017\/09\/dsc_1245.jpg?w=780\" data-orig-size=\"4928,3264\" data-comments-opened=\"1\" data-image-meta=\"{&quot;aperture&quot;:&quot;6.3&quot;,&quot;credit&quot;:&quot;&quot;,&quot;camera&quot;:&quot;NIKON D5100&quot;,&quot;caption&quot;:&quot;&quot;,&quot;created_timestamp&quot;:&quot;1492012396&quot;,&quot;copyright&quot;:&quot;&quot;,&quot;focal_length&quot;:&quot;38&quot;,&quot;iso&quot;:&quot;200&quot;,&quot;shutter_speed&quot;:&quot;0.00625&quot;,&quot;title&quot;:&quot;&quot;,&quot;orientation&quot;:&quot;1&quot;}\" data-image-title=\"DSC_1245\" data-image-description=\"\" data-medium-file=\"https:\/\/szodablog.files.wordpress.com\/2017\/09\/dsc_1245.jpg?w=780?w=300\" data-large-file=\"https:\/\/szodablog.files.wordpress.com\/2017\/09\/dsc_1245.jpg?w=780?w=780\" \/><\/p>\n<p style=\"color: #2b2b2b;\">Az utols\u00f3 alkalmon a helysz\u00ednre ment\u00fcnk, megtekintett\u00fck, majd elhelyezt\u00fck az alkot\u00e1sainkat. Mondanom sem kell, szebbek lettek, mint hitt\u00fck volna.<br \/>\n\u00d6sszess\u00e9g\u00e9ben fantasztikus \u00e9lm\u00e9ny volt, csod\u00e1s embereket ismertem meg ezen a j\u00f3 hangulatban telt k\u00f6z\u00f6ss\u00e9gi munk\u00e1n. J\u00f6v\u0151re eg\u00e9szen biztosan \u00fajra elmegyek!&#8221;<\/p>\n<div id=\"jp-post-flair\" class=\"sharedaddy sharedaddy-dark sd-like-enabled sd-sharing-enabled\" style=\"color: #2b2b2b;\">\n<div class=\"sharedaddy sd-sharing-enabled\">\n<div class=\"robots-nocontent sd-block sd-social sd-social-icon sd-sharing\">\n<h3 class=\"sd-title\" style=\"color: #197f43;\">SHARE THIS:<\/h3>\n<\/div>\n<\/div>\n<\/div>\n<p>A program ingyenes, a jelentkez\u00e9shez regisztr\u00e1lj <a href=\"https:\/\/docs.google.com\/forms\/d\/e\/1FAIpQLSekO0uNUhWKWBZkxqydhYktyzhJlvv-UPgiL9ns9d6qPGLW-w\/viewform\">ITT!<br \/>\n<\/a>K\u00f6vess az esem\u00e9nyt Facebookon tov\u00e1bbi inform\u00e1ci\u00f3k\u00e9rt <a href=\"https:\/\/www.facebook.com\/events\/271174796709512\">ITT<\/a>!<\/p>\n<p style=\"text-align: right;\">Sz\u00f3da M\u0171hely<br \/>\n<a href=\"http:\/\/www.szodablog.com\/\" data-saferedirecturl=\"https:\/\/www.google.com\/url?hl=hu&amp;q=http:\/\/www.szodablog.com&amp;source=gmail&amp;ust=1507309013147000&amp;usg=AFQjCNEyW52FqPxBGV94TdhuEKjIhZiWTg\">www.szodablog.com<\/a><\/p>\n","protected":false},"excerpt":{"rendered":"<div class=\"mh-excerpt\"><p>Sz\u00f3da IKSZ \u2013Blogolj vel\u00fcnk! Iskolai\u00a0k\u00f6z\u00f6ss\u00e9gi szolg\u00e1latos programunk keret\u00e9ben k\u00f6z\u00e9piskol\u00e1s di\u00e1kokat keres\u00fcnk a Sz\u00f3da Blog csapat\u00e1ba! Gyakorold a kreat\u00edv \u00edr\u00e1st, hozz l\u00e9tre \u00fajszer\u0171 online tartalmakat, \u00e9s <a class=\"mh-excerpt-more\" href=\"http:\/\/szigma.szigbp.hu\/?p=3485\" title=\"K\u00f6z\u00f6ss\u00e9gi szolg\u00e1lat kreat\u00edvan\">[&#8230;]<\/a><\/p>\n<\/div>","protected":false},"author":25,"featured_media":3486,"comment_status":"closed","ping_status":"closed","sticky":false,"template":"","format":"standard","meta":[],"categories":[4],"tags":[92,16,91],"_links":{"self":[{"href":"http:\/\/szigma.szigbp.hu\/index.php?rest_route=\/wp\/v2\/posts\/3485"}],"collection":[{"href":"http:\/\/szigma.szigbp.hu\/index.php?rest_route=\/wp\/v2\/posts"}],"about":[{"href":"http:\/\/szigma.szigbp.hu\/index.php?rest_route=\/wp\/v2\/types\/post"}],"author":[{"embeddable":true,"href":"http:\/\/szigma.szigbp.hu\/index.php?rest_route=\/wp\/v2\/users\/25"}],"replies":[{"embeddable":true,"href":"http:\/\/szigma.szigbp.hu\/index.php?rest_route=%2Fwp%2Fv2%2Fcomments&post=3485"}],"version-history":[{"count":9,"href":"http:\/\/szigma.szigbp.hu\/index.php?rest_route=\/wp\/v2\/posts\/3485\/revisions"}],"predecessor-version":[{"id":3495,"href":"http:\/\/szigma.szigbp.hu\/index.php?rest_route=\/wp\/v2\/posts\/3485\/revisions\/3495"}],"wp:featuredmedia":[{"embeddable":true,"href":"http:\/\/szigma.szigbp.hu\/index.php?rest_route=\/wp\/v2\/media\/3486"}],"wp:attachment":[{"href":"http:\/\/szigma.szigbp.hu\/index.php?rest_route=%2Fwp%2Fv2%2Fmedia&parent=3485"}],"wp:term":[{"taxonomy":"category","embeddable":true,"href":"http:\/\/szigma.szigbp.hu\/index.php?rest_route=%2Fwp%2Fv2%2Fcategories&post=3485"},{"taxonomy":"post_tag","embeddable":true,"href":"http:\/\/szigma.szigbp.hu\/index.php?rest_route=%2Fwp%2Fv2%2Ftags&post=3485"}],"curies":[{"name":"wp","href":"https:\/\/api.w.org\/{rel}","templated":true}]}}