{"id":3649,"date":"2017-12-01T16:26:52","date_gmt":"2017-12-01T15:26:52","guid":{"rendered":"http:\/\/szigma.szigbp.hu\/?p=3649"},"modified":"2017-12-01T16:26:52","modified_gmt":"2017-12-01T15:26:52","slug":"genesis-sebatiao-salgado-2","status":"publish","type":"post","link":"http:\/\/szigma.szigbp.hu\/?p=3649","title":{"rendered":"GENESIS- Sebati\u00e3o Salgado"},"content":{"rendered":"<p><a href=\"http:\/\/szigma.szigbp.hu\/wp-content\/uploads\/2017\/12\/salgado.jpg\"><img decoding=\"async\" loading=\"lazy\" class=\"wp-image-3645 size-thumbnail alignleft\" src=\"http:\/\/szigma.szigbp.hu\/wp-content\/uploads\/2017\/12\/salgado-150x150.jpg\" alt=\"salgado\" width=\"150\" height=\"150\" srcset=\"http:\/\/szigma.szigbp.hu\/wp-content\/uploads\/2017\/12\/salgado-150x150.jpg 150w, http:\/\/szigma.szigbp.hu\/wp-content\/uploads\/2017\/12\/salgado-300x300.jpg 300w, http:\/\/szigma.szigbp.hu\/wp-content\/uploads\/2017\/12\/salgado.jpg 600w\" sizes=\"(max-width: 150px) 100vw, 150px\" \/><\/a>Abb\u00f3l az ind\u00edttat\u00e1sb\u00f3l k\u00e9sz\u00fclt el ez a ki\u00e1ll\u00edt\u00e1s, hogy felh\u00edvja az emberek figyelm\u00e9t a F\u00f6ld azon a kis r\u00e9sz\u00e9re, ami \u00e9rintetlen maradt. Ezeknek a csod\u00e1knak a meg\u00f3v\u00e1sa \u00e9rdek\u00e9ben akar cselekedni. A Genesis projekttel, \u00e9s az \u00e1ltala alap\u00edtott alap\u00edtv\u00e1nnyal, <span style=\"text-decoration: line-through;\">a<\/span> Instituto Terra, akarja bemutatni ezeket a helyeket.<\/p>\n<blockquote><p>A Genesis a vil\u00e1g legk\u00fcl\u00f6nb\u00f6z\u0151bb \u00e9rintetlen t\u00e1jair\u00f3l k\u00e9sz\u00fclt k\u00e9peket tartalmaz. L\u00e1thatunk k\u00e9peket a Galapagos- szigetek \u00e1llatvil\u00e1g\u00e1r\u00f3l, az Antarktika \u00e9s a d\u00e9l-Atlanti-\u00f3ce\u00e1n b\u00e1ln\u00e1ir\u00f3l, Braz\u00edlia \u00e9s Afrika soksz\u00edn\u0171 \u00e9l\u0151vil\u00e1g\u00e1r\u00f3l; az Amazonas-\u0151serd\u0151 m\u00e9ly\u00e9n el\u0151 t\u00f6rzsekr\u0151l, a Nyugat-P\u00e1puai korowai n\u00e9pr\u0151l, a szud\u00e1ni dinka t\u00f6rzsr\u0151l, a sarkk\u00f6r\u00f6n \u00e9l\u0151 nom\u00e1d t\u00f6rzsekr\u0151l, \u00e9s m\u00e9g sok m\u00e1sr\u00f3l.<\/p><\/blockquote>\n<p>Az e<a href=\"http:\/\/szigma.szigbp.hu\/wp-content\/uploads\/2017\/12\/2.jpg\"><img decoding=\"async\" loading=\"lazy\" class=\"wp-image-3651 size-thumbnail alignright\" src=\"http:\/\/szigma.szigbp.hu\/wp-content\/uploads\/2017\/12\/2-150x150.jpg\" alt=\"2\" width=\"150\" height=\"150\" \/><\/a>gyik kedvenc k\u00e9pem a \u201eWhale tail\u201d (b\u00e1lnafarok). Ezt a fekekte-feh\u00e9r k\u00e9pet az Argent\u00edn\u00e1hoz tartoz\u00f3 Vald\u00e9s- f\u00e9lsziget k\u00f6zel\u00e9ben k\u00e9sz\u00edtette. Ez a k\u00f6rny\u00e9k a d\u00e9li simab\u00e1lna kedvenc tart\u00f3zkod\u00e1si helye. A d\u00e9li simab\u00e1lna gyakran \u00fagy \u00faszik, hogy a farka kiemelkedik a v\u00edzb\u0151l. A k\u00e9pen var\u00e1zslatosan \u00f6sszemos\u00f3dik az \u00e9g \u00e9s a tenger, nem \u00e9szlelhet\u0151 pontosan, hogy hol van a hat\u00e1r. Az egyhang\u00fas\u00e1got a sejtelmesen hull\u00e1mz\u00f3 v\u00edz t\u00f6ri meg, ahol a b\u00e1lna a fark\u00e1t \u00e9ppen kiemeli a v\u00edzb\u0151l \u00fasz\u00e1s k\u00f6zbe. A l\u00e1tv\u00e1ny k\u00eds\u00e9rtetiesen hasonl\u00edt egy lepk\u00e9re, ami \u00e9pp most sz\u00e1llt r\u00e1 a v\u00edz felsz\u00edn\u00e9re, finom hull\u00e1mokat keltve, ami \u00e9ppen csak megrezegteti a t\u00fck\u00f6rk\u00e9pet.<\/p>\n<p>Ez a k\u00e9p csak egy a sok k\u00f6z\u00fcl, ami az \u00e9rintetlen term\u00e9szetet mutatja be.<\/p>\n<p>A ki\u00e1ll\u00edt\u00e1s k\u00e9panyaga nagyon tetszett, \u00e9s meg\u00e9rintett az a mondanival\u00f3, amit a fot\u00f3m\u0171v\u00e9sz k\u00f6z\u00f6lni akart az emberis\u00e9ggel.<\/p>\n<p style=\"text-align: right;\"><strong>Kegyes-Brassai Eszter Kinga<\/strong><\/p>\n","protected":false},"excerpt":{"rendered":"<div class=\"mh-excerpt\"><p>Abb\u00f3l az ind\u00edttat\u00e1sb\u00f3l k\u00e9sz\u00fclt el ez a ki\u00e1ll\u00edt\u00e1s, hogy felh\u00edvja az emberek figyelm\u00e9t a F\u00f6ld azon a kis r\u00e9sz\u00e9re, ami \u00e9rintetlen maradt. Ezeknek a csod\u00e1knak <a class=\"mh-excerpt-more\" href=\"http:\/\/szigma.szigbp.hu\/?p=3649\" title=\"GENESIS- Sebati\u00e3o Salgado\">[&#8230;]<\/a><\/p>\n<\/div>","protected":false},"author":25,"featured_media":3651,"comment_status":"closed","ping_status":"closed","sticky":false,"template":"","format":"standard","meta":[],"categories":[8],"tags":[16,107],"_links":{"self":[{"href":"http:\/\/szigma.szigbp.hu\/index.php?rest_route=\/wp\/v2\/posts\/3649"}],"collection":[{"href":"http:\/\/szigma.szigbp.hu\/index.php?rest_route=\/wp\/v2\/posts"}],"about":[{"href":"http:\/\/szigma.szigbp.hu\/index.php?rest_route=\/wp\/v2\/types\/post"}],"author":[{"embeddable":true,"href":"http:\/\/szigma.szigbp.hu\/index.php?rest_route=\/wp\/v2\/users\/25"}],"replies":[{"embeddable":true,"href":"http:\/\/szigma.szigbp.hu\/index.php?rest_route=%2Fwp%2Fv2%2Fcomments&post=3649"}],"version-history":[{"count":2,"href":"http:\/\/szigma.szigbp.hu\/index.php?rest_route=\/wp\/v2\/posts\/3649\/revisions"}],"predecessor-version":[{"id":3652,"href":"http:\/\/szigma.szigbp.hu\/index.php?rest_route=\/wp\/v2\/posts\/3649\/revisions\/3652"}],"wp:featuredmedia":[{"embeddable":true,"href":"http:\/\/szigma.szigbp.hu\/index.php?rest_route=\/wp\/v2\/media\/3651"}],"wp:attachment":[{"href":"http:\/\/szigma.szigbp.hu\/index.php?rest_route=%2Fwp%2Fv2%2Fmedia&parent=3649"}],"wp:term":[{"taxonomy":"category","embeddable":true,"href":"http:\/\/szigma.szigbp.hu\/index.php?rest_route=%2Fwp%2Fv2%2Fcategories&post=3649"},{"taxonomy":"post_tag","embeddable":true,"href":"http:\/\/szigma.szigbp.hu\/index.php?rest_route=%2Fwp%2Fv2%2Ftags&post=3649"}],"curies":[{"name":"wp","href":"https:\/\/api.w.org\/{rel}","templated":true}]}}