{"id":365,"date":"2015-02-13T13:45:55","date_gmt":"2015-02-13T12:45:55","guid":{"rendered":"http:\/\/szigma.szigbp.hu\/?p=365"},"modified":"2016-05-28T17:43:08","modified_gmt":"2016-05-28T15:43:08","slug":"szilveszterkor-elveszett-kutyak","status":"publish","type":"post","link":"http:\/\/szigma.szigbp.hu\/?p=365","title":{"rendered":"Szilveszterkor elveszett kuty\u00e1k"},"content":{"rendered":"<p>Szilveszter, mi is jut esz\u00fcnkbe a sz\u00f3r\u00f3l? Buliz\u00e1s, r\u00e9gi \u00e9v z\u00e1r\u00e1sa, az \u00faj \u00e9v kezdete, csal\u00e1d, bar\u00e1tok, \u00e9s f\u0151k\u00e9nt az, hogy j\u00f3l \u00e9rezz\u00fck magunkat. Viszont egy dolgot \u00f6nz\u0151 m\u00f3don elfelejt\u00fcnk, vagy csak nem akarunk vele foglalkozni \u2013 a kuty\u00e1k rettegnek a pet\u00e1rd\u00e1k \u00e9s t\u0171zij\u00e1t\u00e9kok hangj\u00e1t\u00f3l. Pedig a sz\u00f3ban forg\u00f3 \u00e1llat is egy \u00e9rz\u0151 l\u00e9ny, \u00e9s \u0151 is tud szeretni, ugyan\u00fagy, mint mi. \u00c1ltal\u00e1ban csak a kuty\u00e1s r\u00e9teg \u00e9rdekelt ebben az \u00fcgyben, m\u00e1sokat egy\u00e1ltal\u00e1n nem \u00e9rdekel, h\u00e1ny kutya t\u0171nik el az \u00fcnnepek idej\u00e9ben, vagy hogy egy\u00e1ltal\u00e1n van ilyen sz\u00f6rny\u0171s\u00e9g. Bizony van, \u00e9s most nem arr\u00f3l besz\u00e9lek, hogy ne \u00e9rezz\u00fck j\u00f3l magunkat az \u00fcnnepen, hanem arr\u00f3l, hogy \u00fcgyelj\u00fcnk arra, hogy m\u00e1soknak ezzel semmilyen nem\u0171 k\u00e1rt ne tegy\u00fcnk, legyen az \u00e1llat, ember, n\u00f6v\u00e9ny stb. Teh\u00e1t \u00e9lni \u00e9s \u00e9lni hagyni.<\/p>\n<p><a href=\"http:\/\/szigma.szigbp.hu\/wp-content\/uploads\/2015\/02\/kutyaatmeretezve.jpg\"><img decoding=\"async\" loading=\"lazy\" class=\"alignnone size-full wp-image-375\" src=\"http:\/\/szigma.szigbp.hu\/wp-content\/uploads\/2015\/02\/kutyaatmeretezve.jpg\" alt=\"kutyaatmeretezve\" width=\"300\" height=\"225\" srcset=\"http:\/\/szigma.szigbp.hu\/wp-content\/uploads\/2015\/02\/kutyaatmeretezve.jpg 300w, http:\/\/szigma.szigbp.hu\/wp-content\/uploads\/2015\/02\/kutyaatmeretezve-174x131.jpg 174w, http:\/\/szigma.szigbp.hu\/wp-content\/uploads\/2015\/02\/kutyaatmeretezve-70x53.jpg 70w\" sizes=\"(max-width: 300px) 100vw, 300px\" \/><\/a><\/p>\n<p>&nbsp;<\/p>\n<p><strong>Hogyan tehet\u00fcnk ez ellen?<\/strong><\/p>\n<p>A kuty\u00e1k k\u00f6ztudottan f\u00e9lnek a pet\u00e1rd\u00e1kt\u00f3l. De mi\u00e9rt is? Egy eg\u00e9szs\u00e9ges kutya meg tudja szokni a t\u00e1rsadalom zajait, ak\u00e1r az aut\u00f3 hangj\u00e1r\u00f3l, f\u0171ny\u00edr\u00f3r\u00f3l vagy zen\u00e9r\u0151l van sz\u00f3, mivel bizonyos id\u0151k\u00f6z\u00f6nk\u00e9nt hallja ezeket. A pet\u00e1rd\u00e1t azonban nem k\u00e9pes megszokni, mivel a kutya gondolkod\u00e1s\u00e1nak ez t\u00fal nagy id\u0151k\u00f6z\u00f6nk\u00e9nt zajlik. Ilyenkor hal\u00e1los f\u00e9lelmet \u00e9rez, pr\u00f3b\u00e1l menek\u00fclni, ennek k\u00f6vetkezt\u00e9ben elt\u0171nhet otthon\u00e1b\u00f3l. Ezt a f\u00e9lelmet fokozza a mi\u00e9nkn\u00e9l kifinomultabb hall\u00e1sa, melynek seg\u00edts\u00e9g\u00e9vel a zajokat j\u00f3val hangosabbnak \u00e9rz\u00e9keli, mint mi. A megold\u00e1s mag\u00e1t\u00f3l \u00e9rtet\u0151dik: a t\u00f6rv\u00e9ny is tiltja a pet\u00e1rd\u00e1z\u00e1st, de mi is t\u00f6rekedj\u00fcnk arra, hogy b\u00e1rhol \u00fcnnepelj\u00fck is az \u00faj \u00e9vet, ne pet\u00e1rd\u00e1zzunk, ezzel sok kis \u00e9letet menthet\u00fcnk meg. Valamint ha kutyatulajdonosok vagyunk, akkor szilveszterkor k\u00fcl\u00f6n figyelj\u00fcnk oda h\u00e1zi kedvenc\u00fcnkre.<\/p>\n<p>&nbsp;<\/p>\n<p><a href=\"http:\/\/szigma.szigbp.hu\/wp-content\/uploads\/2015\/02\/kutya-2.jpg\"><img decoding=\"async\" loading=\"lazy\" class=\"alignnone size-medium wp-image-367\" src=\"http:\/\/szigma.szigbp.hu\/wp-content\/uploads\/2015\/02\/kutya-2-300x224.jpg\" alt=\"kutya 2\" width=\"300\" height=\"224\" srcset=\"http:\/\/szigma.szigbp.hu\/wp-content\/uploads\/2015\/02\/kutya-2-300x224.jpg 300w, http:\/\/szigma.szigbp.hu\/wp-content\/uploads\/2015\/02\/kutya-2-174x131.jpg 174w, http:\/\/szigma.szigbp.hu\/wp-content\/uploads\/2015\/02\/kutya-2-70x53.jpg 70w, http:\/\/szigma.szigbp.hu\/wp-content\/uploads\/2015\/02\/kutya-2.jpg 550w\" sizes=\"(max-width: 300px) 100vw, 300px\" \/><\/a><\/p>\n<p>&nbsp;<\/p>\n<p>&nbsp;<\/p>\n<p><strong>Mi t\u00f6rt\u00e9nik az elveszett kuty\u00e1kkal?<\/strong><\/p>\n<p>Az elk\u00f3borolt kutyusok nagyj\u00e1b\u00f3l 70%-a ker\u00fcl vissza az otthon\u00e1ba vagy tal\u00e1l \u00faj gazd\u00e1ra. A t\u00f6bbit viszont 14 napon bel\u00fcl elaltatj\u00e1k.<\/p>\n<p>&nbsp;<\/p>\n<p>&nbsp;<\/p>\n<p>&nbsp;<\/p>\n<p><a href=\"http:\/\/szigma.szigbp.hu\/wp-content\/uploads\/2015\/02\/sint\u00e9r.jpg\"><img decoding=\"async\" loading=\"lazy\" class=\"alignnone size-medium wp-image-368\" src=\"http:\/\/szigma.szigbp.hu\/wp-content\/uploads\/2015\/02\/sint\u00e9r-300x300.jpg\" alt=\"sint\u00e9r\" width=\"300\" height=\"300\" srcset=\"http:\/\/szigma.szigbp.hu\/wp-content\/uploads\/2015\/02\/sint\u00e9r-300x300.jpg 300w, http:\/\/szigma.szigbp.hu\/wp-content\/uploads\/2015\/02\/sint\u00e9r-150x150.jpg 150w, http:\/\/szigma.szigbp.hu\/wp-content\/uploads\/2015\/02\/sint\u00e9r.jpg 520w\" sizes=\"(max-width: 300px) 100vw, 300px\" \/><\/a><\/p>\n<p>Heged\u0171s Botond<\/p>\n","protected":false},"excerpt":{"rendered":"<div class=\"mh-excerpt\"><p>Szilveszter, mi is jut esz\u00fcnkbe a sz\u00f3r\u00f3l? Buliz\u00e1s, r\u00e9gi \u00e9v z\u00e1r\u00e1sa, az \u00faj \u00e9v kezdete, csal\u00e1d, bar\u00e1tok, \u00e9s f\u0151k\u00e9nt az, hogy j\u00f3l \u00e9rezz\u00fck magunkat. Viszont <a class=\"mh-excerpt-more\" href=\"http:\/\/szigma.szigbp.hu\/?p=365\" title=\"Szilveszterkor elveszett kuty\u00e1k\">[&#8230;]<\/a><\/p>\n<\/div>","protected":false},"author":25,"featured_media":366,"comment_status":"closed","ping_status":"closed","sticky":false,"template":"","format":"standard","meta":[],"categories":[8],"tags":[16,31,38],"_links":{"self":[{"href":"http:\/\/szigma.szigbp.hu\/index.php?rest_route=\/wp\/v2\/posts\/365"}],"collection":[{"href":"http:\/\/szigma.szigbp.hu\/index.php?rest_route=\/wp\/v2\/posts"}],"about":[{"href":"http:\/\/szigma.szigbp.hu\/index.php?rest_route=\/wp\/v2\/types\/post"}],"author":[{"embeddable":true,"href":"http:\/\/szigma.szigbp.hu\/index.php?rest_route=\/wp\/v2\/users\/25"}],"replies":[{"embeddable":true,"href":"http:\/\/szigma.szigbp.hu\/index.php?rest_route=%2Fwp%2Fv2%2Fcomments&post=365"}],"version-history":[{"count":4,"href":"http:\/\/szigma.szigbp.hu\/index.php?rest_route=\/wp\/v2\/posts\/365\/revisions"}],"predecessor-version":[{"id":376,"href":"http:\/\/szigma.szigbp.hu\/index.php?rest_route=\/wp\/v2\/posts\/365\/revisions\/376"}],"wp:featuredmedia":[{"embeddable":true,"href":"http:\/\/szigma.szigbp.hu\/index.php?rest_route=\/wp\/v2\/media\/366"}],"wp:attachment":[{"href":"http:\/\/szigma.szigbp.hu\/index.php?rest_route=%2Fwp%2Fv2%2Fmedia&parent=365"}],"wp:term":[{"taxonomy":"category","embeddable":true,"href":"http:\/\/szigma.szigbp.hu\/index.php?rest_route=%2Fwp%2Fv2%2Fcategories&post=365"},{"taxonomy":"post_tag","embeddable":true,"href":"http:\/\/szigma.szigbp.hu\/index.php?rest_route=%2Fwp%2Fv2%2Ftags&post=365"}],"curies":[{"name":"wp","href":"https:\/\/api.w.org\/{rel}","templated":true}]}}