{"id":3663,"date":"2017-12-13T16:29:37","date_gmt":"2017-12-13T15:29:37","guid":{"rendered":"http:\/\/szigma.szigbp.hu\/?p=3663"},"modified":"2017-12-13T16:29:37","modified_gmt":"2017-12-13T15:29:37","slug":"vendegek-erdelybol","status":"publish","type":"post","link":"http:\/\/szigma.szigbp.hu\/?p=3663","title":{"rendered":"Vend\u00e9gek Erd\u00e9lyb\u0151l"},"content":{"rendered":"<h3 style=\"text-align: center;\"><b>Cs\u00e1ng\u00f3 di\u00e1kok vend\u00e9gs\u00e9gben iskol\u00e1nkban december 15-\u00e9n!<\/b><\/h3>\n<blockquote><p>T\u00edz cs\u00e1ng\u00f3 gyermek 2 tan\u00e1r k\u00eds\u00e9ret\u00e9ben \u00e9rkezik hozz\u00e1nk p\u00e9nteken Dec. 15-\u00e9n, \u00e9s amint tavaly, id\u00e9n is \u00e9nekekkel, mesemond\u00e1ssal kedveskednek nek\u00fcnk.<\/p><\/blockquote>\n<p>Ezek a gyerekek 10-13 \u00e9vesek, 120 di\u00e1kot k\u00e9pviselnek, akik Magyarfaluban magyarul tanulnak a d\u00e9lut\u00e1ni iskol\u00e1ban, \u00e9s otthon m\u00e9g magyarul besz\u00e9lnek a sz\u00fcleikkel, de nem \u00e9lnek a legjobb k\u00f6r\u00fclm\u00e9nyek k\u00f6z\u00f6tt.<\/p>\n<p>Aki tud, csatlakozzon a cs\u00e1ng\u00f3 gyerekek megseg\u00edt\u00e9s\u00e9hez a k\u00f6vetkez\u0151 dolgokkal:<\/p>\n<ul>\n<li>cip\u0151s doboz aj\u00e1nd\u00e9kba: \u00edr\u00f3eszk\u00f6zzel, \u00e9dess\u00e9ggel \u00e9s j\u00e1t\u00e9kokkal lehet \u00f6r\u00f6met szerezni a cs\u00e1ng\u00f3 gyerekeknek (a cip\u0151s doboz tetej\u00e9t \u00e9s alj\u00e1t k\u00fcl\u00f6n csomagolj\u00e1tok be! )<\/li>\n<li>seg\u00edteni, bekapcsol\u00f3dni lehet az ell\u00e1t\u00e1sukba is, mert ezek a gyerekek egy \u00e9jszak\u00e1s \u00fat ut\u00e1n n\u00e1lunk \u00fclnek asztalhoz\u263a reggelin\u00e9l \u00e9s eb\u00e9dn\u00e9l is (ehhez a seg\u00edt\u00e9si form\u00e1hoz Jakab Katalin Edit tan\u00e1rn\u0151n\u00e9l lehet jelentkezni. Megtal\u00e1lj\u00e1tok \u0151t a Kossuth teremben \u00e9s a tan\u00e1riban.<\/li>\n<\/ul>\n<p><strong>Minden kedves seg\u00edt\u0151 di\u00e1knak k\u00f6sz\u00f6nj\u00fck a seg\u00edts\u00e9get!<\/strong><\/p>\n<p><b>\u00a0<\/b><\/p>\n","protected":false},"excerpt":{"rendered":"<div class=\"mh-excerpt\"><p>Cs\u00e1ng\u00f3 di\u00e1kok vend\u00e9gs\u00e9gben iskol\u00e1nkban december 15-\u00e9n! T\u00edz cs\u00e1ng\u00f3 gyermek 2 tan\u00e1r k\u00eds\u00e9ret\u00e9ben \u00e9rkezik hozz\u00e1nk p\u00e9nteken Dec. 15-\u00e9n, \u00e9s amint tavaly, id\u00e9n is \u00e9nekekkel, mesemond\u00e1ssal kedveskednek <a class=\"mh-excerpt-more\" href=\"http:\/\/szigma.szigbp.hu\/?p=3663\" title=\"Vend\u00e9gek Erd\u00e9lyb\u0151l\">[&#8230;]<\/a><\/p>\n<\/div>","protected":false},"author":25,"featured_media":3666,"comment_status":"closed","ping_status":"closed","sticky":false,"template":"","format":"standard","meta":[],"categories":[3],"tags":[16],"_links":{"self":[{"href":"http:\/\/szigma.szigbp.hu\/index.php?rest_route=\/wp\/v2\/posts\/3663"}],"collection":[{"href":"http:\/\/szigma.szigbp.hu\/index.php?rest_route=\/wp\/v2\/posts"}],"about":[{"href":"http:\/\/szigma.szigbp.hu\/index.php?rest_route=\/wp\/v2\/types\/post"}],"author":[{"embeddable":true,"href":"http:\/\/szigma.szigbp.hu\/index.php?rest_route=\/wp\/v2\/users\/25"}],"replies":[{"embeddable":true,"href":"http:\/\/szigma.szigbp.hu\/index.php?rest_route=%2Fwp%2Fv2%2Fcomments&post=3663"}],"version-history":[{"count":2,"href":"http:\/\/szigma.szigbp.hu\/index.php?rest_route=\/wp\/v2\/posts\/3663\/revisions"}],"predecessor-version":[{"id":3665,"href":"http:\/\/szigma.szigbp.hu\/index.php?rest_route=\/wp\/v2\/posts\/3663\/revisions\/3665"}],"wp:featuredmedia":[{"embeddable":true,"href":"http:\/\/szigma.szigbp.hu\/index.php?rest_route=\/wp\/v2\/media\/3666"}],"wp:attachment":[{"href":"http:\/\/szigma.szigbp.hu\/index.php?rest_route=%2Fwp%2Fv2%2Fmedia&parent=3663"}],"wp:term":[{"taxonomy":"category","embeddable":true,"href":"http:\/\/szigma.szigbp.hu\/index.php?rest_route=%2Fwp%2Fv2%2Fcategories&post=3663"},{"taxonomy":"post_tag","embeddable":true,"href":"http:\/\/szigma.szigbp.hu\/index.php?rest_route=%2Fwp%2Fv2%2Ftags&post=3663"}],"curies":[{"name":"wp","href":"https:\/\/api.w.org\/{rel}","templated":true}]}}