{"id":3679,"date":"2017-12-18T11:47:19","date_gmt":"2017-12-18T10:47:19","guid":{"rendered":"http:\/\/szigma.szigbp.hu\/?p=3679"},"modified":"2017-12-18T11:49:38","modified_gmt":"2017-12-18T10:49:38","slug":"nyilt-orak","status":"publish","type":"post","link":"http:\/\/szigma.szigbp.hu\/?p=3679","title":{"rendered":"Ny\u00edlt \u00f3r\u00e1k"},"content":{"rendered":"<p>Ny\u00edlt \u00f3r\u00e1k\u2026 minden \u00e9vben van egy nap, mikor a folyos\u00f3k m\u00e9g a szok\u00e1sosabbn\u00e1l is zs\u00fafoltabbak. A m\u00e1s iskol\u00e1ba j\u00e1r\u00f3k l\u00e1togat\u00e1s\u00e1ra gondolok, akik bej\u00f6nnek megn\u00e9zni n\u00e9h\u00e1ny \u00f3r\u00e1t abban az id\u0151szakban, ami a \u201emessze m\u00e9g a suliv\u00e1lt\u00e1s\u201d nyugalma \u00e9s a \u201d nyakamon a felv\u00e9teli\u201d k\u00e9ts\u00e9gbees\u00e9se k\u00f6z\u00e9 esik.<\/p>\n<p><a href=\"http:\/\/szigma.szigbp.hu\/wp-content\/uploads\/2017\/12\/ea0cdb77.jpg\"><img decoding=\"async\" loading=\"lazy\" class=\"wp-image-3680 size-thumbnail alignleft\" src=\"http:\/\/szigma.szigbp.hu\/wp-content\/uploads\/2017\/12\/ea0cdb77-150x150.jpg\" alt=\"ea0cdb77\" width=\"150\" height=\"150\" \/><\/a>A ny\u00edltk\u00f6r\u0171 tan\u00f3r\u00e1k nem v\u00e9letlen\u00fcl alakultak ki \u00edgy. Ez az egy nap mind a sulinak, \u00e9s mind a v\u00e1laszt\u00e1s el\u0151tt \u00e1ll\u00f3 di\u00e1koknak \u00e9s sz\u00fcleiknek seg\u00edts\u00e9get jelent.<br \/>\nA sulinak alkalma ny\u00edlik megmutatnia a di\u00e1kokhoz \u00e9s a tan\u00edt\u00e1shoz val\u00f3 hozz\u00e1\u00e1ll\u00e1s\u00e1t, ezenk\u00edv\u00fcl m\u00e9ly benyom\u00e1st tehet az \u00e9rdekl\u0151d\u0151kre- legyen az pozit\u00edvabb, vagy kev\u00e9sb\u00e9\u2026 A v\u00e9gs\u0151 d\u00f6nt\u00e9sn\u00e9l egy szimpatikus ny\u00edltnap biztos, hogy az \u00e9rintett suli fel\u00e9 d\u00f6nti majd a m\u00e9rleget.<br \/>\nA di\u00e1kok pedig sokkal t\u00f6bbet megtudhatnak az adott iskol\u00e1r\u00f3l. Bel\u00e9phetnek a l\u00e9gk\u00f6r\u00e9be, l\u00e1thatj\u00e1k az oda j\u00e1r\u00f3kat \u00e9s megismerhetnek n\u00e9h\u00e1ny tan\u00f3r\u00e1t.<\/p>\n<p>Alapvet\u0151en az esem\u00e9ny megc\u00e1folhatatlanul zseni\u00e1lisnak t\u0171nik, csakhogy di\u00e1kokban \u00e9s tan\u00e1rokban egyar\u00e1nt felveti a k\u00e9rd\u00e9st, hogy k\u00fcl\u00f6nb\u00f6znie kell-e ennek a napnak b\u00e1rmelyik m\u00e1sikt\u00f3l?<\/p>\n<p>Biztosan mindenkinek volt olyan \u00e9lm\u00e9nye, mikor a ny\u00edlt \u00f3ra el\u0151tti napon az oszt\u00e1lynak meg kellett jegyeznie, hogy melyik k\u00e9rd\u00e9sn\u00e9l ki fog jelentkezni \u00e9s v\u00e1laszolni r\u00e1. Vagy egyszer\u0171en csak teljesen m\u00e1s volt az \u00f3ra, mindenf\u00e9le megel\u0151z\u0151 int\u00e9zked\u00e9s n\u00e9lk\u00fcl. A feladatokat csoportban kellett megoldani, az \u00f3ra pedig sokkal izgalmasabb, \u201ej\u00e1t\u00e9kosabb\u201d volt, mint egy\u00e9bk\u00e9nt szokott.<br \/>\nA r\u00e9gebbi t\u00f6rt\u00e9neteink k\u00f6z\u00f6tt nek\u00fcnk is lapulnak ilyesmik, azonban sokkal eml\u00e9kezetesebb volt, mikor a tan\u00e1rn\u0151nk pont azzal lepte meg mind a l\u00e1togat\u00f3kat \u00e9s mind a di\u00e1kokat, hogy t\u00fal term\u00e9szetes \u00f3r\u00e1t tartott.<br \/>\nAz \u00f3ra elej\u00e9n, miut\u00e1n mindenki elhelyezkedett a padokban \u00e9s a sz\u00e9keken, kijelentette, hogy t\u00e9maz\u00e1r\u00f3 dolgozatot \u00edrunk. Az oszt\u00e1ly teljesen meg volt d\u00f6bbenve. Igaz, hogy a tan\u00e1rn\u0151 eml\u00edtette, hogy ezen a h\u00e9ten \u00edrunk bel\u0151le, de egy\u00e9rtelm\u0171nek tartottuk, hogy el fogjuk tolni j\u00f6v\u0151 h\u00e9tre pont a l\u00e1togat\u00e1s miatt. \u00c9ppen ez\u00e9rt nem sokan tanultak r\u00e1. A tan\u00e1rn\u0151 azonban hajthatatlan volt, \u00edgy az eg\u00e9sz \u00f3ra n\u00e9ma csendben telt: m\u00edg mi k\u00e9ts\u00e9gbeesetten pr\u00f3b\u00e1ltuk \u00f6sszeszedni a gondolatainkat a dolgozathoz, a h\u00e1tul \u00fcl\u0151 l\u00e1togat\u00f3k k\u00f6z\u00fcl n\u00e9h\u00e1nnyal a tan\u00e1rn\u0151 elbesz\u00e9lgetett. A t\u00f6bbiek zavartan \u00e9s megd\u00f6bbenve \u00fccs\u00f6r\u00f6gtek.<\/p>\n<p>A ragaszkod\u00e1s a megszokott \u00f3r\u00e1k menet\u00e9hez, vagy az elt\u00e9r\u00e9sek vajon mennyire megengedhet\u0151ek egy ny\u00edlt \u00f3r\u00e1n\u00e1l?<br \/>\nErr\u0151l k\u00e9rdezt\u00fcnk meg n\u00e9h\u00e1ny tan\u00e1rn\u0151t \u00e9s tan\u00e1r urat az iskol\u00e1nkban:<\/p>\n<p style=\"text-align: center;\"><b>1. k\u00e9rd\u00e9s:<br \/>\n<\/b>\u00d6n szerint k\u00fcl\u00f6nb\u00f6znie kell-e lennie egy ny\u00edlt\u00f3r\u00e1nak a szok\u00e1sosokhoz k\u00e9pest?<\/p>\n<p style=\"text-align: center;\"><b>2. k\u00e9rd\u00e9s:<\/b><br \/>\nMit gondol, hasznosak-e a ny\u00edlt\u00f3r\u00e1k: seg\u00edtenek-e a sz\u00fcl\u0151knek a v\u00e1laszt\u00e1sban, illetve az iskol\u00e1nak j\u00f3 lehet\u0151s\u00e9g-e megmutatnia &#8222;\u00f6nmag\u00e1t&#8221;?<\/p>\n<p><b>Tam\u00e1s Be\u00e1ta tan\u00e1rn\u0151:<\/b><b><br \/>\n<\/b>&#8222;Szerintem alapvet\u0151en nem kell k\u00fcl\u00f6nb\u00f6znie a megszokott \u00f3r\u00e1k menet\u00e9t\u0151l. Mindenk\u00e9ppen figyelni kell arra, hogy els\u0151sorban azokat mutassuk meg, amik a leend\u0151 di\u00e1kokat \u00e9rdekli. Ez alatt azt \u00e9rtem, hogy l\u00e1ss\u00e1k a tan\u00e1r munk\u00e1j\u00e1t, magyar\u00e1zat\u00e1t, di\u00e1kokhoz val\u00f3 viszony\u00e1t. L\u00e1ss\u00e1k a di\u00e1kok aktivit\u00e1s\u00e1t, tud\u00e1s\u00e1t. \u00c9rz\u00e9kelj\u00e9k a tan\u00f3r\u00e1n kereszt\u00fcl az iskol\u00e1ban l\u00e9v\u0151 elv\u00e1r\u00e1sokat, hangulatot. Persze annyiban k\u00fcl\u00f6nb\u00f6zik, hogy\u00a0 p\u00e9ld\u00e1ul matek\u00f3r\u00e1n nem felt\u00e9tlen\u00fcl besz\u00e9lek meg oszt\u00e1lyf\u0151n\u00f6ki dolgokat, b\u00e1r ha nagyon s\u00fcrg\u0151s, ez sem kiz\u00e1rt. Persze \u0151k itt vend\u00e9gek, \u00e9s az ember a vend\u00e9geket kit\u00fcntetett figyelemmel kezeli.<\/p>\n<p>\u00c9n azt gondolom, nagyon hasznosak. K\u00e9pet kaphatnak az iskol\u00e1nkban foly\u00f3 munk\u00e1r\u00f3l. Anno bennem is meger\u0151s\u00f6d\u00f6tt az az elk\u00e9pzel\u00e9s, hogy a v\u00e1lasztott gimn\u00e1zium az, ahova szeretn\u00e9k menni. Nagyon j\u00f3 \u00f3r\u00e1kat l\u00e1ttam ott, \u00e9s ez meggy\u0151z\u0151 volt. Ha ez m\u00e9g kieg\u00e9sz\u00fcl olyan seg\u00edt\u0151 di\u00e1kokkal, mint amilyenek Ti voltatok (inform\u00e1ci\u00f3szerz\u00e9s, viselked\u00e9si minta, k\u00f6z\u00e9rzet), akkor ez m\u00e9g emeli a jelent\u0151s\u00e9g\u00e9t.&#8221;<\/p>\n<p><b>Kornis Ferenc tan\u00e1r \u00far:<\/b><\/p>\n<p>&#8222;\u00dagy gondolom, hogy mivel a c\u00e9l az, hogy az \u00f3r\u00e1t megtekint\u0151 sz\u00fcl\u0151k \u00e9s leend\u0151 di\u00e1kok ne puszt\u00e1n egy \u201ekirakat \u00f3r\u00e1t\u201d l\u00e1ssanak, hanem re\u00e1lis k\u00e9pet kapjanak arr\u00f3l, hogy az adott tant\u00e1rgyb\u00f3l milyen egy val\u00f3di iskolai \u00f3ra, a ny\u00edlt \u00f3r\u00e1nak nem kell alapvet\u0151en m\u00e1st mutatnia, \u00e9s f\u0151leg nem szabad kozmetik\u00e1zottnak lennie a szok\u00e1soshoz k\u00e9pest. Ugyanakkor term\u00e9szetesen figyelni kell az \u00f3ra soksz\u00edn\u0171s\u00e9g\u00e9re is, hogy amennyire lehets\u00e9ges, min\u00e9l t\u00f6bb szempontb\u00f3l mutassa be az adott tant\u00e1rgy oktat\u00e1s\u00e1t, vagyis reprezentat\u00edv legyen. (Nem szerencs\u00e9s p\u00e9ld\u00e1ul ilyen \u00f3r\u00e1n dolgozatot \u00edratni, v\u00e9gig feleltetni, vagy az \u00f3ra eg\u00e9sz\u00e9ben mindenfajta interakci\u00f3 n\u00e9lk\u00fcl puszt\u00e1n el\u0151adni.) Ennyiben teh\u00e1t szerintem m\u00e9gis k\u00fcl\u00f6nb\u00f6zhet-, s\u0151t k\u00fcl\u00f6nb\u00f6znie kell egy ny\u00edlt \u00f3r\u00e1nak a szok\u00e1sost\u00f3l.<\/p>\n<p>Optim\u00e1lis esetben nyilv\u00e1n seg\u00edt. Ak\u00e1r \u00fagy, hogy a megtekintett tan\u00f3ra mind a sz\u00fcl\u0151, mind a tanul\u00f3 sz\u00e1m\u00e1ra \u00e9rdekes \u00e9s vonz\u00f3, aminek k\u00f6vetkezt\u00e9ben sz\u00edvesen v\u00e1lasztj\u00e1k majd az iskol\u00e1t. Vagy \u00e9pp ellenkez\u0151leg, \u00fagy, hogy azt gondolj\u00e1k, &#8222;na, ide se j\u00f6v\u00fcnk t\u00f6bbet&#8221;. Persze egy oktat\u00e1si int\u00e9zm\u00e9ny, \u00e9s nyilv\u00e1n a tan\u00e1r is az el\u0151bbiben b\u00edzik, az\u00e9rt tart ny\u00edlt \u00f3r\u00e1kat. Tapasztalatom szerint egy j\u00f3l siker\u00fclt ny\u00edlt \u00f3ra a k\u00e9s\u0151bbi v\u00e1laszt\u00e1sban mindenk\u00e9pp az iskola fel\u00e9 billenti a m\u00e9rleget.&#8221; K\u00fcl\u00f6n kiemeln\u00e9m a 7. B oszt\u00e1ly spontaneit\u00e1s\u00e1t, akik kisel\u0151ad\u00e1sokat r\u00f6gt\u00f6n\u00f6ztek egy ny\u00edlt \u00f3r\u00e1n.<\/p>\n","protected":false},"excerpt":{"rendered":"<div class=\"mh-excerpt\"><p>Ny\u00edlt \u00f3r\u00e1k\u2026 minden \u00e9vben van egy nap, mikor a folyos\u00f3k m\u00e9g a szok\u00e1sosabbn\u00e1l is zs\u00fafoltabbak. A m\u00e1s iskol\u00e1ba j\u00e1r\u00f3k l\u00e1togat\u00e1s\u00e1ra gondolok, akik bej\u00f6nnek megn\u00e9zni n\u00e9h\u00e1ny <a class=\"mh-excerpt-more\" href=\"http:\/\/szigma.szigbp.hu\/?p=3679\" title=\"Ny\u00edlt \u00f3r\u00e1k\">[&#8230;]<\/a><\/p>\n<\/div>","protected":false},"author":25,"featured_media":3680,"comment_status":"closed","ping_status":"closed","sticky":false,"template":"","format":"standard","meta":[],"categories":[6],"tags":[16,48,112],"_links":{"self":[{"href":"http:\/\/szigma.szigbp.hu\/index.php?rest_route=\/wp\/v2\/posts\/3679"}],"collection":[{"href":"http:\/\/szigma.szigbp.hu\/index.php?rest_route=\/wp\/v2\/posts"}],"about":[{"href":"http:\/\/szigma.szigbp.hu\/index.php?rest_route=\/wp\/v2\/types\/post"}],"author":[{"embeddable":true,"href":"http:\/\/szigma.szigbp.hu\/index.php?rest_route=\/wp\/v2\/users\/25"}],"replies":[{"embeddable":true,"href":"http:\/\/szigma.szigbp.hu\/index.php?rest_route=%2Fwp%2Fv2%2Fcomments&post=3679"}],"version-history":[{"count":3,"href":"http:\/\/szigma.szigbp.hu\/index.php?rest_route=\/wp\/v2\/posts\/3679\/revisions"}],"predecessor-version":[{"id":3683,"href":"http:\/\/szigma.szigbp.hu\/index.php?rest_route=\/wp\/v2\/posts\/3679\/revisions\/3683"}],"wp:featuredmedia":[{"embeddable":true,"href":"http:\/\/szigma.szigbp.hu\/index.php?rest_route=\/wp\/v2\/media\/3680"}],"wp:attachment":[{"href":"http:\/\/szigma.szigbp.hu\/index.php?rest_route=%2Fwp%2Fv2%2Fmedia&parent=3679"}],"wp:term":[{"taxonomy":"category","embeddable":true,"href":"http:\/\/szigma.szigbp.hu\/index.php?rest_route=%2Fwp%2Fv2%2Fcategories&post=3679"},{"taxonomy":"post_tag","embeddable":true,"href":"http:\/\/szigma.szigbp.hu\/index.php?rest_route=%2Fwp%2Fv2%2Ftags&post=3679"}],"curies":[{"name":"wp","href":"https:\/\/api.w.org\/{rel}","templated":true}]}}