{"id":43,"date":"2013-10-10T22:33:22","date_gmt":"2013-10-10T22:33:22","guid":{"rendered":"http:\/\/szig.gimilap.hu\/?p=43"},"modified":"2016-03-31T21:48:29","modified_gmt":"2016-03-31T19:48:29","slug":"a-golyatabor-farkas-johanna","status":"publish","type":"post","link":"http:\/\/szigma.szigbp.hu\/?p=43","title":{"rendered":"A g\u00f3lyat\u00e1bor &#8211; Farkas Johanna"},"content":{"rendered":"<p>Az indul\u00e1s sz\u00f6rnyen korainak t\u0171nt; nem is tudom, hogy b\u00edrtam felkelni. Valahogy kik\u00f3v\u00e1lyogtam a konyh\u00e1ba, ettem valamit, majd \u00f6sszek\u00e9sz\u00fcltem. Igaz\u00e1b\u00f3l csak a fel\u00f6lt\u00f6z\u00e9s neh\u00e9zs\u00e9gein kellett t\u00falesnem, a csomagjaim m\u00e1r k\u00e9szen v\u00e1rt\u00e1k az indul\u00e1st. M\u00e9g egy gyors t\u00fck\u00f6rszeml\u00e9t ejtettem &#8211; a hajam, mint mindig, drasztikus v\u00e1ltoztat\u00e1sokat ig\u00e9nyelt, \u00edgy el\u0151kotortam a f\u00e9s\u0171met (term\u00e9szetesen a b\u0151r\u00f6nd legm\u00e9ly\u00e9n volt), majd \u00f6sszeszorult gyomorral kil\u00e9ptem a bej\u00e1rati ajt\u00f3n.<\/p>\n<p>Ahogy le\u00e9rtem a l\u00e9pcs\u0151n, megcsapott a h\u0171v\u00f6s hajnali leveg\u0151, melyt\u0151l m\u00e1r elszoktam, hisz a vak\u00e1ci\u00f3 alatt nem indultam kor\u00e1n iskol\u00e1ba. Az \u00faton v\u00e9gig csak a t\u00e1bor \u00e9s a k\u00f6vetkez\u0151 n\u00e9gy \u00e9v j\u00e1rt a fejemben. Felmer\u00fcltek a szok\u00e1sos k\u00e9rd\u00e9sek, mint hogy \u201emilyenek lesznek az \u00faj oszt\u00e1lyt\u00e1rak?\u201d, \u201efognak-e szeretni?\u201d, \u201emilyen neh\u00e9z lesz az iskola?\u201d<\/p>\n<p>\u00c9s\u2026 Meg\u00e9rkeztem. A k\u00f6nnyebb egym\u00e1sra tal\u00e1l\u00e1s \u00e9rdek\u00e9ben z\u00f6ld sz\u00edn\u0171 fels\u0151ben kellett mennie az oszt\u00e1ly minden tagj\u00e1nak. K\u00f6nnyen meg is l\u00e1ttam a csoportunkat, ott l\u00e9zengtek a p\u00e1lyaudvar nagy kijelz\u0151 t\u00e1bl\u00e1ja el\u0151tt. A nagy betonsz\u00fcrkes\u00e9gben olyanok voltak, mint New Yorkban a Central Park: egy kis z\u00f6ld sziget a v\u00e1ros (jelen esetben p\u00e1lyaudvar) sz\u00edv\u00e9ben. Egy m\u00e9ly l\u00e9legzetv\u00e9tel ut\u00e1n megindultam fel\u00e9j\u00fck.\u00a0 Kisebb csoportokba ver\u0151dve \u00e1lltak. Amint k\u00f6zelebb \u00e9rtem, l\u00e1ttam, hogy a korai kel\u00e9st\u0151l nem csak nekem meggy\u00f6t\u00f6rt kicsit az \u00e1br\u00e1zatom, \u00edgy nyugodtabban l\u00e9ptem oda hozz\u00e1juk \u00e9s k\u00f6sz\u00f6nt\u00f6ttem \u0151ket.<\/p>\n<p>K\u00f6r\u00fclbel\u00fcl f\u00e9l \u00f3r\u00e1t v\u00e1rtunk, ek\u00f6zben lassan sz\u00e1lling\u00f3ztak be a di\u00e1kok a p\u00e1lyaudvar \u00f3ri\u00e1si kapuin. V\u00e9g\u00fcl megindultunk a vonat fel\u00e9. Mivel egyszerre n\u00e9gy oszt\u00e1ly ment t\u00e1borozni, rendezett sorok helyett kiss\u00e9 amorf alakzatban vonultunk a vonat fel\u00e9. Minden oszt\u00e1lynak k\u00fcl\u00f6n vagont foglaltak, \u00edgy a helyek miatt se kellett agg\u00f3dni.<\/p>\n<p>Az \u00fat el\u00e9g hossz\u00fara ny\u00falt, de az\u00e9rt eltelt valahogy. A besz\u00e9lget\u00e9sek nem voltak m\u00e9g olyan k\u00f6nnyedek, mindenki visszafogottabban viselkedett. B\u00e1r ez, azt hiszem, term\u00e9szetes, hiszen a legjobb form\u00e1j\u00e1t akarja mutatni az ember, r\u00e1ad\u00e1sul lesz m\u00e9g n\u00e9gy \u00e9v\u00fcnk egy\u00fctt \u201e\u0151r\u00fcltk\u00f6dni.\u201d<\/p>\n<p>Megismerkedt\u00fcnk az anim\u00e1torainkkal is, \u0151k fel\u00fcgyeltek minket \u00e9s szervezt\u00e9k a programokat. Mes\u00e9ltek az istv\u00e1nos \u00e9letr\u0151l, \u00e9s \u201et\u00fal\u00e9l\u00e9si technik\u00e1kat\u201d osztottak meg vel\u00fcnk.<\/p>\n<p>V\u00e9g\u00fcl meg\u00e9rkezt\u00fcnk\u2026 Izgatottan t\u00f3dult le a t\u00f6bb mint 120 gyerek a vonatr\u00f3l. Az id\u0151 sz\u00e9p volt, az oszt\u00e1lyt\u00e1rsak kedvesek, minden j\u00f3nak \u00edg\u00e9rkezett. A t\u00e1borhelyre buszokkal vittek minket, mivel el\u00e9g messze fek\u00fcdt az \u00e1llom\u00e1st\u00f3l. Term\u00e9szetesen a mi oszt\u00e1lyunkat vitt\u00e9k utolj\u00e1ra, hiszen mi\u00e9rt is lenne olyan szerencs\u00e9nk, hogy nem kell a negyven fokban \u00e1llva h\u0151gut\u00e1t kapni?! Az\u00e9rt elvert\u00fck azt az \u00f3r\u00e1t, ismerked\u0151s, n\u00e9vtanul\u00f3s j\u00e1t\u00e9kokat j\u00e1tszottunk. Itt szembes\u00fcltem azzal, mennyien is vagyunk az oszt\u00e1lyban. Harmincn\u00e9gy ember, harmincn\u00e9gy n\u00e9v. Harmincn\u00e9gy k\u00fcl\u00f6nb\u00f6z\u0151 szem\u00e9lyis\u00e9g, akik hirtelen \u00f6sszeker\u00fcltek \u00e9s n\u00e9gy \u00e9vig egy\u00fctt is maradnak. \u201eMi lesz ebb\u0151l?\u201d-mer\u00fclt fel bennem a k\u00e9rd\u00e9s\u2026<\/p>\n<p>V\u00e9g\u00fcl eljutottunk a t\u00e1borba. Megkezdt\u00fck k\u00f6z\u00f6s \u00e9veinket. A h\u00e1zakban val\u00f3 elhelyezked\u00e9s ut\u00e1n a d\u00e9lut\u00e1nt tov\u00e1bbi ismerked\u00e9ssel t\u00f6lt\u00f6tt\u00fck. J\u00f3l sz\u00f3rakoztunk, sokat nevett\u00fcnk a j\u00e1t\u00e9kokon, amiket anim\u00e1toraink mutattak. Vel\u00fck is j\u00f3l kij\u00f6tt\u00fcnk, hamar kialakult az \u00f6sszhang az eg\u00e9sz csapatban. A k\u00e9s\u0151 d\u00e9lut\u00e1ni \u00f3r\u00e1kat a strandol\u00e1s jegy\u00e9ben t\u00f6lt\u00f6tt\u00fck, a vacsora elfogyaszt\u00e1sa ut\u00e1n pedig tov\u00e1bbi csapatj\u00e1t\u00e9kok k\u00f6vetkeztek, melyek m\u00e1r belesz\u00e1m\u00edtottak az oszt\u00e1lyok k\u00f6z\u00f6tti versenybe.<\/p>\n<p>F\u00e9l tizenegykor azonban mindennek gyorsan v\u00e9get vetettek, mivel voltak olyan naivak a szervez\u0151k, hogy elk\u00fcldhetnek aludni. Az els\u0151 \u00e9jszak\u00e1n?! Aludni?! Ugyan\u2026<\/p>\n<p>\u00c9jf\u00e9l k\u00f6r\u00fcl azt\u00e1n benyitottak hozz\u00e1nk anim\u00e1toraink, hogy kisebb probl\u00e9m\u00e1k ad\u00f3dtak: j\u00f6nnek a zombik. Fel kellett \u00f6lt\u00f6zn\u00fcnk; s\u00f6t\u00e9tben \u00e9s hidegben igyekezt\u00fcnk teljes\u00edteni a kiszabott feladatokat. Ennek ellen\u00e9re lelkesed\u00e9s\u00fcnk nem t\u0171nt el, v\u00e9g\u00fcl is a feladatok \u00e9rdekesek voltak, az anim\u00e1torok is kitettek maguk\u00e9rt.<\/p>\n<p>A m\u00e1sodik nap m\u00e1r csak az oszt\u00e1lyok k\u00f6z\u00f6tti versenyek folytak, \u00f6tletes \u00e9s fant\u00e1ziad\u00fas j\u00e1t\u00e9kokban vett\u00fcnk r\u00e9szt. Ezen fel\u00fcl egy oszt\u00e1lyt\u00e1ncot is \u00f6ssze kellett hoznunk, azonban k\u00e9t \u00f3ra nem bizonyult el\u00e9gnek sz\u00e1munkra, \u00edgy a strandid\u0151nket fel\u00e1ldozva alkottunk valamit egy kiss\u00e9 anarchikus, ritmustalan zen\u00e9re. B\u00e1r t\u00f6bbet nevett\u00fcnk, mint t\u00e1ncoltunk, de az\u00e9rt csak \u00f6sszehoztuk! S\u0151t! A mienk volt a leg\u00e9rdekesebb, eg\u00e9sz kis R\u00f3me\u00f3 \u00e9s J\u00falia t\u00f6rt\u00e9netet kerek\u00edtett\u00fcnk ki a dologb\u00f3l (persze modern felfog\u00e1sban).<\/p>\n<p>Utols\u00f3 nap az\u00e9rt m\u00e9g betettek a d\u00e9lel\u0151ttre egy kisebb t\u00far\u00e1t a B\u00fcd\u00f6s-t\u00f3 k\u00f6r\u00fcl, ahol csak \u201ep\u00e1rszor\u201d t\u00e9vedt\u00fcnk el.. Mindenesetre nagyon \u00e9lveztem azt is, itt tudtunk m\u00e9g egy kicsit besz\u00e9lgetni egym\u00e1ssal, miel\u0151tt elv\u00e1laszt minket egym\u00e1st\u00f3l az a k\u00e9t, m\u00e9g fennmaradt ny\u00e1ri h\u00e9t.<\/p>\n<p>A t\u00e1bor v\u00e9g\u00e9n nyertest hirdettek. B\u00fcszk\u00e9k voltunk magunkra, amikor felolvast\u00e1k, hogy nyert\u00fcnk. Igaz\u00e1n katartikus \u00e9lm\u00e9ny volt! De t\u00e9nyleg! J\u00f3 \u00e9rz\u00e9s volt. Gyorsan elrep\u00fclt az a h\u00e1rom, \u00e9lm\u00e9nyekkel teli nap. \u00a0Alig kaptunk szabadid\u0151t, ami v\u00e9g\u00fcl is pozit\u00edvum, hiszen az anim\u00e1torok lelkesen szervezt\u00e9k programjainkat, egy percre sem unatkoztunk. A vonaton m\u00e9g b\u00facs\u00faz\u00f3ul r\u00e9gi sl\u00e1gereket \u00e9nekelt\u00fcnk, b\u00e1r akadt egy-k\u00e9t faz\u00e9krepeszt\u0151 hang\u2026 De az\u00e9rt a sz\u00e1nd\u00e9k a fontos.<\/p>\n<p>\u00d6sszess\u00e9g\u00e9ben boldogan \u00e9s megnyugodva sz\u00e1lltam le a vonatr\u00f3l, tudva, hogy az elk\u00f6vetkezend\u0151 n\u00e9gy \u00e9vben sem fogok unatkozni\u2026<\/p>\n<p>&nbsp;<\/p>\n<p><strong>Farkas Johanna<\/strong><\/p>\n","protected":false},"excerpt":{"rendered":"<div class=\"mh-excerpt\"><p>Az indul\u00e1s sz\u00f6rnyen korainak t\u0171nt; nem is tudom, hogy b\u00edrtam felkelni. Valahogy kik\u00f3v\u00e1lyogtam a konyh\u00e1ba, ettem valamit, majd \u00f6sszek\u00e9sz\u00fcltem. Igaz\u00e1b\u00f3l csak a fel\u00f6lt\u00f6z\u00e9s neh\u00e9zs\u00e9gein kellett <a class=\"mh-excerpt-more\" href=\"http:\/\/szigma.szigbp.hu\/?p=43\" title=\"A g\u00f3lyat\u00e1bor &#8211; Farkas Johanna\">[&#8230;]<\/a><\/p>\n<\/div>","protected":false},"author":1,"featured_media":0,"comment_status":"closed","ping_status":"closed","sticky":false,"template":"","format":"standard","meta":[],"categories":[3],"tags":[],"_links":{"self":[{"href":"http:\/\/szigma.szigbp.hu\/index.php?rest_route=\/wp\/v2\/posts\/43"}],"collection":[{"href":"http:\/\/szigma.szigbp.hu\/index.php?rest_route=\/wp\/v2\/posts"}],"about":[{"href":"http:\/\/szigma.szigbp.hu\/index.php?rest_route=\/wp\/v2\/types\/post"}],"author":[{"embeddable":true,"href":"http:\/\/szigma.szigbp.hu\/index.php?rest_route=\/wp\/v2\/users\/1"}],"replies":[{"embeddable":true,"href":"http:\/\/szigma.szigbp.hu\/index.php?rest_route=%2Fwp%2Fv2%2Fcomments&post=43"}],"version-history":[{"count":1,"href":"http:\/\/szigma.szigbp.hu\/index.php?rest_route=\/wp\/v2\/posts\/43\/revisions"}],"predecessor-version":[{"id":1303,"href":"http:\/\/szigma.szigbp.hu\/index.php?rest_route=\/wp\/v2\/posts\/43\/revisions\/1303"}],"wp:attachment":[{"href":"http:\/\/szigma.szigbp.hu\/index.php?rest_route=%2Fwp%2Fv2%2Fmedia&parent=43"}],"wp:term":[{"taxonomy":"category","embeddable":true,"href":"http:\/\/szigma.szigbp.hu\/index.php?rest_route=%2Fwp%2Fv2%2Fcategories&post=43"},{"taxonomy":"post_tag","embeddable":true,"href":"http:\/\/szigma.szigbp.hu\/index.php?rest_route=%2Fwp%2Fv2%2Ftags&post=43"}],"curies":[{"name":"wp","href":"https:\/\/api.w.org\/{rel}","templated":true}]}}