{"id":433,"date":"2015-03-20T14:40:13","date_gmt":"2015-03-20T13:40:13","guid":{"rendered":"http:\/\/szigma.szigbp.hu\/?p=433"},"modified":"2016-03-31T21:47:52","modified_gmt":"2016-03-31T19:47:52","slug":"a-legkisebb-nyul","status":"publish","type":"post","link":"http:\/\/szigma.szigbp.hu\/?p=433","title":{"rendered":"A legkisebb ny\u00fal"},"content":{"rendered":"<p>Egyszer volt, hol nem volt az \u00d3perenci\u00e1s \u00fcveggoly\u00f3n t\u00fal \u00e9lt egy ny\u00fal csal\u00e1d. Ny\u00fal mama, ny\u00fal papa \u00e9s a ny\u00fal gyerekek, Tapsi, F\u00fcles, F\u00fcrge, Bolyhos \u00e9s a legkisebb Jani. A nyusziknak \u00e1ltal\u00e1nos \u00e9s k\u00f6znapi ny\u00fal \u00e9let\u00fck volt. Ny\u00fal papa minden nap elment megkeresni az az napi betev\u0151 r\u00e9p\u00e1jukat, nyuszi mama mindig otthon maradt a kicsikkel. A gyerekek m\u00e9g nem dolgoztak, ez\u00e9rt eg\u00e9sz nap csak j\u00e1tszadoztak, birk\u00f3zta, fog\u00f3csk\u00e1ztak \u00e9s labd\u00e1ztak. Sajnos a j\u00e1t\u00e9kban mindig Jani vesz\u00edtett, mert sosem volt el\u00e9g f\u00fcrge, el\u00e9g er\u0151s, nem tudott el\u00e9g nagyot ugrani \u00e9s a legf\u0151bb oka az volt, hogy \u0151 volt a legeslegkisebb. Szeg\u00e9nyk\u00e9t ez nagyon b\u00e1ntotta, ez\u00e9rt elhat\u00e1rozta, hogy valamilyen \u00faton-m\u00f3don megn\u0151 \u00e9s t\u00f6bbet nem lesz a legkisebb ny\u00fal mindk\u00f6z\u00fcl. Egy napon mikor se testv\u00e9rei, se \u00e9desanyja nem figyel r\u00e1 kisz\u00f6k\u00f6tt az \u00fcregb\u0151l \u00e9s elindult felkeresni az erd\u0151 b\u00f6lcs \u00f6regj\u00e9t, a Baglyot. A Bagoly \u00e9ppen akkor m\u00e9g aludt \u00e9s od\u00faj\u00e1ra a k\u00f6vetkez\u0151 volt ki\u00edrva: \u201eM\u00e9g nincs \u00fcgyf\u00e9lfogad\u00e1s, Klienseket 20.00-t\u00f3l v\u00e1rjuk.\u201d Szeg\u00e9ny nyuszi mit tehetett, mit nem, megv\u00e1rta a nyolc \u00f3r\u00e1t. El\u00e9rkezett az este. Ekkor kiny\u00edlik a bagolyod\u00fa ajtaja \u00e9s kil\u00e9p rajta Bagoly, majd helyet foglal az egyik \u00e1gon l\u00e9v\u0151 karossz\u00e9ken. Jani nem tudott m\u00e1st tenni felki\u00e1ltott h\u00e1t Bagolynak. \u2014 Kedves, b\u00f6lcs Bagoly n\u00e9ni seg\u00edts\u00e9get szeretn\u00e9k k\u00e9rni t\u0151led. K\u00e9rlek, sz\u00e1llj le a fa t\u00f6v\u00e9be, hogy besz\u00e9lhessek veled. A Bagoly n\u00e9h\u00e1ny sz\u00e1rnycsap\u00e1ssal lent is termett. \u2014 Szerencs\u00e9d, hogy Bagoly n\u00e9ninek sz\u00f3l\u00edtott\u00e1l, m\u00e1sk\u00fcl\u00f6nben a vacsor\u00e1m lett\u00e9l volna te picurka ny\u00fal. \u2014 Bagoly n\u00e9ni az\u00e9rt j\u00f6ttem, mert szeretn\u00e9k nagy lenni, a legnagyobb, nem csak egy piciny \u00fcregi ny\u00fal. \u2014 J\u00f3l meggondoltad ezt gyermekem, biztos vagy benne, hogy nem akarsz mostant\u00f3l apr\u00f3cska maradni? \u2013 k\u00e9rdezte Janit. \u2014 Nem szeretn\u00e9k ekkor maradni. M\u00e9retben, f\u00fcrges\u00e9gben, gyorsas\u00e1gban ne legyen hozz\u00e1m hasonl\u00f3 a vil\u00e1gon. Senki se tudjon t\u00f6bb\u00e9 legy\u0151zni. \u2014 H\u00e1t ha ezt szeretn\u00e9d, de figyelmeztetlek, ha vissza akarn\u00e1l v\u00e1ltozni, akkor hossz\u00fa \u00e9s f\u00e1raszt\u00f3 bolyong\u00e1s v\u00e1r r\u00e1d a vil\u00e1gban. \u2014 Nem akarok \u00e9s majd visszav\u00e1ltozni. \u2014 Rendben, \u00e1m legyen. Akkor holnap \u00e9jf\u00e9lkor ugr\u00e1lj ki a tiszt\u00e1sra, pont telihold lesz. Ahhoz, hogy a var\u00e1zslat siker\u00fclj\u00f6n, h\u00e1romszor olyan magasra kell ugranod amennyire csak tudsz, hogy pr\u00f3b\u00e1ld el\u00e9rni a holdat. Majd szaladj k\u00f6rbe \u00e9s ker\u00fclgesd k\u00f6zben a mez\u0151n l\u00e9v\u0151 buck\u00e1kat. M\u00e1snap minden \u00fagy is lett, ahogy a Bagoly mondta. Jani elment a mez\u0151re \u00e9s v\u00e9grehajtotta a feladatokat. Azt hitte, hogy m\u00e1ris nagy lesz, de sajnos nem \u00edgy t\u00f6rt\u00e9nt. De mik\u00f6zben ott ugr\u00e1ndozott, futk\u00e1rozott, szlalomozott, r\u00e1j\u00f6tt, hogy most igaz\u00e1n minden erej\u00e9t beleadta sz\u00f6kell\u00e9seibe, ez\u00e9rt most nagyobbat ugrott, mint \u00e9desapja. \u00cdgy h\u00e1t hazaballagott \u00e9s nem is haragudott a Bagolyra, mert tudta, hogy \u0151 csak meg akarta leck\u00e9ztetni.<\/p>\n<p>R\u00e1 is j\u00f6tt a lecke l\u00e9nyeg\u00e9re. Ha nagy c\u00e9lokat akar v\u00e9ghezvinni, nem kell ahhoz nagytermet csak hatalmas akarater\u0151. A kis \u00fcregben Jani mostant\u00f3l mindig j\u00f3l \u00e9rezte mag\u00e1t, mert j\u00e1t\u00e9k k\u00f6zben senki sem tudta m\u00e1r utol\u00e9rni. \u00c9s boldogan \u00e9ltek, m\u00edg meg nem n\u0151ttek.<\/p>\n<p>Nagy Katalin 7.b<\/p>\n","protected":false},"excerpt":{"rendered":"<div class=\"mh-excerpt\"><p>Egyszer volt, hol nem volt az \u00d3perenci\u00e1s \u00fcveggoly\u00f3n t\u00fal \u00e9lt egy ny\u00fal csal\u00e1d. Ny\u00fal mama, ny\u00fal papa \u00e9s a ny\u00fal gyerekek, Tapsi, F\u00fcles, F\u00fcrge, Bolyhos <a class=\"mh-excerpt-more\" href=\"http:\/\/szigma.szigbp.hu\/?p=433\" title=\"A legkisebb ny\u00fal\">[&#8230;]<\/a><\/p>\n<\/div>","protected":false},"author":25,"featured_media":434,"comment_status":"closed","ping_status":"closed","sticky":false,"template":"","format":"standard","meta":[],"categories":[7],"tags":[50],"_links":{"self":[{"href":"http:\/\/szigma.szigbp.hu\/index.php?rest_route=\/wp\/v2\/posts\/433"}],"collection":[{"href":"http:\/\/szigma.szigbp.hu\/index.php?rest_route=\/wp\/v2\/posts"}],"about":[{"href":"http:\/\/szigma.szigbp.hu\/index.php?rest_route=\/wp\/v2\/types\/post"}],"author":[{"embeddable":true,"href":"http:\/\/szigma.szigbp.hu\/index.php?rest_route=\/wp\/v2\/users\/25"}],"replies":[{"embeddable":true,"href":"http:\/\/szigma.szigbp.hu\/index.php?rest_route=%2Fwp%2Fv2%2Fcomments&post=433"}],"version-history":[{"count":2,"href":"http:\/\/szigma.szigbp.hu\/index.php?rest_route=\/wp\/v2\/posts\/433\/revisions"}],"predecessor-version":[{"id":529,"href":"http:\/\/szigma.szigbp.hu\/index.php?rest_route=\/wp\/v2\/posts\/433\/revisions\/529"}],"wp:featuredmedia":[{"embeddable":true,"href":"http:\/\/szigma.szigbp.hu\/index.php?rest_route=\/wp\/v2\/media\/434"}],"wp:attachment":[{"href":"http:\/\/szigma.szigbp.hu\/index.php?rest_route=%2Fwp%2Fv2%2Fmedia&parent=433"}],"wp:term":[{"taxonomy":"category","embeddable":true,"href":"http:\/\/szigma.szigbp.hu\/index.php?rest_route=%2Fwp%2Fv2%2Fcategories&post=433"},{"taxonomy":"post_tag","embeddable":true,"href":"http:\/\/szigma.szigbp.hu\/index.php?rest_route=%2Fwp%2Fv2%2Ftags&post=433"}],"curies":[{"name":"wp","href":"https:\/\/api.w.org\/{rel}","templated":true}]}}