{"id":45,"date":"2013-10-18T16:36:35","date_gmt":"2013-10-18T16:36:35","guid":{"rendered":"http:\/\/szig.gimilap.hu\/?p=45"},"modified":"2016-03-31T21:48:29","modified_gmt":"2016-03-31T19:48:29","slug":"golyatabor-czirjak-janka-lili","status":"publish","type":"post","link":"http:\/\/szigma.szigbp.hu\/?p=45","title":{"rendered":"G\u00f3lyat\u00e1bor &#8211; Czirj\u00e1k Janka Lili"},"content":{"rendered":"<p>2013. augusztus 16-\u00e1n reggel gy\u00fclekezt\u00fcnk a Keleti p\u00e1lyaudvarn\u00e1l: Mi, a 7.b., a 7.a., a 9.d., valamint a 9.e. A nagykapun\u00e1l volt a gy\u00fclekez\u0151, onnan ment\u00fcnk egyenesen a vonathoz. Felsz\u00e1lltunk , majd helyet kerest\u00fcnk magunknak. A vonaton egy-egy k\u00fcl\u00f6n kocsit kaptak az oszt\u00e1lyok. \u00c9n le\u00fcltem egy n\u00e9gyes asztalhoz. A l\u00e1nyok bemutatkoztak, majd \u00e9n is elmondtam a nevemet. Az anim\u00e1torok j\u00e1t\u00e9kkal k\u00e9sz\u00fcltek: Mindenki egy pap\u00edrra fel\u00edr egy \u00e1ltala kedvelt meseszerepl\u0151 nev\u00e9t, amit egy kalapba beledobunk, majd mindenki h\u00faz egyet. Feltessz\u00fck a fej\u00fcnkre, de \u00fagy, hogy amit h\u00faztunk, azt nem l\u00e1tjuk. Nagyon vicces volt, mindenki tal\u00e1lgatta a t\u00f6bbiekt\u0151l, vajon ki lehet \u0151. Az \u00fat kb. 2 \u00e9s f\u00e9l \u00f3ra volt, am\u00edg Soltvadkertre \u00e9rt\u00fcnk. Az \u00e1llom\u00e1st\u00f3l m\u00e9g buszoztunk egy kicsit, majd meg\u00e9rkezt\u00fcnk a t\u00e1borhelyre. Kis fa- \u00e9s k\u0151h\u00e1zak sokas\u00e1ga t\u00f6lt\u00f6tte meg a teret a sz\u00e9p z\u00f6ld ter\u00fcleten. A focip\u00e1ly\u00e1n gy\u00fclekezt\u00fcnk, ahol kiosztott\u00e1k a szob\u00e1kat, \u00e9s elmondt\u00e1k a tudnival\u00f3kat. Meghoztak egy nagyon furcsa szab\u00e1lyt: ha valakit megl\u00e1tnak egyed\u00fcl menni b\u00e1rhov\u00e1 is, h\u00faznak a karj\u00e1ra alkoholos filccel egy strigul\u00e1t, \u00e9s ha \u00f6sszegy\u0171lik h\u00e1rom strigula, akkor vesz az illet\u0151 az anim\u00e1tornak egy csokit. Ez a szab\u00e1ly valamennyi\u00fcnket meglepett, ugyanakkor \u00f6tletes, mivel ennek a c\u00e9lja, hogy senki ne \u00e9rezze mag\u00e1t egyed\u00fcl. Ez tetszik! J<\/p>\n<p>A k\u0151h\u00e1zakban elfoglaltuk a sz\u00e1ll\u00e1shelyet, kipakoltunk, de alig volt egy kis id\u0151nk, r\u00f6gt\u00f6n elkezd\u0151dtek a programok: a t\u00e1bor alatt k\u00e9tszer voltunk a Vadkerti-t\u00f3n\u00e1l f\u00fcr\u00f6dni &#8211; ahol szuper v\u00edzij\u00e1t\u00e9kokat rendeztek nek\u00fcnk &#8211; , csin\u00e1ltunk egy oszt\u00e1lyplak\u00e1tot (ami m\u00e9g ma is ki van t\u00e9ve a szekr\u00e9ny\u00fcnkre a suliban), szombat est\u00e9re minden oszt\u00e1lynak ki kellett dolgoznia egy koreogr\u00e1fi\u00e1t egy kapott sz\u00e1mra (nek\u00fcnk a Sipos Tam\u00e1s: Buli van a parton c. sz\u00e1mra kellett t\u00e1ncolni ). Ez a program tetszett szinte valamennyi\u00fcnknek a legjobban. B\u00e1r voltak az elej\u00e9n neh\u00e9zs\u00e9geink, de a v\u00e9g\u00e9re eg\u00e9sz j\u00f3 ( a zs\u0171ri \u00e1ltal \u201eT\u00d6K\u00c9LETES\u201d-nek nevezett) produkci\u00f3t dobtunk \u00f6ssze! Vas\u00e1rnap k\u00f6rbes\u00e9t\u00e1ltunk a tavat, ahol egy n\u00e9h\u00e1nyunknak felejthetetlen \u00e9lm\u00e9nyben volt r\u00e9sz\u00fcnk: tal\u00e1ltunk ( vagyis Dorka tal\u00e1lt) egy szakadt, cs\u00f6ves, k\u00e9k, t\u00e9p\u0151z\u00e1ras papucsot (csak egyet, a p\u00e1rja m\u00e9g ma sem tudjuk, hol van), amit r\u00f6gt\u00f6n el is nevezt\u00fcnk \u201eLu\u201d-nak. ( A n\u00e9v fogalmam sincs honnan j\u00f6tt, csak \u00fagy az emberi k\u00e9pzelet sz\u00fclem\u00e9nyek\u00e9nt j\u00f6tt l\u00e9tre Dorka agy\u00e1b\u00f3l. JJJ) Lu-t eg\u00e9szen az \u00e1llom\u00e1sig cipelt\u00fck magunkkal, ahol sajnos el kellett v\u00e1lnunk t\u0151le. Hogy eml\u00e9kezzen r\u00e1nk (???), m\u00e9lt\u00f3 b\u00facs\u00faztat\u00e1st rendezt\u00fcnk a tisztelet\u00e9re: Az \u00e1llom\u00e1son egy k\u00fat el\u00e9 leraktuk, levelekkel letakartuk, majd mindenki a maga m\u00f3dj\u00e1n b\u00facs\u00fat vett a mi \u00f6r\u00f6kk\u00e9 kedvenc papucsunkt\u00f3l. M\u00e9g ma is sir\u00e1nkozunk amiatt, hogy mennyire hi\u00e1nyzik\u2026 L\u00a0 A vissza\u00fat gyorsan eltelt (k\u00e9regett\u00fck egym\u00e1s telefonsz\u00e1mait), majd az \u00e1llom\u00e1sn\u00e1l egy \u201eMI\u00c9RT NINCS HOLNAP SULI??!!\u201d sir\u00e1nkoz\u00e1ssal b\u00facs\u00fat vett\u00fcnk a leend\u0151 oszt\u00e1lyt\u00e1rsainkt\u00f3l.<\/p>\n<p><strong> Czirj\u00e1k Janka Lili<\/strong><\/p>\n","protected":false},"excerpt":{"rendered":"<div class=\"mh-excerpt\"><p>2013. augusztus 16-\u00e1n reggel gy\u00fclekezt\u00fcnk a Keleti p\u00e1lyaudvarn\u00e1l: Mi, a 7.b., a 7.a., a 9.d., valamint a 9.e. A nagykapun\u00e1l volt a gy\u00fclekez\u0151, onnan ment\u00fcnk <a class=\"mh-excerpt-more\" href=\"http:\/\/szigma.szigbp.hu\/?p=45\" title=\"G\u00f3lyat\u00e1bor &#8211; Czirj\u00e1k Janka Lili\">[&#8230;]<\/a><\/p>\n<\/div>","protected":false},"author":1,"featured_media":0,"comment_status":"closed","ping_status":"closed","sticky":false,"template":"","format":"standard","meta":[],"categories":[3],"tags":[],"_links":{"self":[{"href":"http:\/\/szigma.szigbp.hu\/index.php?rest_route=\/wp\/v2\/posts\/45"}],"collection":[{"href":"http:\/\/szigma.szigbp.hu\/index.php?rest_route=\/wp\/v2\/posts"}],"about":[{"href":"http:\/\/szigma.szigbp.hu\/index.php?rest_route=\/wp\/v2\/types\/post"}],"author":[{"embeddable":true,"href":"http:\/\/szigma.szigbp.hu\/index.php?rest_route=\/wp\/v2\/users\/1"}],"replies":[{"embeddable":true,"href":"http:\/\/szigma.szigbp.hu\/index.php?rest_route=%2Fwp%2Fv2%2Fcomments&post=45"}],"version-history":[{"count":1,"href":"http:\/\/szigma.szigbp.hu\/index.php?rest_route=\/wp\/v2\/posts\/45\/revisions"}],"predecessor-version":[{"id":1302,"href":"http:\/\/szigma.szigbp.hu\/index.php?rest_route=\/wp\/v2\/posts\/45\/revisions\/1302"}],"wp:attachment":[{"href":"http:\/\/szigma.szigbp.hu\/index.php?rest_route=%2Fwp%2Fv2%2Fmedia&parent=45"}],"wp:term":[{"taxonomy":"category","embeddable":true,"href":"http:\/\/szigma.szigbp.hu\/index.php?rest_route=%2Fwp%2Fv2%2Fcategories&post=45"},{"taxonomy":"post_tag","embeddable":true,"href":"http:\/\/szigma.szigbp.hu\/index.php?rest_route=%2Fwp%2Fv2%2Ftags&post=45"}],"curies":[{"name":"wp","href":"https:\/\/api.w.org\/{rel}","templated":true}]}}