{"id":460,"date":"2015-03-27T14:38:40","date_gmt":"2015-03-27T13:38:40","guid":{"rendered":"http:\/\/szigma.szigbp.hu\/?p=460"},"modified":"2016-03-31T21:47:52","modified_gmt":"2016-03-31T19:47:52","slug":"iskolai-menza","status":"publish","type":"post","link":"http:\/\/szigma.szigbp.hu\/?p=460","title":{"rendered":"Iskolai menza"},"content":{"rendered":"<p>Tudom magamr\u00f3l, hogy v\u00e1logat\u00f3s vagyok, de a menza szerintem egy \u00e1tlagember gyomr\u00e1t is pr\u00f3b\u00e1ra teszi. Mikor el\u0151sz\u00f6r megl\u00e1ttam az ajt\u00f3 el\u0151tt \u00e1ll\u00f3 sort azt gondoltam: v\u00e9gre egy hely ahol finom az \u00e9tel.\u00a0 Bevallom ekkora mell\u00e9l\u00f6v\u00e9sem m\u00e9g nem volt.<\/p>\n<p>Sok di\u00e1knak a nagy rohan\u00e1sban nincs ideje reggelente enni, ez\u00e9rt sz\u00fcleik csomagolnak egy kis ennival\u00f3t, hogy ne vesszenek \u00e9hen eb\u00e9dig. Eb\u00e9d. Nekem az eb\u00e9dr\u0151l nem az Edd meg! Leves, \u00e9s nem a Finom f\u0151zel\u00e9k jut eszembe.<\/p>\n<p>Kezdj\u00fck ott, hogy az eb\u00e9dl\u0151 el\u00e9 ki van \u00edrva: Ami szem, sz\u00e1jnak ingere\u2026 R\u00f6gt\u00f6n a h\u00e1nyinger, \u00e9s a rosszul l\u00e9t jutott eszembe, de m\u00e9g nem \u00edt\u00e9lkeztem. M\u00e1sodszor pedig\u2026 Mi\u00e9rt kell mindig parajf\u0151zel\u00e9knek \u00edrni a spen\u00f3tot? Att\u00f3l m\u00e9g nem lesz ehet\u0151bb, hogy m\u00e1s nevet adnak neki, mint amit egy gimnazista \u00e9hesen felfog. Gyere, egy\u00e9l egy kis z\u00f6ld, moszat sz\u00edn\u0171, t\u00e1pl\u00e1l\u00f3 valamit! Na, megl\u00e1tod milyen finom. H\u00e1t\u2026 a spen\u00f3t soha nem volt a kedvencem, de otthon ez m\u00e9gis ehet\u0151bb mert ott ker\u00fcl bele tej \u00e9s fokhagyma is.<\/p>\n<p><a href=\"http:\/\/szigma.szigbp.hu\/wp-content\/uploads\/2015\/03\/menza2.jpg\"><img decoding=\"async\" loading=\"lazy\" class=\"alignnone size-full wp-image-462\" src=\"http:\/\/szigma.szigbp.hu\/wp-content\/uploads\/2015\/03\/menza2.jpg\" alt=\"menza2\" width=\"190\" height=\"186\" \/><\/a><\/p>\n<p>Borzaszt\u00f3! Ugyanilyen probl\u00e9m\u00e1m van a dej\u00f3s t\u00e9szt\u00e1val. A neve, de j\u00f3, az \u00edze, de rossz. De ahogy kin\u00e9z az mag\u00e1ban is sz\u00f6rny\u0171. Ha nem lenne a b\u00fcf\u00e9, tal\u00e1n m\u00e1r r\u00e9g \u00e9hen haltam volna. Az eb\u00e9d\u00e9rt napi 325 Ft.-ot fizetnek sz\u00fcleink. Pont el\u00e9g ahhoz, hogy egy <strong><em>FINOM <\/em><\/strong>eb\u00e9d kikerekedhessen. Ki mondta, hogy minden nap kell valami gy\u00fcm\u00f6lcs? Hetente h\u00e1romszor rendben. De hogy minden nap? \u00c9s a fogszab\u00e1lyz\u00f3 \u00e1ltal korl\u00e1tozott embereknek az ev\u00e9s egyszer\u0171en sz\u00f6rny\u0171 (tapasztalatb\u00f3l mondom). Nincsenek tekintettel r\u00e1nk. A t\u00e9szta ragad, a h\u00fas sz\u00e1lk\u00e1s \u00e9s a m\u00e1k k\u00f6zvesz\u00e9lyes. N\u00e9ha csod\u00e1lkozom, hogy nem nagyobb a sor a mosl\u00e9kosn\u00e1l, mint az \u00e9teloszt\u00e1sn\u00e1l. Csak sajna a b\u00fcf\u00e9ben meg mindent m\u00e9reg dr\u00e1g\u00e1n adnak. Vagy szenvedsz, vagy k\u00f6ltesz. De lehet, hogy csak az \u00e9n finny\u00e1ss\u00e1gom a baj. Az \u00e9n szemsz\u00f6gemb\u0151l a menza \u00edgy n\u00e9z ki. \u00c9s milyen a tietekb\u0151l?<\/p>\n<p>P\u00e1r oszt\u00e1lyt\u00e1rsam is nyilatkozott:<\/p>\n<p><strong>L\u00e9g\u00e1r Lili:<\/strong> \u00a0h\u00e1t&#8230;&#8230;&#8230;&#8230;&#8230;&#8230;&#8230;&#8230;&#8230;&#8230;&#8230;&#8230;&#8230;&#8230;&#8230;&#8230;&#8230;&#8230;&#8230;&#8230;. finoman fogalmazva: lehetne jobb<\/p>\n<p><strong>Juh\u00e1sz Lilian:<\/strong> kicsi adag, rossz min\u0151s\u00e9g, \u00fagymond &#8222;stresszes&#8221; bejut\u00e1s a kaj\u00e1ld\u00e1ba, kev\u00e9s id\u0151. de ha esetleg valami pozit\u00edvot is akarsz, akkor j\u00f3l el lehet besz\u00e9lgetni a t\u00f6bbiekkel kaja k\u00f6zben. Tal\u00e1n ennyit tudn\u00e9k mondani b\u00edztat\u00e1sul J<\/p>\n<p><strong>\u00a0Gergely Dorina:<\/strong>aranyosak a konyh\u00e1s n\u00e9nik\u00a0 :3<\/p>\n<p>&nbsp;<\/p>\n<p>&nbsp;<\/p>\n<p>\u00cdrta: Gyenes L\u00eddia 7\/b<\/p>\n","protected":false},"excerpt":{"rendered":"<div class=\"mh-excerpt\"><p>Tudom magamr\u00f3l, hogy v\u00e1logat\u00f3s vagyok, de a menza szerintem egy \u00e1tlagember gyomr\u00e1t is pr\u00f3b\u00e1ra teszi. Mikor el\u0151sz\u00f6r megl\u00e1ttam az ajt\u00f3 el\u0151tt \u00e1ll\u00f3 sort azt gondoltam: <a class=\"mh-excerpt-more\" href=\"http:\/\/szigma.szigbp.hu\/?p=460\" title=\"Iskolai menza\">[&#8230;]<\/a><\/p>\n<\/div>","protected":false},"author":25,"featured_media":461,"comment_status":"closed","ping_status":"closed","sticky":false,"template":"","format":"standard","meta":[],"categories":[3],"tags":[16,55],"_links":{"self":[{"href":"http:\/\/szigma.szigbp.hu\/index.php?rest_route=\/wp\/v2\/posts\/460"}],"collection":[{"href":"http:\/\/szigma.szigbp.hu\/index.php?rest_route=\/wp\/v2\/posts"}],"about":[{"href":"http:\/\/szigma.szigbp.hu\/index.php?rest_route=\/wp\/v2\/types\/post"}],"author":[{"embeddable":true,"href":"http:\/\/szigma.szigbp.hu\/index.php?rest_route=\/wp\/v2\/users\/25"}],"replies":[{"embeddable":true,"href":"http:\/\/szigma.szigbp.hu\/index.php?rest_route=%2Fwp%2Fv2%2Fcomments&post=460"}],"version-history":[{"count":2,"href":"http:\/\/szigma.szigbp.hu\/index.php?rest_route=\/wp\/v2\/posts\/460\/revisions"}],"predecessor-version":[{"id":510,"href":"http:\/\/szigma.szigbp.hu\/index.php?rest_route=\/wp\/v2\/posts\/460\/revisions\/510"}],"wp:featuredmedia":[{"embeddable":true,"href":"http:\/\/szigma.szigbp.hu\/index.php?rest_route=\/wp\/v2\/media\/461"}],"wp:attachment":[{"href":"http:\/\/szigma.szigbp.hu\/index.php?rest_route=%2Fwp%2Fv2%2Fmedia&parent=460"}],"wp:term":[{"taxonomy":"category","embeddable":true,"href":"http:\/\/szigma.szigbp.hu\/index.php?rest_route=%2Fwp%2Fv2%2Fcategories&post=460"},{"taxonomy":"post_tag","embeddable":true,"href":"http:\/\/szigma.szigbp.hu\/index.php?rest_route=%2Fwp%2Fv2%2Ftags&post=460"}],"curies":[{"name":"wp","href":"https:\/\/api.w.org\/{rel}","templated":true}]}}