{"id":49,"date":"2013-10-29T19:14:08","date_gmt":"2013-10-29T19:14:08","guid":{"rendered":"http:\/\/szig.gimilap.hu\/?p=49"},"modified":"2016-03-31T21:48:29","modified_gmt":"2016-03-31T19:48:29","slug":"az-elso-napom-az-iskolaban","status":"publish","type":"post","link":"http:\/\/szigma.szigbp.hu\/?p=49","title":{"rendered":"Az els\u0151 napom az iskol\u00e1ban"},"content":{"rendered":"<p>Az iskol\u00e1ban f\u00e9l 8-kor kellett megjelenni \u00fcnnepl\u0151ben, t\u00e1sk\u00e1val (mivel valamiben a k\u00f6nyveket is haza kell cipelni). Mi, a 7.b., a Radn\u00f3ti teremben gy\u00fclekezt\u00fcnk, ott v\u00e1rtunk oszt\u00e1lyf\u0151n\u00f6k\u00fcnkre. Mi addig besz\u00e9lgett\u00fcnk, legf\u0151k\u00e9ppen a ny\u00e1rr\u00f3l meg a g\u00f3lyat\u00e1borr\u00f3l. Voltak, akiket m\u00e9g nem nagyon ismert\u00fcnk, \u0151k nem j\u00f6ttek vel\u00fcnk a g\u00f3lyat\u00e1borba, \u00edgy vel\u00fck ismerkedt\u00fcnk legf\u0151k\u00e9ppen. Miut\u00e1n meg\u00e9rkezett Kempl tan\u00e1rn\u0151, lement\u00fcnk az udvarra, ahol megkezd\u0151d\u00f6tt az \u00e9vnyit\u00f3. A Himnusz el\u00e9nekl\u00e9se k\u00f6zben a Szent Istv\u00e1n Zeneiskola zen\u00e9szei k\u00eds\u00e9rt\u00e9k az \u00e9neket. N\u00e9h\u00e1ny fels\u0151bb \u00e9ves szavalt, majd az igazgat\u00f3 \u00far mondott besz\u00e9det. Megnyitotta a 2013\/2014-es tan\u00e9vet.<\/p>\n<p>Az oszt\u00e1lyunknak kellett visszavinni a sz\u00e9keket, amiken a zen\u00e9szek \u00fcltek, mert mint kider\u00fclt, azok a mi sz\u00e9keink. De j\u00f3. Visszacipekedt\u00fcnk a terembe, majd megkezd\u0151dtek az of\u0151\u00f3r\u00e1k. Kiosztott\u00e1k a t\u00e1j\u00e9koztat\u00f3kat, az \u00f3rarendet. Az oszt\u00e1lyban valamennyien meglep\u0151dt\u00fcnk azon, hogy minden \u00f3r\u00e1nk m\u00e1s teremben lesz. S\u0151t, a Radn\u00f3ti teremben (ami elvileg az \u201eoszt\u00e1lyterm\u00fcnk\u201d ) soha nem lesz \u00f3r\u00e1nk. Mell\u00e9kesen mondom (\u00edrom), hogy a mai napig m\u00e9g csak a sz\u00edn\u00e9t sem l\u00e1ttunk a Radn\u00f3ti teremnek! Viszont m\u00e1r viszonylag megszoktuk, hogy t\u00e1sk\u00e1kkal a v\u00e1llunkon ide-oda m\u00e1szk\u00e1lunk le-fel az emeleteken minden \u00f3r\u00e1ban. A 4. oszt\u00e1lyf\u0151n\u00f6ki \u00f3r\u00e1ban j\u00f6tt a tank\u00f6nyvoszt\u00e1s. A fi\u00fak hozt\u00e1k fel mindet. Mindenki megkapta a csomagot, majd j\u00f6hetett az ellen\u0151rz\u00e9s, hogy minden k\u00f6nyv szerepel-e a csomagban. Nem sokkal k\u00e9s\u0151bb valaki megsz\u00f3lalt, hogy hi\u00e1nyzik a matekk\u00f6nyve meg a munkaf\u00fczete. Majd ezt egyre t\u00f6bben megism\u00e9telt\u00e9k. Kider\u00fclt, hogy az eg\u00e9sz oszt\u00e1ly nem kapott matematikak\u00f6nyvet meg munkaf\u00fczetet. (Csak \u00fagy mondom, okt\u00f3ber k\u00f6zepe van, \u00e9s k\u00e9t napja kaptunk matekfelszerel\u00e9st J). Az ingyen tank\u00f6nyvesek mehettek fel a k\u00f6nyvt\u00e1rba lepecs\u00e9telni a k\u00f6nyveket. Mi addig gubbasztottunk a teremben, \u00e9s v\u00e1rtunk. Mikor visszaj\u00f6ttek, megkaptuk az eb\u00e9djegyeket, \u00edgy eb\u00e9delni indultunk. Az eb\u00e9dl\u0151t mindenki most l\u00e1tta el\u0151sz\u00f6r. A fi\u00fak v\u00e9lem\u00e9nye szerint l\u00e1ttak m\u00e1r nagyobbat is. A fi\u00faknak semmi sem j\u00f3.\u00a0 Eb\u00e9d ut\u00e1n hazamehett\u00fcnk, m\u00e1snap pedig megkezd\u0151d\u00f6tt a tan\u00edt\u00e1s.<\/p>\n<p><strong>Czirj\u00e1k Janka Lili<\/strong><\/p>\n","protected":false},"excerpt":{"rendered":"<div class=\"mh-excerpt\"><p>Az iskol\u00e1ban f\u00e9l 8-kor kellett megjelenni \u00fcnnepl\u0151ben, t\u00e1sk\u00e1val (mivel valamiben a k\u00f6nyveket is haza kell cipelni). Mi, a 7.b., a Radn\u00f3ti teremben gy\u00fclekezt\u00fcnk, ott v\u00e1rtunk <a class=\"mh-excerpt-more\" href=\"http:\/\/szigma.szigbp.hu\/?p=49\" title=\"Az els\u0151 napom az iskol\u00e1ban\">[&#8230;]<\/a><\/p>\n<\/div>","protected":false},"author":1,"featured_media":64,"comment_status":"closed","ping_status":"closed","sticky":false,"template":"","format":"standard","meta":[],"categories":[3],"tags":[],"_links":{"self":[{"href":"http:\/\/szigma.szigbp.hu\/index.php?rest_route=\/wp\/v2\/posts\/49"}],"collection":[{"href":"http:\/\/szigma.szigbp.hu\/index.php?rest_route=\/wp\/v2\/posts"}],"about":[{"href":"http:\/\/szigma.szigbp.hu\/index.php?rest_route=\/wp\/v2\/types\/post"}],"author":[{"embeddable":true,"href":"http:\/\/szigma.szigbp.hu\/index.php?rest_route=\/wp\/v2\/users\/1"}],"replies":[{"embeddable":true,"href":"http:\/\/szigma.szigbp.hu\/index.php?rest_route=%2Fwp%2Fv2%2Fcomments&post=49"}],"version-history":[{"count":1,"href":"http:\/\/szigma.szigbp.hu\/index.php?rest_route=\/wp\/v2\/posts\/49\/revisions"}],"predecessor-version":[{"id":1300,"href":"http:\/\/szigma.szigbp.hu\/index.php?rest_route=\/wp\/v2\/posts\/49\/revisions\/1300"}],"wp:featuredmedia":[{"embeddable":true,"href":"http:\/\/szigma.szigbp.hu\/index.php?rest_route=\/wp\/v2\/media\/64"}],"wp:attachment":[{"href":"http:\/\/szigma.szigbp.hu\/index.php?rest_route=%2Fwp%2Fv2%2Fmedia&parent=49"}],"wp:term":[{"taxonomy":"category","embeddable":true,"href":"http:\/\/szigma.szigbp.hu\/index.php?rest_route=%2Fwp%2Fv2%2Fcategories&post=49"},{"taxonomy":"post_tag","embeddable":true,"href":"http:\/\/szigma.szigbp.hu\/index.php?rest_route=%2Fwp%2Fv2%2Ftags&post=49"}],"curies":[{"name":"wp","href":"https:\/\/api.w.org\/{rel}","templated":true}]}}