{"id":53,"date":"2013-11-10T18:12:40","date_gmt":"2013-11-10T17:12:40","guid":{"rendered":"http:\/\/szig.gimilap.hu\/?p=53"},"modified":"2016-05-28T17:46:28","modified_gmt":"2016-05-28T15:46:28","slug":"erdelyben-jartam","status":"publish","type":"post","link":"http:\/\/szigma.szigbp.hu\/?p=53","title":{"rendered":"Erd\u00e9lyben j\u00e1rtam"},"content":{"rendered":"<p>Erd\u00e9lyben a legmegd\u00f6bbent\u0151bb dolog a sz\u00e9ls\u0151s\u00e9gek sokas\u00e1ga \u00e9s extr\u00e9ms\u00e9ge.<\/p>\n<p>Rom\u00e1ni\u00e1ban az aut\u00f3utak val\u00f3j\u00e1ban nem l\u00e9teznek, de ezt a sz\u00e9n\u00e1sszek\u00e9r nem tekinti akad\u00e1lynak. A befogott lovak nyugalmasan \u00fcgetnek, a bakon \u00fcl\u0151 \u00fariember a kez\u00e9t indexnek haszn\u00e1lva vezeti kocsij\u00e1t. A t\u00fcrelmes \u00e9s f\u0151k\u00e9nt a biztons\u00e1got kedvel\u0151 emberek \u2013 tekintve a z\u00e1r\u00f3vonalat \u00e9s a kanyar \u00e9less\u00e9g\u00e9t -, amellett d\u00f6nten\u00e9nek, hogy az el\u0151z\u00e9s m\u00e9g v\u00e1rhat. A BMW-k viszont nem zavartatj\u00e1k magukat \u2013 k\u00f6r\u00fclbel\u00fcl sz\u00e1zh\u00fasz kilom\u00e9teres sebess\u00e9ggel h\u00faznak el, megel\u0151zve a szekeret.<\/p>\n<p>A h\u00e1zak is felett\u00e9bb v\u00e1ltozatosak. A rengeteg, ugyanolyan, feh\u00e9r paraszth\u00e1zak egyhang\u00fas\u00e1g\u00e1t a r\u00e9zb\u0151l \u00e9p\u00fclt cig\u00e1nypalot\u00e1k hivatottak kompenz\u00e1lni. De m\u00edg a h\u00e1zak el\u0151tt a n\u00e9nik, \u00fagy ahogy azt kell, kint \u00fclnek \u00e9s besz\u00e9lgetnek, az \u00e9p\u00edt\u00e9szet eme csod\u00e1i f\u00e9lig k\u00e9sz\u00fcltek csak el, \u00e9s legt\u00f6bbj\u00fck lakatlan.<\/p>\n<p>A v\u00e1rosban minden m\u00e1sodik ember magyar, m\u00e9gis k\u00fczdenek nemzets\u00e9g\u00fck meg\u0151rz\u00e9s\u00e9\u00e9rt. A nevezetesebb \u00e9p\u00fcletek mind magyar emberek \u00e9p\u00edt\u00e9szet\u00e9nek eredm\u00e9nyei. S ezekben az \u00e9p\u00fcletekben m\u00e9gis a magyar emberek gy\u00fclekeznek az\u00e9rt, hogy magyarok maradhassanak.<\/p>\n<p><strong>Harty\u00e1nszky Annam\u00e1ria<\/strong><\/p>\n","protected":false},"excerpt":{"rendered":"<div class=\"mh-excerpt\"><p>Erd\u00e9lyben a legmegd\u00f6bbent\u0151bb dolog a sz\u00e9ls\u0151s\u00e9gek sokas\u00e1ga \u00e9s extr\u00e9ms\u00e9ge. Rom\u00e1ni\u00e1ban az aut\u00f3utak val\u00f3j\u00e1ban nem l\u00e9teznek, de ezt a sz\u00e9n\u00e1sszek\u00e9r nem tekinti akad\u00e1lynak. A befogott lovak <a class=\"mh-excerpt-more\" href=\"http:\/\/szigma.szigbp.hu\/?p=53\" title=\"Erd\u00e9lyben j\u00e1rtam\">[&#8230;]<\/a><\/p>\n<\/div>","protected":false},"author":1,"featured_media":62,"comment_status":"closed","ping_status":"closed","sticky":false,"template":"","format":"standard","meta":[],"categories":[8],"tags":[],"_links":{"self":[{"href":"http:\/\/szigma.szigbp.hu\/index.php?rest_route=\/wp\/v2\/posts\/53"}],"collection":[{"href":"http:\/\/szigma.szigbp.hu\/index.php?rest_route=\/wp\/v2\/posts"}],"about":[{"href":"http:\/\/szigma.szigbp.hu\/index.php?rest_route=\/wp\/v2\/types\/post"}],"author":[{"embeddable":true,"href":"http:\/\/szigma.szigbp.hu\/index.php?rest_route=\/wp\/v2\/users\/1"}],"replies":[{"embeddable":true,"href":"http:\/\/szigma.szigbp.hu\/index.php?rest_route=%2Fwp%2Fv2%2Fcomments&post=53"}],"version-history":[{"count":1,"href":"http:\/\/szigma.szigbp.hu\/index.php?rest_route=\/wp\/v2\/posts\/53\/revisions"}],"predecessor-version":[{"id":1298,"href":"http:\/\/szigma.szigbp.hu\/index.php?rest_route=\/wp\/v2\/posts\/53\/revisions\/1298"}],"wp:featuredmedia":[{"embeddable":true,"href":"http:\/\/szigma.szigbp.hu\/index.php?rest_route=\/wp\/v2\/media\/62"}],"wp:attachment":[{"href":"http:\/\/szigma.szigbp.hu\/index.php?rest_route=%2Fwp%2Fv2%2Fmedia&parent=53"}],"wp:term":[{"taxonomy":"category","embeddable":true,"href":"http:\/\/szigma.szigbp.hu\/index.php?rest_route=%2Fwp%2Fv2%2Fcategories&post=53"},{"taxonomy":"post_tag","embeddable":true,"href":"http:\/\/szigma.szigbp.hu\/index.php?rest_route=%2Fwp%2Fv2%2Ftags&post=53"}],"curies":[{"name":"wp","href":"https:\/\/api.w.org\/{rel}","templated":true}]}}