{"id":571,"date":"2015-10-29T23:20:27","date_gmt":"2015-10-29T22:20:27","guid":{"rendered":"http:\/\/szigma.szigbp.hu\/?p=571"},"modified":"2016-03-31T21:47:23","modified_gmt":"2016-03-31T19:47:23","slug":"eu-ducation","status":"publish","type":"post","link":"http:\/\/szigma.szigbp.hu\/?p=571","title":{"rendered":"EU-ducation"},"content":{"rendered":"<p>Okt\u00f3ber 15.-\u00e9n a 11. \u00e9vfolyam egy r\u00e9sze vend\u00e9g\u00fcl l\u00e1tta Dr. Somogyi Andrea k\u00f6zgazd\u00e1szt, aki bevezetett minket az Eur\u00f3pai Uni\u00f3 \u00e9let\u00e9be, m\u0171k\u00f6d\u00e9s\u00e9be, \u00e9s az Uni\u00f3 \u00e1ltal t\u00e1rgyalt, aktu\u00e1lis t\u00e9m\u00e1kr\u00f3l besz\u00e9lgett\u00fcnk. Nagyon j\u00f3 hangulatban telt a besz\u00e9lget\u00e9s, \u00e9s rengeteg hasznos \u00faj inform\u00e1ci\u00f3ra tett\u00fcnk szert az uni\u00f3val kapcsolatban, ezen bel\u00fcl is kiemelked\u0151 figyelmet kapott a minket legink\u00e1bb \u00e9rint\u0151 \u201efejezet\u201d, az oktat\u00e1s, illetve a nyelvtanul\u00e1s. El\u0151ad\u00f3nk besz\u00e1molt nek\u00fcnk szem\u00e9lyes \u00e9lm\u00e9nyeir\u0151l, tapasztalatair\u00f3l, \u00e9s hasznos tan\u00e1csokkal is ell\u00e1tott minket. \u00cdme, k\u00f6z\u00fcl\u00fck p\u00e1r, nektek:<\/p>\n<ul>\n<li>Ah\u00e1ny nyelvet besz\u00e9lsz, annyi emberr\u00e9 v\u00e1lsz<\/li>\n<li>A ti kezetekben van a j\u00f6v\u0151, \u00e9ljetek vele!<\/li>\n<li>\u00c9ljetek a lehet\u0151s\u00e9geitekkel, utazzatok, p\u00e1ly\u00e1zzatok, \u00f6n\u00e1ll\u00f3sodjatok!<\/li>\n<li>T\u00e1j\u00e9koz\u00f3djatok, legyetek napra k\u00e9szek az Eu-s t\u00e9m\u00e1kban, alkossatok saj\u00e1t v\u00e9lem\u00e9nyt!<\/li>\n<li>J\u00e1rjatok nyitott szemmel!<\/li>\n<\/ul>\n<p>Csin\u00e1ltunk egy gyors felm\u00e9r\u00e9st\/k\u00f6zv\u00e9lem\u00e9ny kutat\u00e1st, amiben arra voltunk k\u00edv\u00e1ncsiak, hogy mi jut nektek eszetekbe el\u0151sz\u00f6r az Eur\u00f3pai Uni\u00f3r\u00f3l, illetve, hogy mi a legf\u0151bb motiv\u00e1ci\u00f3tok, hogy nyelveket tanuljatok. Nagyon soksz\u00edn\u0171 hol r\u00f6videbb, hol szakszer\u0171 v\u00e1laszokat kaptunk. Legt\u00f6bben tiszt\u00e1ban voltatok k\u00f6r\u00fclbel\u00fcl azzal, hogy mi az EU, de eg\u00e9szen biztos vagyok benne, hogy sok hom\u00e1lyos folt van a m\u0171k\u00f6d\u00e9s\u00e9vel, fel\u00e9p\u00edt\u00e9s\u00e9vel kapcsolatban. Ezen szeretn\u00e9nk v\u00e1ltoztatni, hogy amikor el\u00e9rj\u00fck azt a kort, hogy t\u00e9nyleg a mi kez\u00fcnkben lesz a j\u00f6v\u0151, \u00e9s szavazati joggal rendelkez\u0151 polg\u00e1rokk\u00e1 v\u00e1lunk, k\u00e9pben tudjunk lenni az \u00f6sszes minket \u00e9rint\u0151 k\u00e9rd\u00e9ssel. A k\u00f6vetkez\u0151kben, egy v\u00e1zlatos le\u00edr\u00e1st kaphattok az EU fel\u00e9p\u00edt\u00e9s\u00e9r\u0151l, illetve a napirenden l\u00e9v\u0151 t\u00e9m\u00e1kr\u00f3l. Annak \u00e9rdek\u00e9ben, hogy mindig r\u00e9sen tudjatok maradni, aj\u00e1nljuk az oldal rendszeres \u00e1tb\u00f6ng\u00e9sz\u00e9s\u00e9t: <a href=\"http:\/\/www.europarl.europa.eu\/news\/hu\/news-room\/topic\/\"><strong>http:\/\/www.europarl.europa.eu\/news\/hu\/news-room\/topic\/<\/strong><\/a><\/p>\n<p>Az Eur\u00f3pai Uni\u00f3 c\u00e9lja egy er\u0151sebb, egys\u00e9gesebb Eur\u00f3p\u00e1t l\u00e9trehozni, a nagyobb stabilit\u00e1s \u00e9s vil\u00e1ggazdas\u00e1gban bet\u00f6lt\u00f6tt szerep er\u0151s\u00edt\u00e9se \u00e9rdek\u00e9ben. A tag\u00e1llamok soksz\u00edn\u0171s\u00e9g\u00e9re alapozva, egy\u00fctt pr\u00f3b\u00e1lnak megold\u00e1sokat tal\u00e1lni az emberis\u00e9get \u00e9rint\u0151, szinte \u00f6sszes t\u00e9m\u00e1ban.<a href=\"http:\/\/szigma.szigbp.hu\/wp-content\/uploads\/2015\/10\/EU.png\"><img decoding=\"async\" loading=\"lazy\" class=\"aligncenter wp-image-572 size-large\" src=\"http:\/\/szigma.szigbp.hu\/wp-content\/uploads\/2015\/10\/EU-1024x627.png\" alt=\"EU\" width=\"620\" height=\"379\" srcset=\"http:\/\/szigma.szigbp.hu\/wp-content\/uploads\/2015\/10\/EU-1024x627.png 1024w, http:\/\/szigma.szigbp.hu\/wp-content\/uploads\/2015\/10\/EU-300x183.png 300w, http:\/\/szigma.szigbp.hu\/wp-content\/uploads\/2015\/10\/EU.png 1500w\" sizes=\"(max-width: 620px) 100vw, 620px\" \/><\/a><\/p>\n<ul>\n<li>Audiovizu\u00e1lis \u00e9s m\u00e9diapolitika<\/li>\n<li>Bel- \u00e9s igazs\u00e1g\u00fcgy<\/li>\n<li>B\u0151v\u00edt\u00e9s<\/li>\n<li>Csal\u00e1s elleni k\u00fczdelem<\/li>\n<li>Digit\u00e1lis gazdas\u00e1g \u00e9s t\u00e1rsadalom<\/li>\n<li>Eg\u00e9szs\u00e9g\u00fcgy<\/li>\n<li>Egys\u00e9ges piac<\/li>\n<li>\u00c9lelmiszerbiztons\u00e1g<\/li>\n<li>Emberi jogok<\/li>\n<li>Energia\u00fcgy<\/li>\n<li>Fejleszt\u00e9s \u00e9s egy\u00fcttm\u0171k\u00f6d\u00e9s<\/li>\n<li>Foglalkoztat\u00e1si \u00e9s szoci\u00e1lis \u00fcgyek<\/li>\n<li>Fogyaszt\u00f3k<\/li>\n<li>Gazdas\u00e1gi \u00e9s monet\u00e1ris \u00fcgyek<\/li>\n<li>Humanit\u00e1rius seg\u00edts\u00e9gny\u00fajt\u00e1s \u00e9s polg\u00e1ri v\u00e9delem<\/li>\n<li>Int\u00e9zm\u00e9nyi \u00fcgyek<\/li>\n<li>Kereskedelem<\/li>\n<li>K\u00f6lts\u00e9gvet\u00e9s<\/li>\n<li>K\u00f6rnyezetv\u00e9delem<\/li>\n<li>K\u00f6zleked\u00e9s<\/li>\n<li>K\u00fcl- \u00e9s biztons\u00e1gpolitika<\/li>\n<li>Kult\u00fara<\/li>\n<li>Kutat\u00e1s \u00e9s innov\u00e1ci\u00f3<\/li>\n<li>Mez\u0151gazdas\u00e1g<\/li>\n<li><strong>Oktat\u00e1s, k\u00e9pz\u00e9s \u00e9s ifj\u00fas\u00e1g<\/strong><\/li>\n<li>Region\u00e1lis politika<\/li>\n<li>Sport<\/li>\n<li>Tenger\u00fcgy \u00e9s hal\u00e1szat<\/li>\n<li>Tettekkel az \u00e9ghajlatv\u00e1ltoz\u00e1s ellen<\/li>\n<li>T\u00f6bbnyelv\u0171s\u00e9g<\/li>\n<li>Uni\u00f3s polg\u00e1rs\u00e1g<\/li>\n<li>V\u00e1llalkoz\u00e1spolitika<\/li>\n<li>V\u00e1m\u00fcgyek<\/li>\n<li>Versenypolitika<\/li>\n<li>Vil\u00e1g\u0171r<\/li>\n<\/ul>\n<p>&nbsp;<\/p>\n","protected":false},"excerpt":{"rendered":"<div class=\"mh-excerpt\"><p>Okt\u00f3ber 15.-\u00e9n a 11. \u00e9vfolyam egy r\u00e9sze vend\u00e9g\u00fcl l\u00e1tta Dr. Somogyi Andrea k\u00f6zgazd\u00e1szt, aki bevezetett minket az Eur\u00f3pai Uni\u00f3 \u00e9let\u00e9be, m\u0171k\u00f6d\u00e9s\u00e9be, \u00e9s az Uni\u00f3 \u00e1ltal <a class=\"mh-excerpt-more\" href=\"http:\/\/szigma.szigbp.hu\/?p=571\" title=\"EU-ducation\">[&#8230;]<\/a><\/p>\n<\/div>","protected":false},"author":1,"featured_media":578,"comment_status":"closed","ping_status":"closed","sticky":false,"template":"","format":"standard","meta":[],"categories":[3],"tags":[],"_links":{"self":[{"href":"http:\/\/szigma.szigbp.hu\/index.php?rest_route=\/wp\/v2\/posts\/571"}],"collection":[{"href":"http:\/\/szigma.szigbp.hu\/index.php?rest_route=\/wp\/v2\/posts"}],"about":[{"href":"http:\/\/szigma.szigbp.hu\/index.php?rest_route=\/wp\/v2\/types\/post"}],"author":[{"embeddable":true,"href":"http:\/\/szigma.szigbp.hu\/index.php?rest_route=\/wp\/v2\/users\/1"}],"replies":[{"embeddable":true,"href":"http:\/\/szigma.szigbp.hu\/index.php?rest_route=%2Fwp%2Fv2%2Fcomments&post=571"}],"version-history":[{"count":5,"href":"http:\/\/szigma.szigbp.hu\/index.php?rest_route=\/wp\/v2\/posts\/571\/revisions"}],"predecessor-version":[{"id":577,"href":"http:\/\/szigma.szigbp.hu\/index.php?rest_route=\/wp\/v2\/posts\/571\/revisions\/577"}],"wp:featuredmedia":[{"embeddable":true,"href":"http:\/\/szigma.szigbp.hu\/index.php?rest_route=\/wp\/v2\/media\/578"}],"wp:attachment":[{"href":"http:\/\/szigma.szigbp.hu\/index.php?rest_route=%2Fwp%2Fv2%2Fmedia&parent=571"}],"wp:term":[{"taxonomy":"category","embeddable":true,"href":"http:\/\/szigma.szigbp.hu\/index.php?rest_route=%2Fwp%2Fv2%2Fcategories&post=571"},{"taxonomy":"post_tag","embeddable":true,"href":"http:\/\/szigma.szigbp.hu\/index.php?rest_route=%2Fwp%2Fv2%2Ftags&post=571"}],"curies":[{"name":"wp","href":"https:\/\/api.w.org\/{rel}","templated":true}]}}