{"id":58,"date":"2013-11-20T22:46:24","date_gmt":"2013-11-20T22:46:24","guid":{"rendered":"http:\/\/szig.gimilap.hu\/?p=58"},"modified":"2016-03-31T21:48:21","modified_gmt":"2016-03-31T19:48:21","slug":"szureti-mulatsag-a-7-a-sok-asztalanal","status":"publish","type":"post","link":"http:\/\/szigma.szigbp.hu\/?p=58","title":{"rendered":"Sz\u00fcreti mulats\u00e1g a 7. a-sok asztal\u00e1n\u00e1l"},"content":{"rendered":"<p>Okt\u00f3ber 4-\u00e9n, p\u00e9nteken, m\u00e1r h\u00e1rom \u00f3rakor elkezd\u0151d\u00f6tt a sz\u00fcreti mulats\u00e1g.Oszt\u00e1lyonk\u00e9nt elkezdt\u00e9k kipakolni az asztalokat, sz\u00e9keket \u00e9s a s\u00fct\u00e9s-f\u0151z\u00e9shez sz\u00fcks\u00e9ges eszk\u00f6z\u00f6ket. A 7.a-sokn\u00e1l f\u00e9l n\u00e9gykor m\u00e1r jav\u00e1ban sercegett a bogr\u00e1csban a diszn\u00f3zs\u00edr. N\u00e9h\u00e1ny sz\u00fcl\u0151 hozz\u00e1l\u00e1tott a guly\u00e1s elk\u00e9sz\u00edt\u00e9s\u00e9hez. Am\u00edg f\u0151tt az \u00e9tel a di\u00e1kok kos\u00e1rral, focival, besz\u00e9lget\u00e9ssel t\u00f6lt\u00f6tt\u00e9k az id\u0151t, vagy \u00e9ppen ettek egy kicsit az asztalukon b\u0151s\u00e9ggel sorakoz\u00f3 s\u00fctem\u00e9nyekb\u0151l. Voltak, akik k\u00e9s\u0151bb \u00e9rkeztek, vagy egy\u00e1ltal\u00e1n nem tudtak elj\u00f6nni. F\u00e9l hatkor elk\u00e9sz\u00fclt a guly\u00e1s, mire minden \u00e9hes gyerek \u00e9s feln\u0151tt odasereglett a g\u0151z\u00f6lg\u0151 bogr\u00e1cshoz. Az asztaln\u00e1l elfogyasztott\u00e1k a vacsor\u00e1t. Ut\u00e1na hely\u00fck\u00f6n maradva, vagy a\u00a0kellemesen melenget\u0151 t\u0171zn\u00e9l besz\u00e9gettek.\u00a0A j\u00f3 t\u00e1rsas\u00e1gnak \u00e9s\u00a0\u00e9telnek k\u00f6sz\u00f6nhet\u0151en vid\u00e1m volt a hangulat. K\u00e9s\u0151bb m\u00e9g mustot is lehetett k\u00f3stolni. Mindez f\u00e9l nyolcig tartott, majd elpakolt\u00e1k az asztalokat, sz\u00e9keket, s mindenki hazament.<\/p>\n<p>&nbsp;<\/p>\n<p><strong>M\u00e9sz\u00e1ros Bence<\/strong><\/p>\n","protected":false},"excerpt":{"rendered":"<div class=\"mh-excerpt\"><p>Okt\u00f3ber 4-\u00e9n, p\u00e9nteken, m\u00e1r h\u00e1rom \u00f3rakor elkezd\u0151d\u00f6tt a sz\u00fcreti mulats\u00e1g.Oszt\u00e1lyonk\u00e9nt elkezdt\u00e9k kipakolni az asztalokat, sz\u00e9keket \u00e9s a s\u00fct\u00e9s-f\u0151z\u00e9shez sz\u00fcks\u00e9ges eszk\u00f6z\u00f6ket. A 7.a-sokn\u00e1l f\u00e9l n\u00e9gykor m\u00e1r <a class=\"mh-excerpt-more\" href=\"http:\/\/szigma.szigbp.hu\/?p=58\" title=\"Sz\u00fcreti mulats\u00e1g a 7. a-sok asztal\u00e1n\u00e1l\">[&#8230;]<\/a><\/p>\n<\/div>","protected":false},"author":1,"featured_media":0,"comment_status":"closed","ping_status":"closed","sticky":false,"template":"","format":"standard","meta":[],"categories":[3],"tags":[],"_links":{"self":[{"href":"http:\/\/szigma.szigbp.hu\/index.php?rest_route=\/wp\/v2\/posts\/58"}],"collection":[{"href":"http:\/\/szigma.szigbp.hu\/index.php?rest_route=\/wp\/v2\/posts"}],"about":[{"href":"http:\/\/szigma.szigbp.hu\/index.php?rest_route=\/wp\/v2\/types\/post"}],"author":[{"embeddable":true,"href":"http:\/\/szigma.szigbp.hu\/index.php?rest_route=\/wp\/v2\/users\/1"}],"replies":[{"embeddable":true,"href":"http:\/\/szigma.szigbp.hu\/index.php?rest_route=%2Fwp%2Fv2%2Fcomments&post=58"}],"version-history":[{"count":1,"href":"http:\/\/szigma.szigbp.hu\/index.php?rest_route=\/wp\/v2\/posts\/58\/revisions"}],"predecessor-version":[{"id":1297,"href":"http:\/\/szigma.szigbp.hu\/index.php?rest_route=\/wp\/v2\/posts\/58\/revisions\/1297"}],"wp:attachment":[{"href":"http:\/\/szigma.szigbp.hu\/index.php?rest_route=%2Fwp%2Fv2%2Fmedia&parent=58"}],"wp:term":[{"taxonomy":"category","embeddable":true,"href":"http:\/\/szigma.szigbp.hu\/index.php?rest_route=%2Fwp%2Fv2%2Fcategories&post=58"},{"taxonomy":"post_tag","embeddable":true,"href":"http:\/\/szigma.szigbp.hu\/index.php?rest_route=%2Fwp%2Fv2%2Ftags&post=58"}],"curies":[{"name":"wp","href":"https:\/\/api.w.org\/{rel}","templated":true}]}}