{"id":623,"date":"2015-11-13T16:41:43","date_gmt":"2015-11-13T15:41:43","guid":{"rendered":"http:\/\/szigma.szigbp.hu\/?p=623"},"modified":"2016-05-28T17:36:17","modified_gmt":"2016-05-28T15:36:17","slug":"a-hatalom-es-szabadsag","status":"publish","type":"post","link":"http:\/\/szigma.szigbp.hu\/?p=623","title":{"rendered":"A hatalom \u00e9s szabads\u00e1g"},"content":{"rendered":"<p>A polg\u00e1ri demokr\u00e1ci\u00e1ban a v\u00e1laszt\u00f3polg\u00e1rok t\u00f6bbs\u00e9ge \u00e1ltal megv\u00e1lasztott politikusok egy adott id\u0151szakra felhatalmaz\u00e1st kapnak, hogy a hatalmat gyakorolj\u00e1k, d\u00f6nt\u00e9seket hozzanak azon c\u00e9lok megval\u00f3s\u00edt\u00e1s\u00e1nak \u00e9rdek\u00e9ben, amely c\u00e9lok alapj\u00e1n \u0151k nyert\u00e9k el a legt\u00f6bb szavazatot. A v\u00e9lem\u00e9nyem az, hogy a t\u00f6bbs\u00e9gi v\u00e1laszt\u00f3i akarat sem jelentheti azt, hogy a kisebbs\u00e9gben maradtak ig\u00e9nyeit a politika nem veszi figyelembe. Az egyidej\u0171leg t\u00f6bb szempont figyelembev\u00e9tel\u00e9t t\u00e1mogat\u00f3 int\u00e9zm\u00e9nyrendszer seg\u00edt abban, hogy a k\u00fcl\u00f6nb\u00f6z\u0151 v\u00e9lem\u00e9nyek egym\u00e1ssal \u00fctk\u00f6zni tudjanak.<\/p>\n<p>A t\u00e1rsadalom \u00e1ltal ny\u00edltan kifejezett ig\u00e9nyek egy r\u00e9sze a politikai hatalmat gyakorl\u00f3k v\u00e9lem\u00e9ny\u00e9t\u0151l elt\u00e9r. Ha az uralkod\u00f3 politikai er\u0151 ezt a form\u00e1j\u00fa v\u00e9lem\u00e9nynyilv\u00e1n\u00edt\u00e1st korl\u00e1tozz\u00e1k, akkor v\u00e9g\u00fcl a v\u00e1laszt\u00f3polg\u00e1rok szabads\u00e1g\u00e1t fogj\u00e1k lehat\u00e1rolni. Ez\u00e9rt mindent el kell k\u00f6vetni, hogy az aktu\u00e1lis politikai hatalom ne legyen korl\u00e1tlan, \u00e9s kialakuljon \u00e9s m\u0171k\u00f6dj\u00f6n az \u00fagynevezett f\u00e9kek \u00e9s ellenf\u00e9kek rendszere. Ennek hi\u00e1nya azt eredm\u00e9nyezi, hogy a hatalom gyakorl\u00f3ja egyre ink\u00e1bb korl\u00e1tlan uralomra t\u00f6r, ami alapvet\u0151en s\u00e9rti az \u00f6sszes \u00e1llampolg\u00e1r \u00e9rdek\u00e9t.<\/p>\n<p style=\"text-align: right;\">Boti<\/p>\n","protected":false},"excerpt":{"rendered":"<div class=\"mh-excerpt\"><p>A polg\u00e1ri demokr\u00e1ci\u00e1ban a v\u00e1laszt\u00f3polg\u00e1rok t\u00f6bbs\u00e9ge \u00e1ltal megv\u00e1lasztott politikusok egy adott id\u0151szakra felhatalmaz\u00e1st kapnak, hogy a hatalmat gyakorolj\u00e1k, d\u00f6nt\u00e9seket hozzanak azon c\u00e9lok megval\u00f3s\u00edt\u00e1s\u00e1nak \u00e9rdek\u00e9ben, amely <a class=\"mh-excerpt-more\" href=\"http:\/\/szigma.szigbp.hu\/?p=623\" title=\"A hatalom \u00e9s szabads\u00e1g\">[&#8230;]<\/a><\/p>\n<\/div>","protected":false},"author":1,"featured_media":0,"comment_status":"closed","ping_status":"closed","sticky":false,"template":"","format":"standard","meta":[],"categories":[8],"tags":[],"_links":{"self":[{"href":"http:\/\/szigma.szigbp.hu\/index.php?rest_route=\/wp\/v2\/posts\/623"}],"collection":[{"href":"http:\/\/szigma.szigbp.hu\/index.php?rest_route=\/wp\/v2\/posts"}],"about":[{"href":"http:\/\/szigma.szigbp.hu\/index.php?rest_route=\/wp\/v2\/types\/post"}],"author":[{"embeddable":true,"href":"http:\/\/szigma.szigbp.hu\/index.php?rest_route=\/wp\/v2\/users\/1"}],"replies":[{"embeddable":true,"href":"http:\/\/szigma.szigbp.hu\/index.php?rest_route=%2Fwp%2Fv2%2Fcomments&post=623"}],"version-history":[{"count":2,"href":"http:\/\/szigma.szigbp.hu\/index.php?rest_route=\/wp\/v2\/posts\/623\/revisions"}],"predecessor-version":[{"id":629,"href":"http:\/\/szigma.szigbp.hu\/index.php?rest_route=\/wp\/v2\/posts\/623\/revisions\/629"}],"wp:attachment":[{"href":"http:\/\/szigma.szigbp.hu\/index.php?rest_route=%2Fwp%2Fv2%2Fmedia&parent=623"}],"wp:term":[{"taxonomy":"category","embeddable":true,"href":"http:\/\/szigma.szigbp.hu\/index.php?rest_route=%2Fwp%2Fv2%2Fcategories&post=623"},{"taxonomy":"post_tag","embeddable":true,"href":"http:\/\/szigma.szigbp.hu\/index.php?rest_route=%2Fwp%2Fv2%2Ftags&post=623"}],"curies":[{"name":"wp","href":"https:\/\/api.w.org\/{rel}","templated":true}]}}