{"id":651,"date":"2016-01-22T13:14:04","date_gmt":"2016-01-22T12:14:04","guid":{"rendered":"http:\/\/szigma.szigbp.hu\/?p=651"},"modified":"2016-03-31T21:47:23","modified_gmt":"2016-03-31T19:47:23","slug":"szalagavato","status":"publish","type":"post","link":"http:\/\/szigma.szigbp.hu\/?p=651","title":{"rendered":"Szalagavat\u00f3"},"content":{"rendered":"<p style=\"text-align: left\">A 2015-\u00f6s SYMA- ban megrendezett szalagavat\u00f3 nem csak a v\u00e9gz\u0151s\u00f6ket t\u00f6lt\u00f6tte el nagy izgalommal.<\/p>\n<p style=\"text-align: left\">B\u00e1r az igaz: nem akadt olyan oszt\u00e1ly, aki n\u00e1luk t\u00f6bbet k\u00e9sz\u00fclt volna, az ismer\u0151s\u00f6k, csal\u00e1dtagok, \u00e9s a<\/p>\n<p style=\"text-align: left\">t\u00f6bbi oszt\u00e1ly is hasonl\u00f3k\u00e9ppen v\u00e1rta a programokat.<\/p>\n<p style=\"text-align: left\">Keszthelyi Szilvia, a 12. b oszt\u00e1lyb\u00f3l sz\u00edvesen \u00e9s k\u00e9szs\u00e9gesen v\u00e1laszolt a k\u00e9rd\u00e9seimre, \u00edgy az \u0151<\/p>\n<p style=\"text-align: left\">sz\u00e1mol\u00f3j\u00e1t olvashatj\u00e1tok err\u0151l a k\u00e9sz\u00fcl\u0151d\u00e9sr\u0151l, \u00e9s az esem\u00e9nyr\u0151l:<\/p>\n<p style=\"text-align: left\">\n<p style=\"text-align: left\"><strong>Mennyi id\u0151t vettek ig\u00e9nybe a k\u00e9sz\u00fcletek?<\/strong><\/p>\n<p style=\"text-align: left\">Szeptember k\u00f6zep\u00e9n kezdt\u00fck el, hetente 1-1,5 \u00f3r\u00e1t pr\u00f3b\u00e1ltuk az oszt\u00e1lyt\u00e1ncot, amit f\u0151leg a szalagavat\u00f3<\/p>\n<p style=\"text-align: left\">el\u0151tti h\u00e9ten nagyon kev\u00e9snek \u00e9rezt\u00fcnk, \u00e9s att\u00f3l tartottunk, hogy nem tanuljuk meg id\u0151ben. A kering\u0151<\/p>\n<p style=\"text-align: left\">is sokaknak elvett egyp\u00e1r \u00f3r\u00e1t a p\u00e9ntek d\u00e9lut\u00e1nokb\u00f3l.<\/p>\n<p style=\"text-align: left\">\n<p style=\"text-align: left\"><strong>Ki k\u00e9sz\u00edtett fel titeket a t\u00e1ncra?<\/strong><\/p>\n<p style=\"text-align: left\">A t\u00e1nctan\u00e1runk m\u00e1r t\u00f6bb istv\u00e1nos oszt\u00e1lyt\u00e1ncot is betan\u00edtott, \u00edgy esett r\u00e1 a v\u00e1laszt\u00e1s.<\/p>\n<p style=\"text-align: left\">\n<p style=\"text-align: left\"><strong>Hogyan v\u00e1lasztott\u00e1tok ki a zen\u00e9t, \u00e9s a ruh\u00e1t?<\/strong><\/p>\n<p style=\"text-align: left\"><strong><img decoding=\"async\" loading=\"lazy\" class=\"alignnone size-medium wp-image-695\" src=\"http:\/\/szigma.szigbp.hu\/wp-content\/uploads\/2016\/01\/11046778_1078072285566963_4253452579440284785_n-300x300.jpg\" alt=\"11046778_1078072285566963_4253452579440284785_n\" width=\"300\" height=\"300\" srcset=\"http:\/\/szigma.szigbp.hu\/wp-content\/uploads\/2016\/01\/11046778_1078072285566963_4253452579440284785_n-300x300.jpg 300w, http:\/\/szigma.szigbp.hu\/wp-content\/uploads\/2016\/01\/11046778_1078072285566963_4253452579440284785_n-150x150.jpg 150w, http:\/\/szigma.szigbp.hu\/wp-content\/uploads\/2016\/01\/11046778_1078072285566963_4253452579440284785_n.jpg 960w\" sizes=\"(max-width: 300px) 100vw, 300px\" \/><\/strong><\/p>\n<p style=\"text-align: left\">A zen\u00e9t a tan\u00e1runk aj\u00e1nlotta, \u00e9s v\u00e1gta \u00f6ssze, a ruha k\u00e9rd\u00e9se k\u00f6r\u00fcl viszont folyamatos vit\u00e1k alakultak<\/p>\n<p style=\"text-align: left\">ki. A fi\u00fak jelmez\u00e9ben csak apr\u00f3bb k\u00e9rd\u00e9sek mer\u00fcltek fel, de a l\u00e1nyokat gyakran megosztotta a ruha-<\/p>\n<p style=\"text-align: left\">k\u00e9rd\u00e9s. A f\u0171szoknya \u00e9s \u00e1llatmint\u00e1s fels\u0151 \u00f6tlet\u00e9t a tan\u00e1r m\u00e1r az elej\u00e9n felv\u00e1zolta nek\u00fcnk, de a csoport<\/p>\n<p style=\"text-align: left\">fele egy hozz\u00e1ill\u0151, de kev\u00e9sb\u00e9 jellegzetes vir\u00e1gos fels\u0151t t\u00e1mogatott. Mikor a szavaz\u00e1s d\u00f6ntetlennel<\/p>\n<p style=\"text-align: left\">z\u00e1rult, t\u00f6bben \u00e1tp\u00e1rtoltak az \u00e1llatmint\u00e1s alap\u00f6tlethez, hogy elej\u00e9t vegy\u00e9k az ebb\u0151l sz\u00e1rmaz\u00f3 s\u00e9rt\u0151d\u00e9sek<\/p>\n<p style=\"text-align: left\">\u00e9s veszeked\u00e9sek \u00fajabb hull\u00e1m\u00e1nak. A kor\u00e1ntsem b\u00e9k\u00e9s megbesz\u00e9l\u00e9sek a t\u0171z\u0151ruha kiv\u00e1laszt\u00e1s\u00e1n\u00e1l is<\/p>\n<p style=\"text-align: left\">jellemz\u0151ek voltak, s\u0151t ott m\u00e9g nehezebben ment. Tal\u00e1n az egyetlen, amiben mindenki egyet\u00e9rtett,<\/p>\n<p style=\"text-align: left\">hogy egys\u00e9ges ruh\u00e1t szeretn\u00e9nk.<\/p>\n<p style=\"text-align: left\">\n<p style=\"text-align: left\"><strong>Volt esetleg k\u00f6z\u00fcletek egy vezet\u0151\/ szervez\u0151?<\/strong><\/p>\n<p style=\"text-align: left\">Volt, k\u00fcl\u00f6nb\u00f6z\u0151 r\u00e9szekn\u00e9l k\u00fcl\u00f6nb\u00f6z\u0151 emberek \u00e1lltak az oszt\u00e1ly \u00e9l\u00e9re. Amikor a szalagavat\u00f3<\/p>\n<p style=\"text-align: left\">szervez\u00e9se elkezd\u0151d\u00f6tt m\u00e1jusban, minden oszt\u00e1lynak kellett v\u00e1lasztania k\u00e9t embert, akik k\u00e9pviselnek<\/p>\n<p style=\"text-align: left\">minket. \u00c1ltal\u00e1ban arra t\u00f6rekedtek, hogy oszt\u00e1lyszinten min\u00e9l jobban meg tudjuk besz\u00e9lni a k\u00e9rd\u00e9seket<\/p>\n<p style=\"text-align: left\">\u00e9s d\u00f6nteni r\u00f3luk.<\/p>\n<p style=\"text-align: left\">\n<p style=\"text-align: left\"><strong>Mi szerint \u00e1lltak \u00f6ssze a p\u00e1rok?<\/strong><\/p>\n<p style=\"text-align: left\"><strong><img decoding=\"async\" loading=\"lazy\" class=\"alignnone size-medium wp-image-694\" src=\"http:\/\/szigma.szigbp.hu\/wp-content\/uploads\/2016\/01\/11222465_1078072732233585_1040901507593966949_n-300x200.jpg\" alt=\"11222465_1078072732233585_1040901507593966949_n\" width=\"300\" height=\"200\" srcset=\"http:\/\/szigma.szigbp.hu\/wp-content\/uploads\/2016\/01\/11222465_1078072732233585_1040901507593966949_n-300x200.jpg 300w, http:\/\/szigma.szigbp.hu\/wp-content\/uploads\/2016\/01\/11222465_1078072732233585_1040901507593966949_n.jpg 960w\" sizes=\"(max-width: 300px) 100vw, 300px\" \/><\/strong><\/p>\n<p style=\"text-align: left\">D\u00f6nt\u0151 r\u00e9szben a fi\u00fak k\u00e9rt\u00e9k fel a l\u00e1nyokat, de volt, hogy ford\u00edtva. Ez egy j\u00f3 alkalom volt arra, hogy<\/p>\n<p style=\"text-align: left\">t\u00e1ncolhassunk a legjobb bar\u00e1tunkkal\/ bar\u00e1tn\u0151nkkel.<\/p>\n<p style=\"text-align: left\">\n<p style=\"text-align: left\"><strong>Milyen \u00e9rz\u00e9s volt k\u00e9sz\u00fclni a szalagavat\u00f3ra?<\/strong><\/p>\n<p style=\"text-align: left\">Az elej\u00e9n j\u00f3 volt az \u00fajdons\u00e1g hat\u00e1sa miatt. A k\u00f6zep\u00e9n t\u00f6bbsz\u00f6r neh\u00e9zz\u00e9, f\u00e1raszt\u00f3v\u00e1, vagy unalmass\u00e1<\/p>\n<p style=\"text-align: left\">v\u00e1lt, de a v\u00e9g\u00e9n feler\u0151s\u00f6d\u00f6tt az izgatotts\u00e1g \u00e9s a j\u00f3 hangulat.<\/p>\n<p style=\"text-align: left\">Az oszt\u00e1lyt\u00e1nc el\u0151tt &#8211; ahogy azt k\u00e9s\u0151bb a n\u00e9z\u0151kt\u0151l hallottam- tartottunk egy kis hat\u00e1ssz\u00fcnetet. Ennek<\/p>\n<p style=\"text-align: left\">az volt az oka, hogy a folyos\u00f3n v\u00e1rakozva nem hallottuk, hogy mikor kell bemenn\u00fcnk, majd az utols\u00f3<\/p>\n<p style=\"text-align: left\">pillanatokban a t\u00f6rzsf\u0151n\u00f6k\u00fcnket is elvesztett\u00fck, de miut\u00e1n m\u00e1r mindenki meglett \u00e9s<\/p>\n<p style=\"text-align: left\">megbizonyosodtunk r\u00f3la, hogy v\u00e1rnak minket, onnant\u00f3l, sim\u00e1n ment minden.<\/p>\n<p style=\"text-align: left\">\n<p style=\"text-align: left\"><strong>Mennyire volt zs\u00fafolt a programotok?<\/strong><\/p>\n<p style=\"text-align: left\">Ez nagyon v\u00e1ltoz\u00f3. Kor\u00e1n voltak a pr\u00f3b\u00e1ink, \u00edgy el\u0151tte, ut\u00e1na mindenre volt id\u0151, k\u00e9nyelmesen fel<\/p>\n<p style=\"text-align: left\">tudtunk sorakozni a bevonul\u00e1shoz, de az oszt\u00e1lyt\u00e1ncra t\u00fal r\u00f6vid id\u0151nk volt \u00e1t\u00f6lt\u00f6zni, pedig az egyik<\/p>\n<p style=\"text-align: left\">oszt\u00e1ly el\u0151tt\u00fcnk szerepelt. M\u00e9g \u00edgy is sietn\u00fcnk kellett, az \u00e1llatmint\u00e1s anyag \u00e9s a f\u0171szoknya felk\u00f6t\u00e9se<\/p>\n<p style=\"text-align: left\">sok id\u0151t vett ig\u00e9nybe.<\/p>\n<p style=\"text-align: left\">A kering\u0151ruha felv\u00e9tele m\u00e9g lassabban ment, de arra maradt el\u00e9g id\u0151t.<\/p>\n<p style=\"text-align: left\">\n<p style=\"text-align: left\"><strong>Hogy \u00e9rezted magad?<\/strong><\/p>\n<p style=\"text-align: left\">A k\u00e9sz\u00fcl\u0151d\u00e9s, a ruh\u00e1k felv\u00e9tele, amikkel kor\u00e1bban olyan sok gond volt, az most nagyon j\u00f3 hangulat\u00fa<\/p>\n<p style=\"text-align: left\">\u00e9s a t\u00f6bbiekkel t\u00e1ncol\u00e1s is j\u00f3\u00e9rz\u00e9sk\u00e9nt maradt meg, de a legfelejthetetlenebb r\u00e9sze csak ezek ut\u00e1n<\/p>\n<p style=\"text-align: left\">k\u00f6vetkezett, nagyon j\u00f3 volt besz\u00e9lgetni \u00f6regdi\u00e1kokkal, tan\u00e1rokkal, k\u00fcl\u00f6n\u00f6sen azokkal, akik m\u00e1r<\/p>\n<p style=\"text-align: left\">m\u00e1shol tan\u00edtanak, a szalagavat\u00f3 alkalom volt arra, hogy \u00fajra tal\u00e1lkozzam vel\u00fck.<\/p>\n<p style=\"text-align: left\">A t\u00f6bbiek is nagyon \u00e9lvezt\u00e9k, nekik a t\u00e1nc r\u00e9sze hangs\u00falyosabb, meghat\u00e1roz\u00f3bb volt. Abban biztos<\/p>\n<p style=\"text-align: left\">vagyok, hogy az oszt\u00e1lyt\u00e1nc alatt mindenki nagyon j\u00f3l \u00e9rezte mag\u00e1t, \u00edgy sokkal jobban is ment, mint a<\/p>\n<p style=\"text-align: left\">pr\u00f3b\u00e1kon.<\/p>\n<p style=\"text-align: left\">\n<p style=\"text-align: left\"><strong>Milyenek voltak a visszajelz\u00e9sek?<\/strong><\/p>\n<p style=\"text-align: left\">Sok dics\u00e9retet kaptunk a ruh\u00e1nkra is, \u00e9s a t\u00e1ncra is.<\/p>\n<p style=\"text-align: left\">\n<p style=\"text-align: left\"><strong>Hogy tetszett a t\u00f6bbi oszt\u00e1ly t\u00e1nca?<\/strong><\/p>\n<p style=\"text-align: left\">Ott csak r\u00e9szleteket l\u00e1ttam, de a szalagavat\u00f3t megel\u0151z\u0151 napokban, m\u00e1r t\u00f6bbsz\u00f6r is megn\u00e9zt\u00fck egym\u00e1st<\/p>\n<p style=\"text-align: left\">a pr\u00f3b\u00e1kon. \u00c9lesben nekik is sokkal jobban ment.<\/p>\n<p style=\"text-align: left\">Mindegyikben voltak j\u00f3 mozdulatok, vagy kreat\u00edv \u00f6tletek, p\u00e9ld\u00e1ul sok oszt\u00e1ly bevonta az<\/p>\n<p style=\"text-align: left\">oszt\u00e1lyf\u0151n\u00f6k\u00e9t is a t\u00e1ncba.<\/p>\n<p style=\"text-align: left\"><a href=\"http:\/\/szigma.szigbp.hu\/wp-content\/uploads\/2016\/01\/12249917_1078072892233569_3377148403811894589_n.jpg\"><img decoding=\"async\" loading=\"lazy\" class=\"alignnone size-medium wp-image-693\" src=\"http:\/\/szigma.szigbp.hu\/wp-content\/uploads\/2016\/01\/12249917_1078072892233569_3377148403811894589_n-300x200.jpg\" alt=\"12249917_1078072892233569_3377148403811894589_n\" width=\"300\" height=\"200\" srcset=\"http:\/\/szigma.szigbp.hu\/wp-content\/uploads\/2016\/01\/12249917_1078072892233569_3377148403811894589_n-300x200.jpg 300w, http:\/\/szigma.szigbp.hu\/wp-content\/uploads\/2016\/01\/12249917_1078072892233569_3377148403811894589_n.jpg 960w\" sizes=\"(max-width: 300px) 100vw, 300px\" \/><\/a><\/p>\n<p style=\"text-align: left\">Persze a k\u00e9rd\u00e9sek \u00e1radata el\u0151l, Kov\u00e1cs P\u00e9ter tan\u00e1r \u00far, a b-sek oszt\u00e1lyf\u0151n\u00f6ke sem menek\u00fclt:<\/p>\n<p style=\"text-align: left\">\n<p style=\"text-align: left\"><strong>Milyen \u00e9rz\u00e9s volt oszt\u00e1lyf\u0151n\u00f6kk\u00e9nt r\u00e9szt venni a szalagavat\u00f3n?<\/strong><\/p>\n<p style=\"text-align: left\">Furcsa, \u00e9s meglep\u0151en m\u00e9ly \u00e9rz\u00e9s volt. Egy\u00e9rtelm\u0171en pozit\u00edvk\u00e9nt maradt meg, de nem is csup\u00e1n a<\/p>\n<p style=\"text-align: left\">szalagavat\u00f3. Ez az esem\u00e9ny nemcsak a n\u00e9gy \u00f3r\u00e1s sz\u00ednes-szagos programb\u00f3l, hanem egy\u00e9b, fontoss\u00e1<\/p>\n<p style=\"text-align: left\">v\u00e1l\u00f3\u00a0r\u00e9szekb\u0151l is \u00e1llt. Volt k\u00e9sz\u00fclet az oszt\u00e1llyal, pr\u00f3b\u00e1k, szervez\u00e9si feladatok, fesz\u00fclts\u00e9gek \u00e9s k\u00f6z\u00f6s,<\/p>\n<p style=\"text-align: left\">bels\u0151 felk\u00e9sz\u00fcl\u00e9s.<\/p>\n<p style=\"text-align: left\">Maga az este egy jelk\u00e9p is volt, hogy az oszt\u00e1lyok visszatekintenek, megmutatj\u00e1k magukat, hogy hova<\/p>\n<p style=\"text-align: left\">jutottak, \u00e9s az sem utols\u00f3, hogy j\u00f3l \u00e9rzik magukat.<\/p>\n<p style=\"text-align: left\">\n<p style=\"text-align: left\"><strong>\u00d6n is t\u00e1ncolt?<\/strong><\/p>\n<p style=\"text-align: left\">Igen, m\u00e1r ha az \u00e9n mozg\u00e1somat t\u00e1ncnak lehet nevezni (mosolyog).<\/p>\n<p style=\"text-align: left\">Helyesebb lenne tal\u00e1n, ha \u00fagy mondan\u00e1m: \u00e9n is r\u00e9szt vettem az oszt\u00e1lyom el\u0151ad\u00e1s\u00e1ban\u2026<\/p>\n<p style=\"text-align: left\">\n<p style=\"text-align: left\"><strong>Milyenek voltak a visszajelz\u00e9sek?<\/strong><\/p>\n<p style=\"text-align: left\">Nagyon sokan j\u00f6ttek oda hozz\u00e1m gratul\u00e1lni, megdics\u00e9rni az oszt\u00e1lyt\u00e1ncunkat, amit boldogan<\/p>\n<p style=\"text-align: left\">tov\u00e1bb\u00edtottam az oszt\u00e1lyomnak, hisz ez nekik sz\u00f3l, de ahogy v\u00e9gign\u00e9ztem a t\u00f6bbi oszt\u00e1ly el\u0151ad\u00e1s\u00e1t,<\/p>\n<p style=\"text-align: left\">meg\u00e1llap\u00edtottam, hogy egyik jobb, mint a m\u00e1sik! Mindegyikben volt valami egy\u00e9ni, ami arra a<\/p>\n<p style=\"text-align: left\">t\u00e1rsas\u00e1gra jellemz\u0151, \u00e9s ez kicsit szem\u00e9lyesebb\u00e9 tette.<\/p>\n<p style=\"text-align: left\">\n<p style=\"text-align: left\"><strong>\u00d6n szerint milyen az oszt\u00e1lya, illetve mennyit v\u00e1ltozott?<\/strong><\/p>\n<p style=\"text-align: left\">Ugye ez az els\u0151 oszt\u00e1lyom, \u00e9s azt hiszem nagyon meghat\u00e1roz\u00f3ak sz\u00e1momra. Mindig\u00a0eml\u00e9kezni fogok<\/p>\n<p style=\"text-align: left\">r\u00e1juk, \u00e9s nagyon \u00f6r\u00fcl\u00f6k, hogy \u00f6sszeker\u00fclhettem vel\u00fck. Rendk\u00edv\u00fcl sz\u00ednes kis t\u00e1rsas\u00e1g.<\/p>\n<p style=\"text-align: left\">Az els\u0151 k\u00f6z\u00f6s \u00e9v \u00f3ta sokat v\u00e1ltoztak, form\u00e1l\u00f3dtak, egy\u00e9nileg \u00e9s k\u00f6z\u00f6ss\u00e9gileg is.<\/p>\n<p style=\"text-align: left\">Az oszt\u00e1lyf\u0151n\u00f6ki szerep pedig neh\u00e9z, de mindenk\u00e9ppen sz\u00e9p. Sok-sok kih\u00edv\u00e1st jelent\u0151 feladatot rejt<\/p>\n<p style=\"text-align: left\">mag\u00e1ban,\u2013 olyan, mint egy j\u00f3l \u00f6ssze\u00e1ll\u00edtott matekdolgozat\u2026<\/p>\n<p style=\"text-align: left\"><img decoding=\"async\" loading=\"lazy\" class=\"alignnone size-medium wp-image-692\" src=\"http:\/\/szigma.szigbp.hu\/wp-content\/uploads\/2016\/01\/12249921_1078070648900460_1755241291477457334_n-300x200.jpg\" alt=\"12249921_1078070648900460_1755241291477457334_n\" width=\"300\" height=\"200\" srcset=\"http:\/\/szigma.szigbp.hu\/wp-content\/uploads\/2016\/01\/12249921_1078070648900460_1755241291477457334_n-300x200.jpg 300w, http:\/\/szigma.szigbp.hu\/wp-content\/uploads\/2016\/01\/12249921_1078070648900460_1755241291477457334_n.jpg 960w\" sizes=\"(max-width: 300px) 100vw, 300px\" \/><\/p>\n<p style=\"text-align: left\">A riportot k\u00e9sz\u00edtette: Gy\u00f6ngy\u00f6si S\u00e1ra<\/p>\n","protected":false},"excerpt":{"rendered":"<div class=\"mh-excerpt\"><p>A 2015-\u00f6s SYMA- ban megrendezett szalagavat\u00f3 nem csak a v\u00e9gz\u0151s\u00f6ket t\u00f6lt\u00f6tte el nagy izgalommal. B\u00e1r az igaz: nem akadt olyan oszt\u00e1ly, aki n\u00e1luk t\u00f6bbet k\u00e9sz\u00fclt <a class=\"mh-excerpt-more\" href=\"http:\/\/szigma.szigbp.hu\/?p=651\" title=\"Szalagavat\u00f3\">[&#8230;]<\/a><\/p>\n<\/div>","protected":false},"author":25,"featured_media":691,"comment_status":"closed","ping_status":"closed","sticky":false,"template":"","format":"standard","meta":[],"categories":[6,3],"tags":[],"_links":{"self":[{"href":"http:\/\/szigma.szigbp.hu\/index.php?rest_route=\/wp\/v2\/posts\/651"}],"collection":[{"href":"http:\/\/szigma.szigbp.hu\/index.php?rest_route=\/wp\/v2\/posts"}],"about":[{"href":"http:\/\/szigma.szigbp.hu\/index.php?rest_route=\/wp\/v2\/types\/post"}],"author":[{"embeddable":true,"href":"http:\/\/szigma.szigbp.hu\/index.php?rest_route=\/wp\/v2\/users\/25"}],"replies":[{"embeddable":true,"href":"http:\/\/szigma.szigbp.hu\/index.php?rest_route=%2Fwp%2Fv2%2Fcomments&post=651"}],"version-history":[{"count":4,"href":"http:\/\/szigma.szigbp.hu\/index.php?rest_route=\/wp\/v2\/posts\/651\/revisions"}],"predecessor-version":[{"id":698,"href":"http:\/\/szigma.szigbp.hu\/index.php?rest_route=\/wp\/v2\/posts\/651\/revisions\/698"}],"wp:featuredmedia":[{"embeddable":true,"href":"http:\/\/szigma.szigbp.hu\/index.php?rest_route=\/wp\/v2\/media\/691"}],"wp:attachment":[{"href":"http:\/\/szigma.szigbp.hu\/index.php?rest_route=%2Fwp%2Fv2%2Fmedia&parent=651"}],"wp:term":[{"taxonomy":"category","embeddable":true,"href":"http:\/\/szigma.szigbp.hu\/index.php?rest_route=%2Fwp%2Fv2%2Fcategories&post=651"},{"taxonomy":"post_tag","embeddable":true,"href":"http:\/\/szigma.szigbp.hu\/index.php?rest_route=%2Fwp%2Fv2%2Ftags&post=651"}],"curies":[{"name":"wp","href":"https:\/\/api.w.org\/{rel}","templated":true}]}}