{"id":653,"date":"2016-01-22T13:21:38","date_gmt":"2016-01-22T12:21:38","guid":{"rendered":"http:\/\/szigma.szigbp.hu\/?p=653"},"modified":"2016-03-31T21:47:12","modified_gmt":"2016-03-31T19:47:12","slug":"kerekerdo-cukraszda","status":"publish","type":"post","link":"http:\/\/szigma.szigbp.hu\/?p=653","title":{"rendered":"Kerekerd\u0151 Cukr\u00e1szda"},"content":{"rendered":"<p style=\"text-align: left\"><strong>\u00a0Kerekerd\u0151 Cukr\u00e1szda &#8211; A tulajdonost\u00f3l szem\u00e9lyesen<\/strong><\/p>\n<p>H\u00e9tv\u00e9g\u00e9n ell\u00e1togattam kedvenc zugl\u00f3i cukr\u00e1szd\u00e1mba, de nem az volt a c\u00e9lom, hogy k\u00fcl\u00f6nf\u00e9le finoms\u00e1gokat k\u00f3stolgassak.<br \/>\nK\u00e9sz\u00edtettem egy interj\u00fat a tulajdonossal, Kov\u00e1cs Ern\u0151vel &#8211; aki mellesleg dupl\u00e1n Istv\u00e1nos apuka, ugyanis k\u00e9t gyerek j\u00e1r hozz\u00e1nk-, hogy ti is megismerhess\u00e9tek mind a cukr\u00e1szd\u00e1t, s mind a szem\u00e9lyt, akinek k\u00f6sz\u00f6nhet\u0151en ez l\u00e9tezik.<\/p>\n<p><strong>J\u00f3 napot k\u00edv\u00e1nok! Tegez\u0151dhet\u00fcnk?<\/strong><\/p>\n<p>Term\u00e9szetesen!<\/p>\n<p><strong>Mi\u00e9rt pont a cukr\u00e1szda mellett d\u00f6nt\u00f6tt\u00e9l?<\/strong><\/p>\n<p>Igaz\u00e1b\u00f3l ez egy r\u00e9gi \u00e1lmomnak a beteljes\u00fcl\u00e9se, amit nagyon \u00e9lvezek.<\/p>\n<p><strong>Hogyan kezdted el? Neh\u00e9z volt? Esetleg kapt\u00e1l seg\u00edts\u00e9get?<\/strong><\/p>\n<p>Term\u00e9szetesen kaptam seg\u00edts\u00e9get, hiszen minden kezdet neh\u00e9z. El\u0151tte nem ezzel foglalkoztam, \u00fagyhogy teljesen \u00faj ter\u00fcletet tapasztaltam meg ezzel az \u00fczlettel.<br \/>\nInnen nem messze van a Zugl\u00f3i Kerekerd\u0151 J\u00e1tsz\u00f3h\u00e1z\u00a0 a Telepes utc\u00e1ban, amely szint\u00e9n\u00a0 a mi\u00e9nk a feles\u00e9gemmel egy\u00fctt. A j\u00e1tsz\u00f3h\u00e1z volt meg el\u0151bb, az m\u00e1r h\u00e9t \u00e9ve \u00fczemel \u00e9s l\u00e9nyeg\u00e9ben neki k\u00f6sz\u00f6nhet\u0151en l\u00e9tezik a cukr\u00e1szda.<\/p>\n<p><strong>Honnan ered a Kerekerd\u0151 n\u00e9v? Volt valami konkr\u00e9t c\u00e9l el\u0151ttetek, amikor ezt v\u00e1lasztott\u00e1tok?<\/strong><\/p>\n<p>A n\u00e9v az\u00e9rt azonos, hogy az emberek \u00f6ssze tudj\u00e1k kapcsolni a k\u00e9t helyet. A n\u00e9v maga a j\u00e1tsz\u00f3h\u00e1zhoz k\u00f6t\u0151dik, amit a feles\u00e9gem tal\u00e1lt ki. \u00dagy gondolom, hogy igaz\u00e1n j\u00f3 h\u00edv\u00f3 sz\u00f3, tekintve, hogy n\u00e1lunk els\u0151sorban\u00a0 a gyerekes csal\u00e1dok \u00a0a c\u00e9lcsoport.<\/p>\n<p><strong>Te melyiket v\u00e1lasztan\u00e1d: A fagyit vagy a s\u00fctit? Illetve melyik fogy jobban itt, az \u00fczletben, vagy ak\u00e1r otthon, n\u00e1latok?<\/strong><\/p>\n<p>Mi szeretj\u00fck a fagyit, ez\u00e9rt j\u00f3t is \u00e1rulunk, de \u00fagy gondolom, hogy mind a kett\u0151nek megvan a maga var\u00e1zsa. Szerencs\u00e9re a s\u00fctem\u00e9nyek ny\u00e1ron a fagylalt mellett\u00a0 is fogynak.<\/p>\n<p><strong>\u00dagy tudom, hogy te Istv\u00e1nos apuka vagy.<\/strong><\/p>\n<p>Val\u00f3ban, van egy t\u00edzedikes \u00e9s egy tizenkettedikes fiam. Illetve ide a k\u00f6zelben l\u00e9v\u0151 Haj\u00f3s Alfr\u00e9d \u00c1ltal\u00e1nos Iskol\u00e1ba j\u00e1r m\u00e9g a legkisebb gyermek, aki m\u00e1sodikos.<\/p>\n<p><strong>Milyen tapasztalataid vannak az Istv\u00e1nr\u00f3l apukak\u00e9nt?<\/strong><\/p>\n<p>Igaz\u00e1n j\u00f3 alapot ad az iskola, mi meg vagyunk el\u00e9gedve az oktat\u00e1s sz\u00ednvonal\u00e1val.<\/p>\n<p><strong>Mennyire volt a vas\u00e1rnapi z\u00e1rva tart\u00e1s befoly\u00e1ssal az \u00fczletre?<\/strong><\/p>\n<p>Konkr\u00e9t sz\u00e1mokat nem tudok mondani, de az \u00e9rz\u00e9s az az, hogy nek\u00fcnk ez egy kedvez\u0151 piaci r\u00e9s, mert mi akkor is nyitva vagyunk, illetve akik elfelejtettek volna kenyeret, vagy egy\u00e9b p\u00e9k\u00e1rukat beszerezni, n\u00e1lunk v\u00e1s\u00e1rolhatnak. Nem ez a f\u0151 profil, ez csup\u00e1n egy kis kedvesked\u00e9s.<\/p>\n<p><strong>Hogy tapasztalod: a Honlap hasznos a cukr\u00e1szda sz\u00e1m\u00e1ra?<\/strong><\/p>\n<p>N\u00e1lunk az online fel\u00fclet a cukr\u00e1szda fejlesztend\u0151 ter\u00fclet.<\/p>\n<p><strong>Kaphatunk-e a k\u00fcl\u00f6nf\u00e9le \u00e9telallergi\u00e1kkal szenved\u0151 emberek sz\u00e1m\u00e1ra s\u00fctem\u00e9nyeket, fagylaltokat?<\/strong><\/p>\n<p>Gondoltunk a mai korban egyre t\u00f6bb embert \u00e9rint\u0151 probl\u00e9m\u00e1kra, ez\u00e9rt paleo term\u00e9keket is \u00e1rulunk, amikr\u0151l azt kell tudni, hogy nem tartalmaznak se lisztet, se cukrot, se tejet. \u00cdgy egyben ki tudjuk szolg\u00e1lni a cukorbetegeket, lakt\u00f3z \u00e9rz\u00e9kenyeket.<br \/>\nA gy\u00fcm\u00f6lcsfagylaltok pedig vizes alap\u00faak, ami a tejet nem kedvel\u0151knek kedvez, illetve kett\u0151 fajta mindig cukormentes.<\/p>\n<p><strong>K\u00f6sz\u00f6n\u00f6m sz\u00e9pen!<img decoding=\"async\" loading=\"lazy\" class=\"size-medium wp-image-655 alignright\" src=\"http:\/\/szigma.szigbp.hu\/wp-content\/uploads\/2016\/01\/WP_20151115_15_19_07_Pro-300x263.jpg\" alt=\"\u00datvonal\" width=\"300\" height=\"263\" srcset=\"http:\/\/szigma.szigbp.hu\/wp-content\/uploads\/2016\/01\/WP_20151115_15_19_07_Pro-300x263.jpg 300w, http:\/\/szigma.szigbp.hu\/wp-content\/uploads\/2016\/01\/WP_20151115_15_19_07_Pro-1024x898.jpg 1024w, http:\/\/szigma.szigbp.hu\/wp-content\/uploads\/2016\/01\/WP_20151115_15_19_07_Pro.jpg 1644w\" sizes=\"(max-width: 300px) 100vw, 300px\" \/><\/strong><\/p>\n<p>Szint\u00e9n!<\/p>\n<p>&nbsp;<\/p>\n<p>Megk\u00f6zel\u00edt\u00e9s:<\/p>\n<p>C\u00edm: 1147 Budapest \u00d6v u. 177\/a<\/p>\n<p>Kiindul\u00f3pont: Szent Istv\u00e1n Gimn\u00e1zium.<br \/>\nAz iskol\u00e1b\u00f3l kil\u00e9pve jobbra fordulunk. Kis\u00e9t\u00e1lunk a 74-es troli Zichy G\u00e9za meg\u00e1ll\u00f3j\u00e1hoz, majd elmegy\u00fcnk vele eg\u00e9szen a Cs\u00e1ktornya parkig, a v\u00e9g\u00e1llom\u00e1sig. Onnan egy kis s\u00e9ta az \u00d6v utc\u00e1n. Keresztezz\u00fck az Erzs\u00e9bet kir\u00e1lyn\u00e9 \u00fatj\u00e1t, de nem kanyarodunk r\u00e1. Egyenesen haladunk tov\u00e1bb. A baloldalon hamarosan megl\u00e1tjuk a cukr\u00e1szd\u00e1t.<\/p>\n<p>El\u00e9rhet\u0151s\u00e9g:<\/p>\n<p>Tel.: 06-1-793-3074,\u00a006-203-644-097<br \/>\nE-mail:\u00a0<a href=\"mailto:info@kerekerdocukraszda.hu\">info@kerekerdocukraszda.hu<\/a><br \/>\nweb:\u00a0<a href=\"http:\/\/www.kerekerdocukraszda.hu\/\">www.kerekerdocukraszda.hu<\/a><\/p>\n<p>K\u00e9sz\u00edtette: Gy\u00f6ngy\u00f6si S\u00e1ra<\/p>\n<p>&nbsp;<\/p>\n","protected":false},"excerpt":{"rendered":"<div class=\"mh-excerpt\"><p>\u00a0Kerekerd\u0151 Cukr\u00e1szda &#8211; A tulajdonost\u00f3l szem\u00e9lyesen H\u00e9tv\u00e9g\u00e9n ell\u00e1togattam kedvenc zugl\u00f3i cukr\u00e1szd\u00e1mba, de nem az volt a c\u00e9lom, hogy k\u00fcl\u00f6nf\u00e9le finoms\u00e1gokat k\u00f3stolgassak. K\u00e9sz\u00edtettem egy interj\u00fat a <a class=\"mh-excerpt-more\" href=\"http:\/\/szigma.szigbp.hu\/?p=653\" title=\"Kerekerd\u0151 Cukr\u00e1szda\">[&#8230;]<\/a><\/p>\n<\/div>","protected":false},"author":25,"featured_media":656,"comment_status":"closed","ping_status":"closed","sticky":false,"template":"","format":"standard","meta":[],"categories":[6],"tags":[],"_links":{"self":[{"href":"http:\/\/szigma.szigbp.hu\/index.php?rest_route=\/wp\/v2\/posts\/653"}],"collection":[{"href":"http:\/\/szigma.szigbp.hu\/index.php?rest_route=\/wp\/v2\/posts"}],"about":[{"href":"http:\/\/szigma.szigbp.hu\/index.php?rest_route=\/wp\/v2\/types\/post"}],"author":[{"embeddable":true,"href":"http:\/\/szigma.szigbp.hu\/index.php?rest_route=\/wp\/v2\/users\/25"}],"replies":[{"embeddable":true,"href":"http:\/\/szigma.szigbp.hu\/index.php?rest_route=%2Fwp%2Fv2%2Fcomments&post=653"}],"version-history":[{"count":2,"href":"http:\/\/szigma.szigbp.hu\/index.php?rest_route=\/wp\/v2\/posts\/653\/revisions"}],"predecessor-version":[{"id":657,"href":"http:\/\/szigma.szigbp.hu\/index.php?rest_route=\/wp\/v2\/posts\/653\/revisions\/657"}],"wp:featuredmedia":[{"embeddable":true,"href":"http:\/\/szigma.szigbp.hu\/index.php?rest_route=\/wp\/v2\/media\/656"}],"wp:attachment":[{"href":"http:\/\/szigma.szigbp.hu\/index.php?rest_route=%2Fwp%2Fv2%2Fmedia&parent=653"}],"wp:term":[{"taxonomy":"category","embeddable":true,"href":"http:\/\/szigma.szigbp.hu\/index.php?rest_route=%2Fwp%2Fv2%2Fcategories&post=653"},{"taxonomy":"post_tag","embeddable":true,"href":"http:\/\/szigma.szigbp.hu\/index.php?rest_route=%2Fwp%2Fv2%2Ftags&post=653"}],"curies":[{"name":"wp","href":"https:\/\/api.w.org\/{rel}","templated":true}]}}