{"id":742,"date":"2016-02-01T17:17:13","date_gmt":"2016-02-01T16:17:13","guid":{"rendered":"http:\/\/szigma.szigbp.hu\/?p=742"},"modified":"2017-10-06T15:33:38","modified_gmt":"2017-10-06T13:33:38","slug":"evfordulo-02-01","status":"publish","type":"post","link":"http:\/\/szigma.szigbp.hu\/?p=742","title":{"rendered":"\u00c9vfordul\u00f3 02.01."},"content":{"rendered":"<p><em>Sziasztok!<\/em><br \/>\n<em> Sokszor elgondolkodunk ,hogy vajon r\u00e9ges-r\u00e9gen, vagy ak\u00e1r csak a k\u00f6zelm\u00faltban mi t\u00f6rt\u00e9nhetett \u00e9ppen aznap, amit meg\u00e9l\u00fcnk. Ezek a bejegyz\u00e9sek, amelyek minden nap m\u00e1s tartalommal megjelennek majd, \u00a0igyekeznek v\u00e1laszt adni a k\u00e9rd\u00e9sekre.<\/em><\/p>\n<p><strong>Febru\u00e1r elseje:<\/strong><\/p>\n<p>Ma Ign\u00e1c n\u00e9vnapot \u00fcnnepel\u00fcnk.<\/p>\n<ul>\n<li>1878<br \/>\nEzen a napon\u00a0sz\u00fcletett Haj\u00f3s Alfr\u00e9d\u00a0\u00a0magyar \u00e9p\u00edt\u00e9szm\u00e9rn\u00f6k, verseny\u00fasz\u00f3, labdar\u00fag\u00f3 \u00e9s Magyarorsz\u00e1g els\u0151 olimpiai bajnoka<\/li>\n<\/ul>\n<p>Beceneve a \u201eMagyar delfin\u201d volt.\u00a0 Az 1896. \u00e9vi ny\u00e1ri olimpiai j\u00e1t\u00e9kokon\u00a0&#8211; az els\u0151 \u00fajkori olimpi\u00e1n- Ath\u00e9nban\u00a0a 13\u00a0fokos tengerv\u00edzben megrendezett versenyen megnyerte mind a 100 m\u00e9teres \u00e9s az 1200 m\u00e9teres gyors \u00fasz\u00f3sz\u00e1mot, ezzel \u0151 szerezte a magyar sport els\u0151 \u00e9s m\u00e1sodik olimpiai gy\u0151zelm\u00e9t, de nem arany\u00e9rm\u00e9t, hiszen akkor m\u00e9g ez\u00fcst\u00e9rem j\u00e1rt a gy\u0151zteseknek.<\/p>\n<ul>\n<li>1994<br \/>\nA Green Day\u00a0nev\u0171 amerikai zenekar ezen a napon adta ki els\u0151 vil\u00e1gsiker\u0171 album\u00e1t, a\u00a0<a href=\"https:\/\/www.youtube.com\/watch?v=45lCeMVrCJM\"><em>Dookie<\/em><\/a>\u00a0c\u00edm\u0171 lemez\u00e9t.<\/li>\n<\/ul>\n<p><em>N\u00e9zzetek be minden nap!<\/em><\/p>\n<p>Gy\u0171jt\u00f6tte: Gy\u00f6ngy\u00f6si S\u00e1ra<\/p>\n","protected":false},"excerpt":{"rendered":"<div class=\"mh-excerpt\"><p>Sziasztok! Sokszor elgondolkodunk ,hogy vajon r\u00e9ges-r\u00e9gen, vagy ak\u00e1r csak a k\u00f6zelm\u00faltban mi t\u00f6rt\u00e9nhetett \u00e9ppen aznap, amit meg\u00e9l\u00fcnk. Ezek a bejegyz\u00e9sek, amelyek minden nap m\u00e1s tartalommal <a class=\"mh-excerpt-more\" href=\"http:\/\/szigma.szigbp.hu\/?p=742\" title=\"\u00c9vfordul\u00f3 02.01.\">[&#8230;]<\/a><\/p>\n<\/div>","protected":false},"author":25,"featured_media":745,"comment_status":"closed","ping_status":"closed","sticky":false,"template":"","format":"standard","meta":[],"categories":[8],"tags":[16],"_links":{"self":[{"href":"http:\/\/szigma.szigbp.hu\/index.php?rest_route=\/wp\/v2\/posts\/742"}],"collection":[{"href":"http:\/\/szigma.szigbp.hu\/index.php?rest_route=\/wp\/v2\/posts"}],"about":[{"href":"http:\/\/szigma.szigbp.hu\/index.php?rest_route=\/wp\/v2\/types\/post"}],"author":[{"embeddable":true,"href":"http:\/\/szigma.szigbp.hu\/index.php?rest_route=\/wp\/v2\/users\/25"}],"replies":[{"embeddable":true,"href":"http:\/\/szigma.szigbp.hu\/index.php?rest_route=%2Fwp%2Fv2%2Fcomments&post=742"}],"version-history":[{"count":4,"href":"http:\/\/szigma.szigbp.hu\/index.php?rest_route=\/wp\/v2\/posts\/742\/revisions"}],"predecessor-version":[{"id":834,"href":"http:\/\/szigma.szigbp.hu\/index.php?rest_route=\/wp\/v2\/posts\/742\/revisions\/834"}],"wp:featuredmedia":[{"embeddable":true,"href":"http:\/\/szigma.szigbp.hu\/index.php?rest_route=\/wp\/v2\/media\/745"}],"wp:attachment":[{"href":"http:\/\/szigma.szigbp.hu\/index.php?rest_route=%2Fwp%2Fv2%2Fmedia&parent=742"}],"wp:term":[{"taxonomy":"category","embeddable":true,"href":"http:\/\/szigma.szigbp.hu\/index.php?rest_route=%2Fwp%2Fv2%2Fcategories&post=742"},{"taxonomy":"post_tag","embeddable":true,"href":"http:\/\/szigma.szigbp.hu\/index.php?rest_route=%2Fwp%2Fv2%2Ftags&post=742"}],"curies":[{"name":"wp","href":"https:\/\/api.w.org\/{rel}","templated":true}]}}