{"id":75,"date":"2013-12-05T20:44:41","date_gmt":"2013-12-05T20:44:41","guid":{"rendered":"http:\/\/szig.gimilap.hu\/?p=75"},"modified":"2016-03-31T21:48:21","modified_gmt":"2016-03-31T19:48:21","slug":"az-iskolai-szelektiv-papirgyujtes","status":"publish","type":"post","link":"http:\/\/szigma.szigbp.hu\/?p=75","title":{"rendered":"Az iskolai szelekt\u00edv pap\u00edrgy\u0171jt\u00e9s"},"content":{"rendered":"<p>Az es\u0151 ellen\u00e9re 25 lelkes di\u00e1k \u00e9rkezett a meghirdetett szem\u00e9tszed\u00e9sre, csatlakozva az orsz\u00e1gos \u201eTe szedd!\u201d akci\u00f3hoz. Reggel az iskola kapuj\u00e1ban gy\u00fclekeztek a lelkes \u00f6nk\u00e9ntesek \u00e9s tan\u00e1raik. A fel\u00e1zott, s\u00e1ros talaj miatt \u00fagy d\u00f6nt\u00f6tt\u00fcnk, ink\u00e1bb nem kezd\u00fcnk neki a szem\u00e9tszed\u00e9snek. \u00c1m ha m\u00e1r olyan kor\u00e1n f\u00f6lkelt\u00fcnk szombaton \u00e9s kereszt\u00fclment\u00fcnk a vizes v\u00e1roson, hogy Budapest egy kis r\u00e9sz\u00e9t, saj\u00e1t iskol\u00e1nk k\u00f6rny\u00e9k\u00e9t is rendbe tegy\u00fck, akkor ne legyen mindez hi\u00e1baval\u00f3.<\/p>\n<p>Tal\u00e1l\u00e9konynak bizonyoltunk: \u00fagy d\u00f6nt\u00f6tt\u00fcnk, sz\u00e9tv\u00e1logatjuk \u00e9s rendezz\u00fck az iskola pap\u00edrhullad\u00e9k\u00e1t, hogy azt\u00e1n min\u00e9l el\u0151bb a szelekt\u00edv hullad\u00e9kgy\u0171jt\u0151be sz\u00e1ll\u00edthass\u00e1k a t\u00f6bb t\u00edz kil\u00f3 pap\u00edrt.<\/p>\n<p>Az iskola k\u00fcl\u00f6nb\u00f6z\u0151 szintjein, termeiben \u00e9s folyos\u00f3in folyt a munka. A di\u00e1kok 4-5 f\u0151s csoportokban v\u00e1logatt\u00e1k a m\u00e9g felhaszn\u00e1lhat\u00f3 \u00e9s a m\u00e1r elsz\u00e1ll\u00edtand\u00f3 pap\u00edrokat. K\u00e9t \u00f3r\u00e1s munk\u00e1juk hamar eltelt, besz\u00e9lgettek, nevetg\u00e9ltek \u00e9s m\u00e9g sz\u00e1mukra \u00e9rdekes, \u00e9rt\u00e9kes dolgokra is bukkanhattak. Egy-egy izgalmas \u00fajs\u00e1got, sz\u00e9p napt\u00e1ri k\u00e9pet, vagy ak\u00e1r k\u00f6nyvet is tal\u00e1lhattak.<\/p>\n<p>R\u00e1ad\u00e1sul \u00e9lm\u00e9nyeik \u00e9s szerzem\u00e9nyeik mellett jutalmuk sem maradt el. Munk\u00e1juk \u00f3r\u00e1inak sz\u00e1m\u00e1t elsz\u00e1molj\u00e1k az 50 \u00f3ra k\u00f6zszolg\u00e1lati munk\u00e1ba, \u00e9s pontot is szereztek, mely az oszt\u00e1lyok k\u00f6z\u00f6tti versenyben sokat sz\u00e1m\u00edt.<\/p>\n<p>A t\u00e1rsas\u00e1g tagjai a munka v\u00e9gezt\u00e9vel, nyugodt lelkiismerettel folytatt\u00e1k tov\u00e1bb h\u00e9tv\u00e9g\u00e9j\u00fcket, hiszen tudt\u00e1k, ma is tettek valami hasznosat a k\u00f6rnyezet\u00fck \u00e9rdek\u00e9ben, \u00e9s nem volt hi\u00e1baval\u00f3 az a h\u00e1rom \u00f3ra, amit r\u00e1sz\u00e1ntak az iskola rendben tart\u00e1s\u00e1ra. S\u0151t! Kifejezetten j\u00f3l telt az id\u0151.<\/p>\n<p>A hullad\u00e9kb\u00f3l sz\u00e1rmaz\u00f3 \u00f6sszeget iskol\u00e1nk kertj\u00e9nek fejleszt\u00e9s\u00e9re szeretn\u00e9nk ford\u00edtani, hogy a Z\u00f6ld SzIG-et val\u00f3ban h\u00edvogat\u00f3 \u00e9s mad\u00e1rbar\u00e1t legyen.<\/p>\n<p>&nbsp;<\/p>\n<p>&nbsp;<\/p>\n<p><strong>\u00a0\u00a0 Farkas Johanna<\/strong><\/p>\n","protected":false},"excerpt":{"rendered":"<div class=\"mh-excerpt\"><p>Az es\u0151 ellen\u00e9re 25 lelkes di\u00e1k \u00e9rkezett a meghirdetett szem\u00e9tszed\u00e9sre, csatlakozva az orsz\u00e1gos \u201eTe szedd!\u201d akci\u00f3hoz. Reggel az iskola kapuj\u00e1ban gy\u00fclekeztek a lelkes \u00f6nk\u00e9ntesek \u00e9s <a class=\"mh-excerpt-more\" href=\"http:\/\/szigma.szigbp.hu\/?p=75\" title=\"Az iskolai szelekt\u00edv pap\u00edrgy\u0171jt\u00e9s\">[&#8230;]<\/a><\/p>\n<\/div>","protected":false},"author":1,"featured_media":76,"comment_status":"closed","ping_status":"closed","sticky":false,"template":"","format":"standard","meta":[],"categories":[3],"tags":[],"_links":{"self":[{"href":"http:\/\/szigma.szigbp.hu\/index.php?rest_route=\/wp\/v2\/posts\/75"}],"collection":[{"href":"http:\/\/szigma.szigbp.hu\/index.php?rest_route=\/wp\/v2\/posts"}],"about":[{"href":"http:\/\/szigma.szigbp.hu\/index.php?rest_route=\/wp\/v2\/types\/post"}],"author":[{"embeddable":true,"href":"http:\/\/szigma.szigbp.hu\/index.php?rest_route=\/wp\/v2\/users\/1"}],"replies":[{"embeddable":true,"href":"http:\/\/szigma.szigbp.hu\/index.php?rest_route=%2Fwp%2Fv2%2Fcomments&post=75"}],"version-history":[{"count":1,"href":"http:\/\/szigma.szigbp.hu\/index.php?rest_route=\/wp\/v2\/posts\/75\/revisions"}],"predecessor-version":[{"id":1293,"href":"http:\/\/szigma.szigbp.hu\/index.php?rest_route=\/wp\/v2\/posts\/75\/revisions\/1293"}],"wp:featuredmedia":[{"embeddable":true,"href":"http:\/\/szigma.szigbp.hu\/index.php?rest_route=\/wp\/v2\/media\/76"}],"wp:attachment":[{"href":"http:\/\/szigma.szigbp.hu\/index.php?rest_route=%2Fwp%2Fv2%2Fmedia&parent=75"}],"wp:term":[{"taxonomy":"category","embeddable":true,"href":"http:\/\/szigma.szigbp.hu\/index.php?rest_route=%2Fwp%2Fv2%2Fcategories&post=75"},{"taxonomy":"post_tag","embeddable":true,"href":"http:\/\/szigma.szigbp.hu\/index.php?rest_route=%2Fwp%2Fv2%2Ftags&post=75"}],"curies":[{"name":"wp","href":"https:\/\/api.w.org\/{rel}","templated":true}]}}