{"id":754,"date":"2016-02-03T05:30:25","date_gmt":"2016-02-03T04:30:25","guid":{"rendered":"http:\/\/szigma.szigbp.hu\/?p=754"},"modified":"2017-10-06T15:34:03","modified_gmt":"2017-10-06T13:34:03","slug":"evfordulok-02-03","status":"publish","type":"post","link":"http:\/\/szigma.szigbp.hu\/?p=754","title":{"rendered":"\u00c9vfordul\u00f3k 02.03."},"content":{"rendered":"<p style=\"color: #000000\"><em style=\"font-weight: inherit\">Sziasztok!<\/em><br \/>\n<em style=\"font-weight: inherit\">Sokszor elgondolkodunk ,hogy vajon r\u00e9ges-r\u00e9gen, vagy ak\u00e1r csak a k\u00f6zelm\u00faltban mi t\u00f6rt\u00e9nhetett \u00e9ppen aznap, amit meg\u00e9l\u00fcnk. Ezek a bejegyz\u00e9sek, amelyek minden nap m\u00e1s tartalommal megjelennek majd, \u00a0igyekeznek v\u00e1laszt adni a k\u00e9rd\u00e9sekre.<\/em><\/p>\n<p><strong>Febru\u00e1r harmadika<\/strong><\/p>\n<p>Ismer valaki egy Bal\u00e1zst? Nekik van ma n\u00e9vnapjuk.<\/p>\n<ul>\n<li>1642<br \/>\nAz\u00a0erd\u00e9lyi\u00a0orsz\u00e1ggy\u0171l\u00e9s\u00a0II. R\u00e1k\u00f3czi Gy\u00f6rgy\u00f6t fejedelemm\u00e9\u00a0v\u00e1lasztotta, azonban tr\u00f3nj\u00e1t csak\u00a01648.\u00a0okt\u00f3ber 11-\u00e9n\u00a0foglalta el.<\/li>\n<\/ul>\n<ul>\n<li>1998<br \/>\nAznap a s\u00edel\u0151ket felkavarta: A\u00a0d\u00e9l-tiroli Cavales\u00e9ben\u00a0az amerikai l\u00e9gier\u0151\u00a0t\u00fal alacsonyan sz\u00e1ll\u00f3\u00a0vad\u00e1szg\u00e9pe let\u00e9pte a\u00a0Monte Cermisre\u00a0viv\u0151 f\u00fcgg\u0151vas\u00fat k\u00e1bel\u00e9t, ami tele volt s\u00edel\u0151kkel. A lezuhan\u00f3 kabin 19 utasa \u00e9s a felvon\u00f3kezel\u0151 \u00e9let\u00e9t vesz\u00edtette.<\/li>\n<\/ul>\n<ul>\n<li>1116<br \/>\nK\u00f6nyves K\u00e1lm\u00e1n\u00a0magyar kir\u00e1ly ma hal meg<\/li>\n<\/ul>\n<ul>\n<li>Rejtv\u00e9nyfejt\u0151k\u00a0napj\u00e1t \u201e\u00fcnnepelj\u00fck\u201d.<br \/>\nJ\u00f3 j\u00e1t\u00e9kot!<\/li>\n<\/ul>\n<p><img decoding=\"async\" loading=\"lazy\" class=\"alignnone  wp-image-756\" src=\"http:\/\/szigma.szigbp.hu\/wp-content\/uploads\/2016\/02\/sodoku.png\" alt=\"sodoku\" width=\"269\" height=\"254\" \/><\/p>\n<p>Gy\u00f6ngy\u00f6si S\u00e1ra<\/p>\n","protected":false},"excerpt":{"rendered":"<div class=\"mh-excerpt\"><p>Sziasztok! Sokszor elgondolkodunk ,hogy vajon r\u00e9ges-r\u00e9gen, vagy ak\u00e1r csak a k\u00f6zelm\u00faltban mi t\u00f6rt\u00e9nhetett \u00e9ppen aznap, amit meg\u00e9l\u00fcnk. Ezek a bejegyz\u00e9sek, amelyek minden nap m\u00e1s tartalommal <a class=\"mh-excerpt-more\" href=\"http:\/\/szigma.szigbp.hu\/?p=754\" title=\"\u00c9vfordul\u00f3k 02.03.\">[&#8230;]<\/a><\/p>\n<\/div>","protected":false},"author":25,"featured_media":753,"comment_status":"closed","ping_status":"closed","sticky":false,"template":"","format":"standard","meta":[],"categories":[8],"tags":[16],"_links":{"self":[{"href":"http:\/\/szigma.szigbp.hu\/index.php?rest_route=\/wp\/v2\/posts\/754"}],"collection":[{"href":"http:\/\/szigma.szigbp.hu\/index.php?rest_route=\/wp\/v2\/posts"}],"about":[{"href":"http:\/\/szigma.szigbp.hu\/index.php?rest_route=\/wp\/v2\/types\/post"}],"author":[{"embeddable":true,"href":"http:\/\/szigma.szigbp.hu\/index.php?rest_route=\/wp\/v2\/users\/25"}],"replies":[{"embeddable":true,"href":"http:\/\/szigma.szigbp.hu\/index.php?rest_route=%2Fwp%2Fv2%2Fcomments&post=754"}],"version-history":[{"count":5,"href":"http:\/\/szigma.szigbp.hu\/index.php?rest_route=\/wp\/v2\/posts\/754\/revisions"}],"predecessor-version":[{"id":760,"href":"http:\/\/szigma.szigbp.hu\/index.php?rest_route=\/wp\/v2\/posts\/754\/revisions\/760"}],"wp:featuredmedia":[{"embeddable":true,"href":"http:\/\/szigma.szigbp.hu\/index.php?rest_route=\/wp\/v2\/media\/753"}],"wp:attachment":[{"href":"http:\/\/szigma.szigbp.hu\/index.php?rest_route=%2Fwp%2Fv2%2Fmedia&parent=754"}],"wp:term":[{"taxonomy":"category","embeddable":true,"href":"http:\/\/szigma.szigbp.hu\/index.php?rest_route=%2Fwp%2Fv2%2Fcategories&post=754"},{"taxonomy":"post_tag","embeddable":true,"href":"http:\/\/szigma.szigbp.hu\/index.php?rest_route=%2Fwp%2Fv2%2Ftags&post=754"}],"curies":[{"name":"wp","href":"https:\/\/api.w.org\/{rel}","templated":true}]}}