{"id":767,"date":"2016-02-04T05:30:31","date_gmt":"2016-02-04T04:30:31","guid":{"rendered":"http:\/\/szigma.szigbp.hu\/?p=767"},"modified":"2017-10-06T15:34:09","modified_gmt":"2017-10-06T13:34:09","slug":"evfordulo-02-04","status":"publish","type":"post","link":"http:\/\/szigma.szigbp.hu\/?p=767","title":{"rendered":"\u00c9vfordul\u00f3 02.04."},"content":{"rendered":"<p><em>Sziasztok!<\/em><br \/>\n<em>Sokszor elgondolkodunk, hogy vajon r\u00e9ges-r\u00e9gen, vagy ak\u00e1r csak a k\u00f6zelm\u00faltban mi t\u00f6rt\u00e9nhetett \u00e9ppen aznap, amit meg\u00e9l\u00fcnk. Ezek a bejegyz\u00e9sek, amelyek minden nap m\u00e1s tartalommal megjelennek majd, \u00a0igyekeznek v\u00e1laszt adni a k\u00e9rd\u00e9sekre.<\/em><\/p>\n<p><strong>Febru\u00e1r negyedike<\/strong><\/p>\n<p>A mai n\u00e9vnap: Csenge<\/p>\n<ul>\n<li>1849<br \/>\nA\u00a0v\u00edzaknai \u00fctk\u00f6zetben\u00a0Bem J\u00f3zsef, vagy m\u00e1s n\u00e9ven Bem ap\u00f3 hadserege veres\u00e9get szenvedett Puchner Antal cs\u00e1sz\u00e1ri csapatait\u00f3l.<\/li>\n<\/ul>\n<ul>\n<li>1947<br \/>\nMegsz\u00fcletett M\u00e1t\u00e9 P\u00e9ter \u00e9nekes, zeneszerz\u0151.<br \/>\nN\u00e9h\u00e1ny sz\u00e1m t\u0151le:<br \/>\n<a href=\"https:\/\/www.youtube.com\/watch?v=mvy1W3Xk884\">Hull az els\u00e1rgult lev\u00e9l<\/a><br \/>\n<a href=\"https:\/\/www.youtube.com\/watch?v=KTyXYCZZZqg\">Az\u00e9rt vannak a j\u00f3 bar\u00e1tok<\/a><br \/>\n<a href=\"https:\/\/www.youtube.com\/watch?v=kJUL_hwA5mY\">Zene n\u00e9lk\u00fcl mit \u00e9rek \u00e9n<\/a><\/li>\n<\/ul>\n<ul>\n<li>A magyar katonai t\u00e9rk\u00e9p\u00e9szet\u00a0napja \u00e9s a Magyar Honv\u00e9ds\u00e9g\u00a0fegyvernemi \u00fcnnepe van ma. Az \u00f6n\u00e1ll\u00f3 Magyar Katonai T\u00e9rk\u00e9p\u00e9szeti Csoport l\u00e9trehoz\u00e1sa eml\u00e9k\u00e9re tartj\u00e1k, ami 1919. febru\u00e1r 4-\u00e9n alakult meg.<\/li>\n<\/ul>\n<p>&nbsp;<\/p>\n<p>Gy\u00f6ngy\u00f6si S\u00e1ra<\/p>\n","protected":false},"excerpt":{"rendered":"<div class=\"mh-excerpt\"><p>Sziasztok! Sokszor elgondolkodunk, hogy vajon r\u00e9ges-r\u00e9gen, vagy ak\u00e1r csak a k\u00f6zelm\u00faltban mi t\u00f6rt\u00e9nhetett \u00e9ppen aznap, amit meg\u00e9l\u00fcnk. Ezek a bejegyz\u00e9sek, amelyek minden nap m\u00e1s tartalommal <a class=\"mh-excerpt-more\" href=\"http:\/\/szigma.szigbp.hu\/?p=767\" title=\"\u00c9vfordul\u00f3 02.04.\">[&#8230;]<\/a><\/p>\n<\/div>","protected":false},"author":25,"featured_media":764,"comment_status":"closed","ping_status":"closed","sticky":false,"template":"","format":"standard","meta":[],"categories":[8],"tags":[16],"_links":{"self":[{"href":"http:\/\/szigma.szigbp.hu\/index.php?rest_route=\/wp\/v2\/posts\/767"}],"collection":[{"href":"http:\/\/szigma.szigbp.hu\/index.php?rest_route=\/wp\/v2\/posts"}],"about":[{"href":"http:\/\/szigma.szigbp.hu\/index.php?rest_route=\/wp\/v2\/types\/post"}],"author":[{"embeddable":true,"href":"http:\/\/szigma.szigbp.hu\/index.php?rest_route=\/wp\/v2\/users\/25"}],"replies":[{"embeddable":true,"href":"http:\/\/szigma.szigbp.hu\/index.php?rest_route=%2Fwp%2Fv2%2Fcomments&post=767"}],"version-history":[{"count":3,"href":"http:\/\/szigma.szigbp.hu\/index.php?rest_route=\/wp\/v2\/posts\/767\/revisions"}],"predecessor-version":[{"id":837,"href":"http:\/\/szigma.szigbp.hu\/index.php?rest_route=\/wp\/v2\/posts\/767\/revisions\/837"}],"wp:featuredmedia":[{"embeddable":true,"href":"http:\/\/szigma.szigbp.hu\/index.php?rest_route=\/wp\/v2\/media\/764"}],"wp:attachment":[{"href":"http:\/\/szigma.szigbp.hu\/index.php?rest_route=%2Fwp%2Fv2%2Fmedia&parent=767"}],"wp:term":[{"taxonomy":"category","embeddable":true,"href":"http:\/\/szigma.szigbp.hu\/index.php?rest_route=%2Fwp%2Fv2%2Fcategories&post=767"},{"taxonomy":"post_tag","embeddable":true,"href":"http:\/\/szigma.szigbp.hu\/index.php?rest_route=%2Fwp%2Fv2%2Ftags&post=767"}],"curies":[{"name":"wp","href":"https:\/\/api.w.org\/{rel}","templated":true}]}}