{"id":859,"date":"2016-02-22T05:00:40","date_gmt":"2016-02-22T04:00:40","guid":{"rendered":"http:\/\/szigma.szigbp.hu\/?p=859"},"modified":"2016-03-31T21:46:54","modified_gmt":"2016-03-31T19:46:54","slug":"evfordulok-02-22","status":"publish","type":"post","link":"http:\/\/szigma.szigbp.hu\/?p=859","title":{"rendered":"\u00c9vfordul\u00f3k 02.22."},"content":{"rendered":"<p><em>Sziasztok!<\/em><br \/>\n<em>Sokszor elgondolkodunk, hogy vajon r\u00e9ges-r\u00e9gen, vagy ak\u00e1r csak a k\u00f6zelm\u00faltban mi t\u00f6rt\u00e9nhetett \u00e9ppen aznap, amit meg\u00e9l\u00fcnk. Ezek a bejegyz\u00e9sek, amelyek minden nap m\u00e1s tartalommal megjelennek majd, \u00a0igyekeznek v\u00e1laszt adni a k\u00e9rd\u00e9sekre.<\/em><\/p>\n<p><strong>Febru\u00e1r huszonkettedike<\/strong><\/p>\n<p>Ma Gerzson n\u00e9vnapot \u00fcnnepel\u00fcnk.<\/p>\n<ul>\n<li>1512<br \/>\nSevill\u00e1ban meghalt Amerigo Vespucci, h\u00edres it\u00e1liai haj\u00f3s \u00e9s felfedez\u0151, akir\u0151l elnevezt\u00e9k az &#8222;\u00faj vil\u00e1g&#8221;-ot.<\/li>\n<\/ul>\n<ul>\n<li>1616<br \/>\nV. P\u00e1l p\u00e1pa felsz\u00f3l\u00edtotta Galileo Galilei olasz matematikust, filoz\u00f3fust \u00e9s fizikust, hogy ismerje el: t\u00e9vedett.<img decoding=\"async\" loading=\"lazy\" class=\"alignnone size-medium wp-image-862 alignright\" src=\"http:\/\/szigma.szigbp.hu\/wp-content\/uploads\/2016\/02\/Galileo-300x242.png\" alt=\"Galileo\" width=\"300\" height=\"242\" srcset=\"http:\/\/szigma.szigbp.hu\/wp-content\/uploads\/2016\/02\/Galileo-300x242.png 300w, http:\/\/szigma.szigbp.hu\/wp-content\/uploads\/2016\/02\/Galileo.png 450w\" sizes=\"(max-width: 300px) 100vw, 300px\" \/><\/li>\n<\/ul>\n<ul>\n<li>1732<br \/>\nMegsz\u00fcletett George Washington, az Amerikai Egyes\u00fclt \u00c1llamok els\u0151 eln\u00f6ke.<\/li>\n<\/ul>\n<ul>\n<li>1907<br \/>\nEl\u0151sz\u00f6r haszn\u00e1ltak taxi\u00f3r\u00e1t.<\/li>\n<\/ul>\n<p>&nbsp;<\/p>\n<p>Gy\u00f6ngy\u00f6si S\u00e1ra<\/p>\n","protected":false},"excerpt":{"rendered":"<div class=\"mh-excerpt\"><p>Sziasztok! Sokszor elgondolkodunk, hogy vajon r\u00e9ges-r\u00e9gen, vagy ak\u00e1r csak a k\u00f6zelm\u00faltban mi t\u00f6rt\u00e9nhetett \u00e9ppen aznap, amit meg\u00e9l\u00fcnk. Ezek a bejegyz\u00e9sek, amelyek minden nap m\u00e1s tartalommal <a class=\"mh-excerpt-more\" href=\"http:\/\/szigma.szigbp.hu\/?p=859\" title=\"\u00c9vfordul\u00f3k 02.22.\">[&#8230;]<\/a><\/p>\n<\/div>","protected":false},"author":25,"featured_media":745,"comment_status":"closed","ping_status":"closed","sticky":false,"template":"","format":"standard","meta":[],"categories":[1],"tags":[16],"_links":{"self":[{"href":"http:\/\/szigma.szigbp.hu\/index.php?rest_route=\/wp\/v2\/posts\/859"}],"collection":[{"href":"http:\/\/szigma.szigbp.hu\/index.php?rest_route=\/wp\/v2\/posts"}],"about":[{"href":"http:\/\/szigma.szigbp.hu\/index.php?rest_route=\/wp\/v2\/types\/post"}],"author":[{"embeddable":true,"href":"http:\/\/szigma.szigbp.hu\/index.php?rest_route=\/wp\/v2\/users\/25"}],"replies":[{"embeddable":true,"href":"http:\/\/szigma.szigbp.hu\/index.php?rest_route=%2Fwp%2Fv2%2Fcomments&post=859"}],"version-history":[{"count":2,"href":"http:\/\/szigma.szigbp.hu\/index.php?rest_route=\/wp\/v2\/posts\/859\/revisions"}],"predecessor-version":[{"id":865,"href":"http:\/\/szigma.szigbp.hu\/index.php?rest_route=\/wp\/v2\/posts\/859\/revisions\/865"}],"wp:featuredmedia":[{"embeddable":true,"href":"http:\/\/szigma.szigbp.hu\/index.php?rest_route=\/wp\/v2\/media\/745"}],"wp:attachment":[{"href":"http:\/\/szigma.szigbp.hu\/index.php?rest_route=%2Fwp%2Fv2%2Fmedia&parent=859"}],"wp:term":[{"taxonomy":"category","embeddable":true,"href":"http:\/\/szigma.szigbp.hu\/index.php?rest_route=%2Fwp%2Fv2%2Fcategories&post=859"},{"taxonomy":"post_tag","embeddable":true,"href":"http:\/\/szigma.szigbp.hu\/index.php?rest_route=%2Fwp%2Fv2%2Ftags&post=859"}],"curies":[{"name":"wp","href":"https:\/\/api.w.org\/{rel}","templated":true}]}}