{"id":900,"date":"2016-02-26T05:00:36","date_gmt":"2016-02-26T04:00:36","guid":{"rendered":"http:\/\/szigma.szigbp.hu\/?p=900"},"modified":"2016-03-31T21:46:53","modified_gmt":"2016-03-31T19:46:53","slug":"evfordulok-02-26","status":"publish","type":"post","link":"http:\/\/szigma.szigbp.hu\/?p=900","title":{"rendered":"\u00c9vfordul\u00f3k 02.26."},"content":{"rendered":"<p style=\"text-align: left\"><em>Sziasztok!<\/em><br \/>\n<em>Sokszor elgondolkodunk, hogy vajon r\u00e9ges-r\u00e9gen, vagy ak\u00e1r csak a k\u00f6zelm\u00faltban mi t\u00f6rt\u00e9nhetett \u00e9ppen aznap, amit meg\u00e9l\u00fcnk. Ezek a bejegyz\u00e9sek, amelyek minden nap m\u00e1s tartalommal megjelennek majd, \u00a0igyekeznek v\u00e1laszt adni a k\u00e9rd\u00e9sekre.<\/em><\/p>\n<p><strong>Febru\u00e1r huszonhatodika<br \/>\n<\/strong>Mai n\u00e9vnap: Edina<\/p>\n<ul>\n<li>1802<br \/>\nMegsz\u00fcletett Victor Hugo francia k\u00f6lt\u0151, reg\u00e9ny- \u00e9s dr\u00e1ma\u00edr\u00f3, kor\u00e1nak legterm\u00e9kenyebb szerz\u0151je, az eur\u00f3pai romantika egyik vez\u00e9regy\u00e9nis\u00e9ge. Ismert m\u0171ve: Nyomorultak.<\/li>\n<\/ul>\n<ul>\n<li>1829<img decoding=\"async\" loading=\"lazy\" class=\"alignnone size-medium wp-image-902 alignright\" src=\"http:\/\/szigma.szigbp.hu\/wp-content\/uploads\/2016\/02\/Farmer-300x198.jpg\" alt=\"Farmer\" width=\"300\" height=\"198\" srcset=\"http:\/\/szigma.szigbp.hu\/wp-content\/uploads\/2016\/02\/Farmer-300x198.jpg 300w, http:\/\/szigma.szigbp.hu\/wp-content\/uploads\/2016\/02\/Farmer.jpg 800w\" sizes=\"(max-width: 300px) 100vw, 300px\" \/><br \/>\nMegsz\u00fcletett Levi Strauss a vil\u00e1g egyik legismertebb ruhadarabj\u00e1nak, a farmernek a feltal\u00e1l\u00f3ja.<\/li>\n<\/ul>\n<ul>\n<li>1848<br \/>\nMarx \u00e9s Engels kiadta a &#8222;Kommunista ki\u00e1ltv\u00e1ny&#8221;-t.<\/li>\n<\/ul>\n<ul>\n<li>1930<br \/>\nBe\u00fczemelt\u00e9k az els\u0151 piros-z\u00f6ld l\u00e1mp\u00e1t Manhattanben.<\/li>\n<\/ul>\n<ul>\n<li>2003<br \/>\nElk\u00e9sz\u00fclt az EU-csatlakoz\u00e1si szerz\u0151d\u00e9s v\u00e9gleges v\u00e1ltozata.<\/li>\n<\/ul>\n<p>&nbsp;<\/p>\n","protected":false},"excerpt":{"rendered":"<div class=\"mh-excerpt\"><p>Sziasztok! Sokszor elgondolkodunk, hogy vajon r\u00e9ges-r\u00e9gen, vagy ak\u00e1r csak a k\u00f6zelm\u00faltban mi t\u00f6rt\u00e9nhetett \u00e9ppen aznap, amit meg\u00e9l\u00fcnk. Ezek a bejegyz\u00e9sek, amelyek minden nap m\u00e1s tartalommal <a class=\"mh-excerpt-more\" href=\"http:\/\/szigma.szigbp.hu\/?p=900\" title=\"\u00c9vfordul\u00f3k 02.26.\">[&#8230;]<\/a><\/p>\n<\/div>","protected":false},"author":25,"featured_media":772,"comment_status":"closed","ping_status":"closed","sticky":false,"template":"","format":"standard","meta":[],"categories":[1],"tags":[16],"_links":{"self":[{"href":"http:\/\/szigma.szigbp.hu\/index.php?rest_route=\/wp\/v2\/posts\/900"}],"collection":[{"href":"http:\/\/szigma.szigbp.hu\/index.php?rest_route=\/wp\/v2\/posts"}],"about":[{"href":"http:\/\/szigma.szigbp.hu\/index.php?rest_route=\/wp\/v2\/types\/post"}],"author":[{"embeddable":true,"href":"http:\/\/szigma.szigbp.hu\/index.php?rest_route=\/wp\/v2\/users\/25"}],"replies":[{"embeddable":true,"href":"http:\/\/szigma.szigbp.hu\/index.php?rest_route=%2Fwp%2Fv2%2Fcomments&post=900"}],"version-history":[{"count":2,"href":"http:\/\/szigma.szigbp.hu\/index.php?rest_route=\/wp\/v2\/posts\/900\/revisions"}],"predecessor-version":[{"id":903,"href":"http:\/\/szigma.szigbp.hu\/index.php?rest_route=\/wp\/v2\/posts\/900\/revisions\/903"}],"wp:featuredmedia":[{"embeddable":true,"href":"http:\/\/szigma.szigbp.hu\/index.php?rest_route=\/wp\/v2\/media\/772"}],"wp:attachment":[{"href":"http:\/\/szigma.szigbp.hu\/index.php?rest_route=%2Fwp%2Fv2%2Fmedia&parent=900"}],"wp:term":[{"taxonomy":"category","embeddable":true,"href":"http:\/\/szigma.szigbp.hu\/index.php?rest_route=%2Fwp%2Fv2%2Fcategories&post=900"},{"taxonomy":"post_tag","embeddable":true,"href":"http:\/\/szigma.szigbp.hu\/index.php?rest_route=%2Fwp%2Fv2%2Ftags&post=900"}],"curies":[{"name":"wp","href":"https:\/\/api.w.org\/{rel}","templated":true}]}}