{"id":954,"date":"2016-03-01T05:00:07","date_gmt":"2016-03-01T04:00:07","guid":{"rendered":"http:\/\/szigma.szigbp.hu\/?p=954"},"modified":"2016-03-31T21:46:41","modified_gmt":"2016-03-31T19:46:41","slug":"evfordulok-03-01","status":"publish","type":"post","link":"http:\/\/szigma.szigbp.hu\/?p=954","title":{"rendered":"\u00c9vfordul\u00f3k 03.01."},"content":{"rendered":"<p><em>Sziasztok!<\/em><br \/>\n<em>Sokszor elgondolkodunk, hogy vajon r\u00e9ges-r\u00e9gen, vagy ak\u00e1r csak a k\u00f6zelm\u00faltban mi t\u00f6rt\u00e9nhetett \u00e9ppen aznap, amit meg\u00e9l\u00fcnk. Ezek a bejegyz\u00e9sek, amelyek minden nap m\u00e1s tartalommal megjelennek majd, \u00a0igyekeznek v\u00e1laszt adni a k\u00e9rd\u00e9sekre.<\/em><\/p>\n<p><strong>M\u00e1rcius elseje <\/strong><em>(egy h\u00f3nap telt el az \u00c9vfordul\u00f3k kezd\u00e9se \u00f3ta)<\/em><strong><br \/>\n<\/strong><br \/>\nMai n\u00e9vnap: Albin<\/p>\n<ul>\n<li>1456<br \/>\nKrakk\u00f3ban megsz\u00fcletett II. Ul\u00e1szl\u00f3 magyar kir\u00e1ly.<\/li>\n<\/ul>\n<ul>\n<li>1692<img decoding=\"async\" loading=\"lazy\" class=\"size-medium wp-image-956 alignright\" src=\"http:\/\/szigma.szigbp.hu\/wp-content\/uploads\/2016\/02\/boszork\u00e1nyper-300x191.png\" alt=\"boszork\u00e1nyper\" width=\"300\" height=\"191\" srcset=\"http:\/\/szigma.szigbp.hu\/wp-content\/uploads\/2016\/02\/boszork\u00e1nyper-300x191.png 300w, http:\/\/szigma.szigbp.hu\/wp-content\/uploads\/2016\/02\/boszork\u00e1nyper.png 500w\" sizes=\"(max-width: 300px) 100vw, 300px\" \/><br \/>\nElkezd\u0151dtek Salemben a boszork\u00e1nyperek. Els\u0151k\u00e9nt n\u00e9gy n\u0151t \u00edt\u00e9ltek el.<\/li>\n<\/ul>\n<ul>\n<li>1813<br \/>\nMegsz\u00fcletett Reitter Ferenc, m\u00e9rn\u00f6k, a budapesti rakpartok tervez\u0151je, \u00e9p\u00edt\u0151je.<\/li>\n<\/ul>\n<ul>\n<li>1881<br \/>\nMegalap\u00edtott\u00e1k a Magyar T\u00e1virati Irod\u00e1t.<img decoding=\"async\" loading=\"lazy\" class=\"size-medium wp-image-957 alignright\" src=\"http:\/\/szigma.szigbp.hu\/wp-content\/uploads\/2016\/02\/hm-197x300.jpg\" alt=\"hm\" width=\"197\" height=\"300\" srcset=\"http:\/\/szigma.szigbp.hu\/wp-content\/uploads\/2016\/02\/hm-197x300.jpg 197w, http:\/\/szigma.szigbp.hu\/wp-content\/uploads\/2016\/02\/hm.jpg 316w\" sizes=\"(max-width: 197px) 100vw, 197px\" \/><\/li>\n<\/ul>\n<ul>\n<li>1920<br \/>\nNemzetgy\u0171l\u00e9s els\u00f6pr\u0151 t\u00f6bbs\u00e9ggel v\u00e1lasztotta meg Magyarorsz\u00e1g korm\u00e1nyz\u00f3j\u00e1v\u00e1 Horthy Mikl\u00f3st.<\/li>\n<\/ul>\n<p>&nbsp;<\/p>\n<p>Gy\u00f6ngy\u00f6si S\u00e1ra<\/p>\n","protected":false},"excerpt":{"rendered":"<div class=\"mh-excerpt\"><p>Sziasztok! Sokszor elgondolkodunk, hogy vajon r\u00e9ges-r\u00e9gen, vagy ak\u00e1r csak a k\u00f6zelm\u00faltban mi t\u00f6rt\u00e9nhetett \u00e9ppen aznap, amit meg\u00e9l\u00fcnk. Ezek a bejegyz\u00e9sek, amelyek minden nap m\u00e1s tartalommal <a class=\"mh-excerpt-more\" href=\"http:\/\/szigma.szigbp.hu\/?p=954\" title=\"\u00c9vfordul\u00f3k 03.01.\">[&#8230;]<\/a><\/p>\n<\/div>","protected":false},"author":25,"featured_media":750,"comment_status":"closed","ping_status":"closed","sticky":false,"template":"","format":"standard","meta":[],"categories":[1],"tags":[16],"_links":{"self":[{"href":"http:\/\/szigma.szigbp.hu\/index.php?rest_route=\/wp\/v2\/posts\/954"}],"collection":[{"href":"http:\/\/szigma.szigbp.hu\/index.php?rest_route=\/wp\/v2\/posts"}],"about":[{"href":"http:\/\/szigma.szigbp.hu\/index.php?rest_route=\/wp\/v2\/types\/post"}],"author":[{"embeddable":true,"href":"http:\/\/szigma.szigbp.hu\/index.php?rest_route=\/wp\/v2\/users\/25"}],"replies":[{"embeddable":true,"href":"http:\/\/szigma.szigbp.hu\/index.php?rest_route=%2Fwp%2Fv2%2Fcomments&post=954"}],"version-history":[{"count":4,"href":"http:\/\/szigma.szigbp.hu\/index.php?rest_route=\/wp\/v2\/posts\/954\/revisions"}],"predecessor-version":[{"id":960,"href":"http:\/\/szigma.szigbp.hu\/index.php?rest_route=\/wp\/v2\/posts\/954\/revisions\/960"}],"wp:featuredmedia":[{"embeddable":true,"href":"http:\/\/szigma.szigbp.hu\/index.php?rest_route=\/wp\/v2\/media\/750"}],"wp:attachment":[{"href":"http:\/\/szigma.szigbp.hu\/index.php?rest_route=%2Fwp%2Fv2%2Fmedia&parent=954"}],"wp:term":[{"taxonomy":"category","embeddable":true,"href":"http:\/\/szigma.szigbp.hu\/index.php?rest_route=%2Fwp%2Fv2%2Fcategories&post=954"},{"taxonomy":"post_tag","embeddable":true,"href":"http:\/\/szigma.szigbp.hu\/index.php?rest_route=%2Fwp%2Fv2%2Ftags&post=954"}],"curies":[{"name":"wp","href":"https:\/\/api.w.org\/{rel}","templated":true}]}}