{"id":992,"date":"2016-03-04T15:55:36","date_gmt":"2016-03-04T14:55:36","guid":{"rendered":"http:\/\/szigma.szigbp.hu\/?p=992"},"modified":"2016-03-31T21:46:41","modified_gmt":"2016-03-31T19:46:41","slug":"projekthet","status":"publish","type":"post","link":"http:\/\/szigma.szigbp.hu\/?p=992","title":{"rendered":"Projekth\u00e9t"},"content":{"rendered":"<h1><strong>Tatab\u00e1ny\u00e1t v\u00e1lasztottuk <\/strong><sub>(8.b projekth\u00e9t,1. nap)<\/sub><\/h1>\n<p>2016. febru\u00e1r 23-\u00e1n d\u00e9lel\u0151tt \u00e9rkezt\u00fcnk Tatab\u00e1ny\u00e1ra iskol\u00e1nk projekthet\u00e9nek keretein bel\u00fcl. Berci b\u00e1csi,a buszvezet\u0151nk k\u00f6zvetlen\u00fcl az Edutus F\u0151iskola mellet parkolt,lesz\u00e1ll\u00e1s ut\u00e1n az oszt\u00e1ly k\u00e9t csoportra oszlott. Mi el\u0151sz\u00f6r egy el\u0151ad\u00e1son vett\u00fcnk r\u00e9szt a passz\u00edvh\u00e1zban. Az el\u0151ad\u00f3 tan\u00e1r \u00far jellemezte az \u00e9p\u00fcletet,hallhattunk az \u00e9p\u00edt\u00e9s\u00e9r\u0151l \u00e9s az itt tartott tan\u00f3r\u00e1k el\u0151nyeir\u0151l is. Elkalandoztunk a k\u00f6rnyezetv\u00e9delem \u00e9s a fizika vil\u00e1g\u00e1ba is egy kicsit. 45 perc eltelt\u00e9vel tal\u00e1lkoztunk az oszt\u00e1ly m\u00e1sik fel\u00e9vel,majd \u00e1tbuszoztunk a k\u00f6vetkez\u0151 helysz\u00ednre. Vavra G\u00e1bor tan\u00e1r \u00far el\u0151ad\u00e1sa a l\u00e9zerv\u00e1g\u00e1sr\u00f3l sz\u00f3lt,ezt a m\u0171veletet meg is tekintett\u00fck. Ezut\u00e1n k\u00e9sz\u00fclt a csapatr\u00f3l az itt l\u00e1that\u00f3 fot\u00f3.<\/p>\n<p>K\u00f6vetkez\u0151 \u00fati c\u00e9lunk az oroszl\u00e1nyi b\u00e1nyam\u00fazeum volt,ahov\u00e1 m\u00e1r az eg\u00e9sz oszt\u00e1ly egy\u00fctt ment. Akadt egy kis probl\u00e9ma az <img decoding=\"async\" loading=\"lazy\" class=\"alignnone size-medium wp-image-996 alignright\" src=\"http:\/\/szigma.szigbp.hu\/wp-content\/uploads\/2016\/03\/1-300x224.jpg\" alt=\"1\" width=\"300\" height=\"224\" srcset=\"http:\/\/szigma.szigbp.hu\/wp-content\/uploads\/2016\/03\/1-300x224.jpg 300w, http:\/\/szigma.szigbp.hu\/wp-content\/uploads\/2016\/03\/1-174x131.jpg 174w, http:\/\/szigma.szigbp.hu\/wp-content\/uploads\/2016\/03\/1-70x53.jpg 70w, http:\/\/szigma.szigbp.hu\/wp-content\/uploads\/2016\/03\/1.jpg 474w\" sizes=\"(max-width: 300px) 100vw, 300px\" \/>\u00e9rkez\u00e9s\u00fcnkkor,de v\u00e9g\u00fcl megj\u00f6tt a vezet\u0151 \u00far \u00e9s elkezdhett\u00fck a \u201et\u00far\u00e1t\u201d. Els\u0151k\u00e9nt a sz\u00e9nb\u00e1ny\u00e1szatr\u00f3l n\u00e9zt\u00fcnk egy r\u00f6vid filmet,ut\u00e1na egy\u00e9nileg k\u00f6r\u00fcln\u00e9zt\u00fcnk a ki\u00e1ll\u00edtott t\u00e1rgyak term\u00e9ben. P\u00e1ran bement\u00fcnk egy j\u00e1ratba,azt is kipr\u00f3b\u00e1lhattuk,hogy milyen a b\u00e1ny\u00e1szok t\u0171zolt\u00f3aut\u00f3j\u00e1ban \u00fclni.<\/p>\n<p>K\u00f6vetkez\u0151 \u00e1llom\u00e1sunkk\u00e9nt Majk \u00e9s a kamalduliak kolostora szolg\u00e1lt. Sz\u00e1momra itt a leg\u00e9rdekesebb inform\u00e1ci\u00f3 maga a l\u00e9nyeg volt: a szerzetesek,akik a rendhez csatlakoztak,3 \u00e9v pr\u00f3baid\u0151 eltelt\u00e9vel n\u00e9mas\u00e1gi fogadalmat tettek. Ezt csak kar\u00e1csonykor \u00e9s h\u00fasv\u00e9tkor,azaz \u00e9vente 6 napon oldott\u00e1k fel. Ilyenkor sem besz\u00e9lgettek igaz\u00e1n,m\u00e1r megszokt\u00e1k a csendet. A kolostor \u00e9s a kast\u00e9ly \u00e9p\u00fclete olyan hat\u00e1ssal volt az am\u00fagy zajos 8.b oszt\u00e1lyra,hogy p\u00e1r percig mi is kib\u00edrtuk besz\u00e9d n\u00e9lk\u00fcl.<\/p>\n<p>A nap lez\u00e1r\u00e1sa a tatai s\u00e9ta volt. Mindenki szabadon mehetett,ben\u00e9zt\u00fcnk a csokiz\u00f3ba. Visszafele j\u00f6vet l\u00e1ttunk szerelmes lakatokat. Az els\u0151 ilyenek P\u00e9csen voltak,de l\u00e1ttam m\u00e1r Balatonf\u00fcreden is,mostans\u00e1g sok helyen el\u0151fordulnak. Negyed \u00f6tkor besz\u00e1lltunk a buszba \u00e9s visszautaztunk Budapestre.<\/p>\n<p>&nbsp;<\/p>\n<h1><strong>\u0170rkutat\u00e1s \u00e9s telev\u00edzi\u00f3<\/strong><sub>(8.b projekth\u00e9t, 2. nap)<\/sub><\/h1>\n<p>A febru\u00e1r 24-\u00e9t m\u00e1r Budapesten t\u00f6lt\u00f6tt\u00fck. Reggel 9 \u00f3r\u00e1ra \u00e9rkezt\u00fcnk a Millen\u00e1risra. M\u00e1r bement\u00fcnk a Space m\u00fazeum <img decoding=\"async\" loading=\"lazy\" class=\"alignnone size-medium wp-image-997 alignright\" src=\"http:\/\/szigma.szigbp.hu\/wp-content\/uploads\/2016\/03\/2-300x224.jpg\" alt=\"2\" width=\"300\" height=\"224\" srcset=\"http:\/\/szigma.szigbp.hu\/wp-content\/uploads\/2016\/03\/2-300x224.jpg 300w, http:\/\/szigma.szigbp.hu\/wp-content\/uploads\/2016\/03\/2-174x131.jpg 174w, http:\/\/szigma.szigbp.hu\/wp-content\/uploads\/2016\/03\/2-70x53.jpg 70w, http:\/\/szigma.szigbp.hu\/wp-content\/uploads\/2016\/03\/2.jpg 511w\" sizes=\"(max-width: 300px) 100vw, 300px\" \/>el\u0151ter\u00e9be,mikor kider\u00fclt,hogy a ki\u00e1ll\u00edt\u00e1s csak 10-kor nyit. A fennmarad\u00f3 egy \u00f3r\u00e1ban a Mammutban j\u00e1rtunk.<br \/>\nA <em>space<\/em> angolul azt jelenti,hogy <em>\u0171r<\/em>. A ki\u00e1ll\u00edt\u00e1s \u0171rhaj\u00f3sokkal \u00e9s \u0171rkutat\u00e1ssal foglalkozik. Itt egy \u00f3r\u00e1t t\u00f6lt\u00f6tt\u00fck el,rendk\u00edv\u00fcl j\u00f3l sz\u00f3rakoztunk k\u00f6zben. K\u00e9sz\u00edtett\u00fcnk is p\u00e1r k\u00e9pet. N\u00e9h\u00e1ny b\u00e1trabb oszt\u00e1lyt\u00e1rsunk kipr\u00f3b\u00e1lta az utols\u00f3 teremben a forg\u00f3 sz\u00e9ket,ez eredetileg egy teszt az \u0171rhaj\u00f3soknak.<\/p>\n<p>Az MTVA l\u00e1togat\u00f3k\u00f6zpontj\u00e1ban az el\u0151z\u0151 naphoz hasonl\u00f3an k\u00e9t csoportban tev\u00e9kenykedt\u00fcnk. Az els\u0151 program az interakt\u00edv tan\u00f3ra volt M\u00e9sz\u00e1ros Zsolt tan\u00e1r \u00farral. A foglalkoz\u00e1s c\u00edme <em>B\u0171nt\u00e9ny a r\u00e1di\u00f3ban<\/em>. A j\u00e1t\u00e9kban tabletek seg\u00edts\u00e9g\u00e9vel,k\u00f6z\u00f6sen nyomoztunk az ut\u00e1n a szem\u00e9ly ut\u00e1n,aki elrabolta a f\u0151szerkeszt\u0151 h\u00f6lgyet. A k\u00f6vetkez\u0151 program egy r\u00f6vid vezet\u00e9s volt a telev\u00edzi\u00f3s \u00e9s r\u00e1di\u00f3s ki\u00e1ll\u00edt\u00e1son. Bement\u00fcnk a szinkronst\u00fadi\u00f3ba \u00e9s k\u00e9sz\u00fclt egy felv\u00e9tel\u00fcnk is: hatan szinkroniz\u00e1ltunk egy filmr\u00e9szletet.<\/p>\n<address><em>Kapcsol\u00f3d\u00f3 h\u00edr<img decoding=\"async\" loading=\"lazy\" class=\"alignnone size-medium wp-image-999 alignright\" src=\"http:\/\/szigma.szigbp.hu\/wp-content\/uploads\/2016\/03\/4-300x225.jpg\" alt=\"4\" width=\"300\" height=\"225\" srcset=\"http:\/\/szigma.szigbp.hu\/wp-content\/uploads\/2016\/03\/4-300x225.jpg 300w, http:\/\/szigma.szigbp.hu\/wp-content\/uploads\/2016\/03\/4-174x131.jpg 174w, http:\/\/szigma.szigbp.hu\/wp-content\/uploads\/2016\/03\/4-70x53.jpg 70w, http:\/\/szigma.szigbp.hu\/wp-content\/uploads\/2016\/03\/4.jpg 346w\" sizes=\"(max-width: 300px) 100vw, 300px\" \/><\/em><\/address>\n<p>Megvan A Dal 2016. gy\u0151ztese<\/p>\n<p>Az MTVA sz\u00e9kh\u00e1z\u00e1ban vett\u00e9k id\u00e9n is A Dal ad\u00e1sait. Ebben az \u00e9vben <em>Freddie<\/em> (Feh\u00e9rv\u00e1ri G\u00e1rbor Alfr\u00e9d) k\u00e9pviseli Magyarorsz\u00e1got az Eurov\u00edzi\u00f3s Dalfesztiv\u00e1lon <em>Pioneer<\/em> c\u00edm\u0171 dal\u00e1val. Az akusztikus v\u00e1ltozatok verseny\u00e9t a <em>ByTheWay <\/em>nyerte a <em>Free to fly<\/em>-jal.<\/p>\n<p><sup>Fot\u00f3: Freddie (bal oldalon),ByTheWay (balra: Ya Ou Feng,Szikszai P\u00e9ter,Vavra Bence)<\/sup><\/p>\n<p>A gy\u0151ztesek megtekinthet\u0151k itt:<br \/>\n<a href=\"http:\/\/www.mediaklikk.hu\/video\/pioneer-freddie-fehervari-gabor-alfred-2\/\">Freddie \u2013 Pioneer<\/a><br \/>\n<a href=\"http:\/\/www.mediaklikk.hu\/video\/free-to-fly-akusztik\/\">ByTheWay \u2013 Free to fly (akusztik)<\/a><\/p>\n<h1>Mi,magyarok<sub> (8.b projekth\u00e9t, 3. nap)<\/sub><\/h1>\n<p>Febru\u00e1r 25-\u00e9n a Parlamentben \u00e9s a N\u00e9prajzi M\u00fazeumban tett\u00fcnk l\u00e1togat\u00e1st. V\u00e9lem\u00e9nyem szerint mindk\u00e9t \u00e9p\u00fclet fontos a magyars\u00e1g szempontj\u00e1b\u00f3l,innen a c\u00edm. Miel\u0151tt elindultunk az Orsz\u00e1gh\u00e1zban,\u00e1tvizsg\u00e1l\u00e1son est\u00fcnk \u00e1t. A vezet\u0151nk egy nagyon kedves \u00far volt,sok mindenr\u0151l mes\u00e9lt nek\u00fcnk. Megn\u00e9zt\u00fck az \u00e9p\u00fclet gyufamakettj\u00e9t,hallottunk a magyar t\u00f6rt\u00e9nelemb\u0151l is fontos r\u00e9szeket. K\u00e9tf\u00e9le \u0151rs\u00e9gv\u00e1lt\u00e1st is l\u00e1ttunk: egyet a koronateremben,egyet pedig kint. Amikor bement\u00fcnk az egyik terembe,ott \u00e9ppen di\u00e1kok vitatkoztak az oktat\u00e1sr\u00f3l. Leny\u0171g\u00f6z\u0151 volt az \u00e9p\u00fclet d\u00edsz\u00edt\u00e9se,a vezet\u0151nk azt is elmondta,hogy 40 kg aranyat haszn\u00e1ltak az aranyf\u00fcst\u00f6kh\u00f6z. A 8 gr\u00e1nitoszlopot kiv\u00e9ve a Parlament minden anyaga Magyarorsz\u00e1gr\u00f3l val\u00f3 \u00e9s magyar mesteremberek dolgoztak rajtuk.<img decoding=\"async\" loading=\"lazy\" class=\"alignnone size-medium wp-image-998 alignright\" src=\"http:\/\/szigma.szigbp.hu\/wp-content\/uploads\/2016\/03\/3-300x224.jpg\" alt=\"3\" width=\"300\" height=\"224\" srcset=\"http:\/\/szigma.szigbp.hu\/wp-content\/uploads\/2016\/03\/3-300x224.jpg 300w, http:\/\/szigma.szigbp.hu\/wp-content\/uploads\/2016\/03\/3-174x131.jpg 174w, http:\/\/szigma.szigbp.hu\/wp-content\/uploads\/2016\/03\/3-70x53.jpg 70w, http:\/\/szigma.szigbp.hu\/wp-content\/uploads\/2016\/03\/3.jpg 511w\" sizes=\"(max-width: 300px) 100vw, 300px\" \/><\/p>\n<p>A N\u00e9prajzi M\u00fazeumot kis csoportokban n\u00e9zt\u00fck meg. A kedvenceim a bus\u00f3\u00e1larcok,a sz\u00e9kely kapuk \u00e9s a k\u00fcl\u00f6nb\u00f6z\u0151 kancs\u00f3k voltak. A ki\u00e1ll\u00edt\u00e1sok a magyar kult\u00far\u00e1t,n\u00e9pm\u0171v\u00e9szetet,a kis betlehemeket \u00e9s n\u00e9h\u00e1ny keleti kult\u00far\u00e1t mutattak be. 13<sup>00<\/sup>-kor tal\u00e1lkoztunk a ruhat\u00e1rn\u00e1l,ezut\u00e1n mindenki hazament.<\/p>\n<p>&nbsp;<\/p>\n<h1>Egy mindenki\u00e9rt, mindenki egy\u00e9rt! <sub>(8.b projekth\u00e9t, 4. nap)<\/sub><\/h1>\n<p>Az utols\u00f3 napra,febru\u00e1r 26-ra a nagyobbak k\u00e9sz\u00fcltek kisel\u0151ad\u00e1sokkal. Az oszt\u00e1lyunkb\u00f3l mindenki v\u00e1lasztott egyet 7<sup>30<\/sup>-ra \u00e9s egyet 8<sup>30<\/sup>-ra. \u00c9n a sajtk\u00e9sz\u00edt\u00e9sr\u0151l \u00e9s a kult\u00far\u00e1k tal\u00e1lkoz\u00e1s\u00e1r\u00f3l tanultam \u00fajat ebben a k\u00e9t \u00f3r\u00e1ban.<\/p>\n<p>&nbsp;<\/p>\n<p>10 -13 \u00f3r\u00e1ig k\u00e9t pszichol\u00f3gus,Anna \u00e9s Anita foglalkoztak a 8.b-vel. Csin\u00e1ltunk feladatokat egy\u00e9nileg,p\u00e1rosan \u00e9s kis csoportokban. A j\u00e1t\u00e9kok m\u00e9g jobban \u00f6sszekov\u00e1csoltak minket a legjobb bar\u00e1tainkkal \u00e9s a t\u00f6bbi oszt\u00e1lyt\u00e1rsunkkal egyar\u00e1nt. Ezt az \u00f6sszetart\u00e1st az a lila fonal jelk\u00e9pezi,ami aznap mindannyiunk kez\u00e9n ott volt,vagy ak\u00e1r m\u00e9g most is ott van.<img decoding=\"async\" loading=\"lazy\" class=\"alignnone size-medium wp-image-1000 alignright\" src=\"http:\/\/szigma.szigbp.hu\/wp-content\/uploads\/2016\/03\/5-300x179.jpg\" alt=\"5\" width=\"300\" height=\"179\" srcset=\"http:\/\/szigma.szigbp.hu\/wp-content\/uploads\/2016\/03\/5-300x179.jpg 300w, http:\/\/szigma.szigbp.hu\/wp-content\/uploads\/2016\/03\/5.jpg 519w\" sizes=\"(max-width: 300px) 100vw, 300px\" \/><\/p>\n<p>Nagyon j\u00f3l \u00e9rezt\u00fck magunkat ez alatt a n\u00e9gy nap alatt,\u00e9s azt hiszem,hogy mindenki nev\u00e9ben besz\u00e9lhetek. Sok \u00fajat tanultunk meg a vil\u00e1gr\u00f3l,az orsz\u00e1gunkr\u00f3l,a hagyom\u00e1nyainkr\u00f3l \u00e9s a legfontosabb: egym\u00e1sr\u00f3l.<\/p>\n<p>L. R\u00e9ka Petra<\/p>\n","protected":false},"excerpt":{"rendered":"<div class=\"mh-excerpt\"><p>Tatab\u00e1ny\u00e1t v\u00e1lasztottuk (8.b projekth\u00e9t,1. nap) 2016. febru\u00e1r 23-\u00e1n d\u00e9lel\u0151tt \u00e9rkezt\u00fcnk Tatab\u00e1ny\u00e1ra iskol\u00e1nk projekthet\u00e9nek keretein bel\u00fcl. Berci b\u00e1csi,a buszvezet\u0151nk k\u00f6zvetlen\u00fcl az Edutus F\u0151iskola mellet parkolt,lesz\u00e1ll\u00e1s ut\u00e1n <a class=\"mh-excerpt-more\" href=\"http:\/\/szigma.szigbp.hu\/?p=992\" title=\"Projekth\u00e9t\">[&#8230;]<\/a><\/p>\n<\/div>","protected":false},"author":25,"featured_media":996,"comment_status":"closed","ping_status":"closed","sticky":false,"template":"","format":"standard","meta":[],"categories":[3],"tags":[],"_links":{"self":[{"href":"http:\/\/szigma.szigbp.hu\/index.php?rest_route=\/wp\/v2\/posts\/992"}],"collection":[{"href":"http:\/\/szigma.szigbp.hu\/index.php?rest_route=\/wp\/v2\/posts"}],"about":[{"href":"http:\/\/szigma.szigbp.hu\/index.php?rest_route=\/wp\/v2\/types\/post"}],"author":[{"embeddable":true,"href":"http:\/\/szigma.szigbp.hu\/index.php?rest_route=\/wp\/v2\/users\/25"}],"replies":[{"embeddable":true,"href":"http:\/\/szigma.szigbp.hu\/index.php?rest_route=%2Fwp%2Fv2%2Fcomments&post=992"}],"version-history":[{"count":5,"href":"http:\/\/szigma.szigbp.hu\/index.php?rest_route=\/wp\/v2\/posts\/992\/revisions"}],"predecessor-version":[{"id":1002,"href":"http:\/\/szigma.szigbp.hu\/index.php?rest_route=\/wp\/v2\/posts\/992\/revisions\/1002"}],"wp:featuredmedia":[{"embeddable":true,"href":"http:\/\/szigma.szigbp.hu\/index.php?rest_route=\/wp\/v2\/media\/996"}],"wp:attachment":[{"href":"http:\/\/szigma.szigbp.hu\/index.php?rest_route=%2Fwp%2Fv2%2Fmedia&parent=992"}],"wp:term":[{"taxonomy":"category","embeddable":true,"href":"http:\/\/szigma.szigbp.hu\/index.php?rest_route=%2Fwp%2Fv2%2Fcategories&post=992"},{"taxonomy":"post_tag","embeddable":true,"href":"http:\/\/szigma.szigbp.hu\/index.php?rest_route=%2Fwp%2Fv2%2Ftags&post=992"}],"curies":[{"name":"wp","href":"https:\/\/api.w.org\/{rel}","templated":true}]}}